{"id":294926,"date":"2025-08-04T04:08:16","date_gmt":"2025-08-04T04:08:16","guid":{"rendered":"https:\/\/www.europesays.com\/fr\/294926\/"},"modified":"2025-08-04T04:08:16","modified_gmt":"2025-08-04T04:08:16","slug":"lemissaire-americain-steve-witkoff-en-russie-cette-semaine-avant-la-fin-de-lultimatum-sur-lukraine-rts-ch","status":"publish","type":"post","link":"https:\/\/www.europesays.com\/fr\/294926\/","title":{"rendered":"L&rsquo;\u00e9missaire am\u00e9ricain Steve Witkoff en Russie cette semaine avant la fin de l&rsquo;ultimatum sur l&rsquo;Ukraine &#8211; rts.ch"},"content":{"rendered":"<p>Donald Trump a confirm\u00e9 la visite de son envoy\u00e9 sp\u00e9cial Steve Witkoff en Russie en milieu de semaine, \u00e0 quelques jours de l&rsquo;expiration de l&rsquo;ultimatum pos\u00e9 par le pr\u00e9sident am\u00e9ricain \u00e0 son homologue russe Vladimir Poutine pour mettre fin \u00e0 la guerre en Ukraine.<\/p>\n<p>La visite de l&rsquo;\u00e9missaire aura lieu \u00ab\u00a0je pense la semaine prochaine, mercredi ou jeudi\u00a0\u00bb, a d\u00e9clar\u00e9 dimanche soir \u00e0 des journalistes le pr\u00e9sident am\u00e9ricain.<\/p>\n<p>Donald Trump a \u00e9galement d\u00e9clar\u00e9 que deux sous-marins nucl\u00e9aires, dont il avait ordonn\u00e9 le d\u00e9ploiement \u00e0 la suite d&rsquo;une dispute en ligne avec l&rsquo;ancien pr\u00e9sident russe Dmitri Medvedev, se trouvaient d\u00e9sormais \u00ab\u00a0dans la r\u00e9gion\u00a0\u00bb, sans pr\u00e9ciser laquelle.<\/p>\n<p>Il n&rsquo;a pas non plus pr\u00e9cis\u00e9 s&rsquo;il s&rsquo;agissait de sous-marins \u00e0 propulsion nucl\u00e9aire ou de sous-marins \u00e9quip\u00e9s d&rsquo;ogives nucl\u00e9aires.<\/p>\n<p><strong class=\"inline-title\">&gt;&gt; Lire \u00e0 ce sujet\u00a0: <\/strong><a href=\"https:\/\/www.rts.ch\/info\/monde\/2025\/article\/trump-envoie-des-sous-marins-en-reponse-a-des-propos-provocateurs-russes-28958202.html\" data-item-id=\"richtext_link\" target=\"_blank\" rel=\"noopener\">Trump envoie des sous-marins en r\u00e9ponse \u00e0 des propos \u00ab\u00a0provocateurs\u00a0\u00bb russes<\/a><\/p>\n<p>Ultimatum am\u00e9ricain<\/p>\n<p>Cette d\u00e9monstration de force intervient alors que Donald Trump a fix\u00e9 \u00e0 la fin de cette semaine la date limite \u00e0 laquelle la Russie devra prendre des mesures pour mettre fin \u00e0 la guerre en Ukraine, sous peine de nouvelles sanctions non pr\u00e9cis\u00e9es.<\/p>\n<p><strong class=\"inline-title\">&gt;&gt; Relire\u00a0: <\/strong><a href=\"https:\/\/www.rts.ch\/info\/monde\/2025\/article\/trump-donne-12-jours-a-poutine-pour-arreter-la-guerre-en-ukraine-28954661.html\" data-item-id=\"richtext_link\" target=\"_blank\" rel=\"noopener\">Donald Trump lance un nouvel ultimatum de \u00ab\u00a010 ou 12 jours\u00a0\u00bb \u00e0 Vladimir Poutine pour arr\u00eater la guerre en Ukraine<\/a><\/p>\n<p>Le pr\u00e9sident russe Vladimir Poutine a d\u00e9j\u00e0 rencontr\u00e9 Steve Witkoff \u00e0 plusieurs reprises \u00e0 Moscou, mais les efforts de Donald Trump pour r\u00e9tablir le dialogue avec le Kremlin n&rsquo;ont pas port\u00e9 de fruits.<\/p>\n<p>Droits de douane \u00ab\u00a0secondaires\u00a0\u00bb<\/p>\n<p>Le milliardaire r\u00e9publicain, qui avait entam\u00e9 son deuxi\u00e8me mandat en se targuant de pouvoir arr\u00eater la guerre en Ukraine en quelques jours, exprime d\u00e9sormais de plus en plus ouvertement sa frustration \u00e0 l&rsquo;\u00e9gard de Vladimir Poutine.<\/p>\n<p>Aux journalistes qui lui demandaient quel serait le message de l&rsquo;\u00e9missaire \u00e0 Moscou et s&rsquo;il y avait quelque chose que la Russie pouvait faire pour \u00e9viter les sanctions, Donald Trump a r\u00e9pondu: \u00ab\u00a0Oui, conclure un accord pour que les gens cessent d&rsquo;\u00eatre tu\u00e9s.\u00a0\u00bb<\/p>\n<p>Le pr\u00e9sident a menac\u00e9 d&rsquo;infliger des \u00ab\u00a0droits de douane secondaires\u00a0\u00bb aux pays qui continuent de faire commerce avec la Russie, tels que la Chine et l&rsquo;Inde.<\/p>\n<p class=\"sources\">ats\/iar<\/p>\n","protected":false},"excerpt":{"rendered":"Donald Trump a confirm\u00e9 la visite de son envoy\u00e9 sp\u00e9cial Steve Witkoff en Russie en milieu de semaine,&hellip;\n","protected":false},"author":2,"featured_media":294927,"comment_status":"","ping_status":"","sticky":false,"template":"","format":"standard","meta":{"footnotes":""},"categories":[1591],"tags":[11,21153,312,75,1887,418,131,43503,74,12,316,1325,2543,1885,1886,132,6989,135],"class_list":{"0":"post-294926","1":"post","2":"type-post","3":"status-publish","4":"format-standard","5":"has-post-thumbnail","7":"category-russie","8":"tag-actualites","9":"tag-chef-de-letat","10":"tag-diplomatie","11":"tag-donald-trump","12":"tag-federation-de-russie","13":"tag-gouvernement","14":"tag-guerre-en-ukraine","15":"tag-invasion-de-lukraine-par-la-russie-en-2022","16":"tag-monde","17":"tag-news","18":"tag-politique","19":"tag-president-des-etats-unis","20":"tag-relations-internationales","21":"tag-russia","22":"tag-russian-federation","23":"tag-russie","24":"tag-steve-witkoff","25":"tag-vladimir-poutine"},"share_on_mastodon":{"url":"https:\/\/pubeurope.com\/@fr\/114968533607844827","error":""},"_links":{"self":[{"href":"https:\/\/www.europesays.com\/fr\/wp-json\/wp\/v2\/posts\/294926","targetHints":{"allow":["GET"]}}],"collection":[{"href":"https:\/\/www.europesays.com\/fr\/wp-json\/wp\/v2\/posts"}],"about":[{"href":"https:\/\/www.europesays.com\/fr\/wp-json\/wp\/v2\/types\/post"}],"author":[{"embeddable":true,"href":"https:\/\/www.europesays.com\/fr\/wp-json\/wp\/v2\/users\/2"}],"replies":[{"embeddable":true,"href":"https:\/\/www.europesays.com\/fr\/wp-json\/wp\/v2\/comments?post=294926"}],"version-history":[{"count":0,"href":"https:\/\/www.europesays.com\/fr\/wp-json\/wp\/v2\/posts\/294926\/revisions"}],"wp:featuredmedia":[{"embeddable":true,"href":"https:\/\/www.europesays.com\/fr\/wp-json\/wp\/v2\/media\/294927"}],"wp:attachment":[{"href":"https:\/\/www.europesays.com\/fr\/wp-json\/wp\/v2\/media?parent=294926"}],"wp:term":[{"taxonomy":"category","embeddable":true,"href":"https:\/\/www.europesays.com\/fr\/wp-json\/wp\/v2\/categories?post=294926"},{"taxonomy":"post_tag","embeddable":true,"href":"https:\/\/www.europesays.com\/fr\/wp-json\/wp\/v2\/tags?post=294926"}],"curies":[{"name":"wp","href":"https:\/\/api.w.org\/{rel}","templated":true}]}}