{"id":29493,"date":"2025-04-16T15:39:11","date_gmt":"2025-04-16T15:39:11","guid":{"rendered":"https:\/\/www.europesays.com\/fr\/29493\/"},"modified":"2025-04-16T15:39:11","modified_gmt":"2025-04-16T15:39:11","slug":"18-films-a-decouvrir-aux-27e-rencontres-du-cinema-sud-americain-du-25-avril-au-2-mai","status":"publish","type":"post","link":"https:\/\/www.europesays.com\/fr\/29493\/","title":{"rendered":"18 films \u00e0 d\u00e9couvrir aux 27e Rencontres du cin\u00e9ma sud-am\u00e9ricain, du 25 avril au 2 mai"},"content":{"rendered":"<p>C\u2019est chaque ann\u00e9e son \u00e9v\u00e9nement majeur, qui f\u00e9d\u00e8re les cin\u00e9philes les plus curieux. Depuis sa cr\u00e9ation \u00e0 Marseille en\u00a01998, l\u2019Association Solidarit\u00e9 Provence\/Am\u00e9rique du Sud (ASPAS) milite, par le biais artistique, en faveur des droits de l\u2019Homme et de valeurs sociales. Un combat incarn\u00e9 par les Rencontres du cin\u00e9ma sud-am\u00e9ricain, dont la 27e \u00e9dition se tiendra du 25\u00a0avril au 2\u00a0mai dans la cit\u00e9 phoc\u00e9enne. Huit jours pendant lesquels seront diffus\u00e9s sept longs-m\u00e9trages, un documentaire et dix courts-m\u00e9trages au cin\u00e9ma Les Vari\u00e9t\u00e9s.<\/p>\n<p>Pour la plupart peu ou pas diffus\u00e9s en France depuis leur sortie, ces films sont la promesse d\u2019une ouverture sur\u00a0un cin\u00e9ma assez m\u00e9connu. La programmation regroupe ainsi onze pays, \u00e0 commencer par le Guatemala et le Mexique, qui sont au c\u0153ur de Mexico 86 (2024)\u00a0: plac\u00e9 en ouverture de l\u2019\u00e9v\u00e9nement, le long-m\u00e9trage sign\u00e9 C\u00e9sar D\u00edaz suit le parcours d\u2019une militante r\u00e9volutionnaire guat\u00e9malt\u00e8que exil\u00e9e \u00e0 Mexico, d\u2019o\u00f9 elle continue de lutter contre la dictature dans son pays. Un r\u00f4le complexe port\u00e9 par <a href=\"https:\/\/www.laprovence.com\/actu\/en-direct\/5883124\/breve-video-hazanavicius-et-bejo-pour-la-provence.html\" target=\"_blank\" rel=\"noopener\">B\u00e9r\u00e9nice Bejo<\/a>, dont la double nationalit\u00e9 franco-argentine fait \u00e9cho \u00e0 cet h\u00e9ritage de l\u2019Am\u00e9rique latine.<\/p>\n<p>L\u2019\u00e9l\u00e9vation sociale gr\u00e2ce au sport, notamment le football, l\u2019omnipr\u00e9sence de la violence, les in\u00e9galit\u00e9s sociales, les r\u00e9miniscences de l\u2019esclavage et m\u00eame de la colonisation, l\u2019oppression des minorit\u00e9s\u2026 Tous ces th\u00e8mes jalonnent les \u0153uvres programm\u00e9es au festival, dont l\u2019\u00e9quipe organisatrice promet \u00e9galement \u00ab\u00a0des moments de po\u00e9sie, de beaut\u00e9 et d\u2019hommage \u00e0 des modes de vie en harmonie avec l\u2019environnement\u00a0\u00bb. Dans cette veine, Soy M\u00facura (Colombie, 2024) de Nina Mar\u00edn, embarquera les spectateurs dans une ode \u00e0 la musique et \u00e0 la danse.<\/p>\n<p>Des cin\u00e9astes pr\u00e9sents pour \u00e9changer avec le public<\/p>\n<p>La r\u00e9alisatrice colombienne, accompagn\u00e9e de son actrice principale Ana Elvira Diaz Dangond, sera pr\u00e9sente pour \u00e9changer avec le public le jeudi 1er\u00a0mai, jour de la diffusion aux Vari\u00e9t\u00e9s. O\u00f9 d\u2019autres cin\u00e9astes vont se relayer tout au long de l\u2019\u00e9v\u00e9nement. Ce sera le cas d\u2019Anna Recalde Mirande, r\u00e9alisatrice du film De la Guerre Froide \u00e0 la Guerre Verte (Paraguay, 2024) diffus\u00e9 le 30\u00a0avril, et qui relate l\u2019assassinat de plus de 2\u00a0000 \u00e9cologistes depuis\u00a02012 en Am\u00e9rique latine.<\/p>\n<p>En parall\u00e8le, des d\u00e9bats sont programm\u00e9s chaque jour avec le public suite \u00e0 la diffusion des longs-m\u00e9trages qui seront en comp\u00e9tition pour trois prix\u00a0: celui du jury officiel du festival, celui du public et celui du jury jeune compos\u00e9 d\u2019\u00e9tudiants marseillais. Trois s\u00e9ances seront par ailleurs organis\u00e9es exclusivement pour les scolaires, une volont\u00e9 reconduite chaque ann\u00e9e par l\u2019ASPAS.<\/p>\n<p>\u00ab\u00a0Les Rencontres s\u2019engagent \u00e0 offrir des \u0153uvres qui ne se contentent pas de refl\u00e9ter la r\u00e9alit\u00e9, mais qui nous invitent \u00e0 la comprendre, \u00e0 la questionner et \u00e0 agir pour la transformer. En d\u00e9fense des droits humains, de l\u2019acc\u00e8s \u00e0 la culture, de la libert\u00e9 d\u2019informer et de la pr\u00e9servation de la fraternit\u00e9, nous voulons que ce festival soit un espace de dialogue, de r\u00e9sistance et d\u2019\u00e9change\u00a0\u00bb, pr\u00e9cise l\u2019association organisatrice.<\/p>\n<p>Apr\u00e8s la c\u00e9r\u00e9monie de remise des prix le 2\u00a0mai, suivie de la diffusion du documentaire Salidos de Salamanca (2023, Argentine) par Josefina Zaval\u00eda \u00c1balos, la s\u00e9lection \u00e9tablie pour ces 27e Rencontres du cin\u00e9ma sud-am\u00e9ricain va continuer \u00e0 vivre. D\u2019abord dans plusieurs cin\u00e9mas de PACA comme Les Lumi\u00e8res \u00e0 Vitrolles, l\u2019Institut de l\u2019image \u00e0 Aix-en-Provence ou encore Le Bourguet \u00e0 Forcalquier. Avant d\u2019\u00eatre diffus\u00e9e en Espagne, Argentine, Mexique et en Guyane dans les mois \u00e0 venir.<\/p>\n<p>Du 25 avril au 2 mai 2025 au cin\u00e9ma Les Vari\u00e9t\u00e9s, \u00e0 Marseille. Retrouvez toute la programmation sur cinesudaspas.org.<\/p>\n","protected":false},"excerpt":{"rendered":"C\u2019est chaque ann\u00e9e son \u00e9v\u00e9nement majeur, qui f\u00e9d\u00e8re les cin\u00e9philes les plus curieux. Depuis sa cr\u00e9ation \u00e0 Marseille&hellip;\n","protected":false},"author":2,"featured_media":29494,"comment_status":"","ping_status":"","sticky":false,"template":"","format":"standard","meta":{"footnotes":""},"categories":[2814],"tags":[17,10269,1111,11,1007,650,251,3979,1777,674,1346,1011,27,884,12,882,10270,25],"class_list":{"0":"post-29493","1":"post","2":"type-post","3":"status-publish","4":"format-standard","5":"has-post-thumbnail","7":"category-marseille","8":"tag-17","9":"tag-27e","10":"tag-actu","11":"tag-actualites","12":"tag-aux","13":"tag-cinema","14":"tag-culture","15":"tag-decouvrir","16":"tag-eu","17":"tag-europe","18":"tag-films","19":"tag-fr","20":"tag-france","21":"tag-marseille","22":"tag-news","23":"tag-provence-alpes-cote-dazur","24":"tag-rencontres","25":"tag-republique-francaise"},"share_on_mastodon":{"url":"https:\/\/pubeurope.com\/@fr\/114348396633838487","error":""},"_links":{"self":[{"href":"https:\/\/www.europesays.com\/fr\/wp-json\/wp\/v2\/posts\/29493","targetHints":{"allow":["GET"]}}],"collection":[{"href":"https:\/\/www.europesays.com\/fr\/wp-json\/wp\/v2\/posts"}],"about":[{"href":"https:\/\/www.europesays.com\/fr\/wp-json\/wp\/v2\/types\/post"}],"author":[{"embeddable":true,"href":"https:\/\/www.europesays.com\/fr\/wp-json\/wp\/v2\/users\/2"}],"replies":[{"embeddable":true,"href":"https:\/\/www.europesays.com\/fr\/wp-json\/wp\/v2\/comments?post=29493"}],"version-history":[{"count":0,"href":"https:\/\/www.europesays.com\/fr\/wp-json\/wp\/v2\/posts\/29493\/revisions"}],"wp:featuredmedia":[{"embeddable":true,"href":"https:\/\/www.europesays.com\/fr\/wp-json\/wp\/v2\/media\/29494"}],"wp:attachment":[{"href":"https:\/\/www.europesays.com\/fr\/wp-json\/wp\/v2\/media?parent=29493"}],"wp:term":[{"taxonomy":"category","embeddable":true,"href":"https:\/\/www.europesays.com\/fr\/wp-json\/wp\/v2\/categories?post=29493"},{"taxonomy":"post_tag","embeddable":true,"href":"https:\/\/www.europesays.com\/fr\/wp-json\/wp\/v2\/tags?post=29493"}],"curies":[{"name":"wp","href":"https:\/\/api.w.org\/{rel}","templated":true}]}}