{"id":294930,"date":"2025-08-04T04:10:10","date_gmt":"2025-08-04T04:10:10","guid":{"rendered":"https:\/\/www.europesays.com\/fr\/294930\/"},"modified":"2025-08-04T04:10:10","modified_gmt":"2025-08-04T04:10:10","slug":"les-democrates-du-texas-sexilent-hors-de-letat-pour-faire-echouer-un-vote-sur-un-redecoupage-electoral-favorable-aux-republicains","status":"publish","type":"post","link":"https:\/\/www.europesays.com\/fr\/294930\/","title":{"rendered":"les d\u00e9mocrates du Texas s\u2019exilent hors de l\u2019Etat pour faire \u00e9chouer un vote sur un red\u00e9coupage \u00e9lectoral favorable aux r\u00e9publicains"},"content":{"rendered":"<p>                          <img loading=\"lazy\" decoding=\"async\" src=\"https:\/\/www.europesays.com\/fr\/wp-content\/uploads\/2025\/08\/d684ad3_ftp-import-images-1-duk00dc7rtd9-2025-08-01t205329z-978320798-rc2kyfazwnix-rtrmadp-3-usa-ele.jpeg\" alt=\"Jasmine Crockett, \u00e9lue d\u00e9mocrate texane de la Chambre des repr\u00e9sentants des Etats-Unis, s\u2019exprime lors d\u2019une audience sur le red\u00e9coupage \u00e9lectoral souhait\u00e9 par les r\u00e9publicains au Texas, au Capitole de l\u2019Etat \u00e0 Austin, le 1\u1d49\u02b3\u00a0ao\u00fbt\u00a02025.\"   width=\"664\" height=\"443\"\/>    Jasmine Crockett, \u00e9lue d\u00e9mocrate texane de la Chambre des repr\u00e9sentants des Etats-Unis, s\u2019exprime lors d\u2019une audience sur le red\u00e9coupage \u00e9lectoral souhait\u00e9 par les r\u00e9publicains au Texas, au Capitole de l\u2019Etat \u00e0 Austin, le 1\u1d49\u02b3\u00a0ao\u00fbt\u00a02025.  NURI VALLBONA\/REUTERS                   <\/p>\n<p class=\"article__paragraph  \">Des dizaines d\u2019\u00e9lus d\u00e9mocrates de la Chambre des repr\u00e9sentants du Texas ont quitt\u00e9 les fronti\u00e8res de cet Etat du sud des Etats-Unis, dimanche 3\u00a0ao\u00fbt, dans une man\u0153uvre de la derni\u00e8re chance pour bloquer un red\u00e9coupage \u00e9lectoral demand\u00e9 par le pr\u00e9sident am\u00e9ricain, Donald Trump.<\/p>\n<p class=\"article__paragraph  \">Ce coup de poker a eu lieu avant que l\u2019assembl\u00e9e ne vote, lundi, sur cette nouvelle configuration qui, si elle \u00e9tait adopt\u00e9e, pourrait faciliter l\u2019obtention de cinq si\u00e8ges suppl\u00e9mentaires aux r\u00e9publicains \u00e0 la Chambre des repr\u00e9sentants des Etats-Unis lors des \u00e9lections de mi-mandat de 2026, et leur donner ainsi une meilleure chance d\u2019y pr\u00e9server leur \u00e9troite majorit\u00e9.<\/p>\n<p class=\"article__paragraph  \">Le projet soumis au vote d\u00e9coupe les centres urbains \u00e0 tendance d\u00e9mocrate, o\u00f9 vivent la plupart des quelque 30\u00a0millions d\u2019habitants du Texas. Cette pratique visant \u00e0 redessiner les circonscriptions \u00e9lectorales est connue, aux Etats-Unis, sous le nom de \u00ab\u00a0gerrymandering\u00a0\u00bb. Actuellement, les r\u00e9publicains d\u00e9tiennent vingt-cinq des trente-huit si\u00e8ges de l\u2019Etat.<\/p>\n<p>                                Lire l\u2019explication (2024) |  <a href=\"https:\/\/www.lemonde.fr\/les-decodeurs\/article\/2024\/10\/22\/elections-americaines-2024-comment-le-gerrymandering-un-decoupage-electoral-partisan-modifie-le-resultat-d-une-election_6357909_4355770.html\" class=\"js-article-read-also catcher--favoris__link\" data-premium=\"\" id=\"article-title-3388489\" rel=\"nofollow noopener\" target=\"_blank\">Pr\u00e9sidentielle am\u00e9ricaine\u00a0: comment le \u00ab\u00a0gerrymandering\u00a0\u00bb, un d\u00e9coupage \u00e9lectoral partisan, modifie le r\u00e9sultat d\u2019une \u00e9lection<\/a>    <\/p>\n<p>   Lire plus tard  <\/p>\n<p class=\"article__paragraph  \">\u00ab\u00a0Ce n\u2019est pas une d\u00e9cision que nous prenons \u00e0 la l\u00e9g\u00e8re, mais c\u2019est une d\u00e9cision que nous prenons avec une clart\u00e9 morale absolue\u00a0\u00bb, a d\u00e9clar\u00e9 Gene Wu, pr\u00e9sident du groupe parlementaire d\u00e9mocrate, dans un communiqu\u00e9. \u00ab\u00a0Nous ne renon\u00e7ons pas \u00e0 nos responsabilit\u00e9s\u00a0; nous abandonnons un syst\u00e8me truqu\u00e9 qui refuse d\u2019\u00e9couter les citoyens que nous repr\u00e9sentons\u00a0\u00bb, ajoute-t-il.<\/p>\n<p class=\"article__paragraph  \">Les l\u00e9gislateurs du Texas ne peuvent adopter de projets de loi \u00e0 la Chambre des repr\u00e9sentants, qui compte 150 membres, sans la pr\u00e9sence d\u2019au moins deux tiers d\u2019entre eux, soit cent\u00a0\u00e9lus. Les d\u00e9mocrates d\u00e9tiennent soixante-deux si\u00e8ges dans cette chambre \u00e0 majorit\u00e9 r\u00e9publicaine, et au moins cinquante et un d\u2019entre eux devaient quitter l\u2019Etat, a d\u00e9clar\u00e9 Josh Rush Nisenson, porte-parole du groupe parlementaire d\u00e9mocrate.<\/p>\n<p>             Une strat\u00e9gie \u00e0 l\u2019issue tr\u00e8s incertaine             <\/p>\n<p class=\"article__paragraph  \">Le pr\u00e9sident r\u00e9publicain de la Chambre des repr\u00e9sentants, Dustin Burrows, a d\u00e9clar\u00e9 que cette assembl\u00e9e se r\u00e9unirait comme pr\u00e9vu lundi apr\u00e8s-midi. \u00ab\u00a0Si le quorum n\u2019est pas pr\u00e9sent, alors, pour reprendre les r\u00e9cents arguments de certains de mes coll\u00e8gues d\u00e9mocrates, toutes les options seront sur la table\u2026\u00a0\u00bb, a-t-il \u00e9crit sur X.<\/p>\n<p class=\"article__paragraph  \">L\u2019issue de cette strat\u00e9gie est tr\u00e8s incertaine et les tentatives pass\u00e9es ne plaident pas en faveur d\u2019un r\u00e9sultat favorable. En\u00a02021, les d\u00e9mocrates de la Chambre avaient d\u00e9j\u00e0 quitt\u00e9 le Texas pendant trente-huit jours pour protester contre des restrictions du droit de vote, qui ont finalement \u00e9t\u00e9 adopt\u00e9es une fois le blocage lev\u00e9, lors d\u2019une session extraordinaire. Les d\u00e9mocrates de l\u2019Etat avaient utilis\u00e9 la m\u00eame tactique en\u00a02003, lorsque des membres de la Chambre s\u2019\u00e9taient rendus en Oklahoma et des s\u00e9nateurs au Nouveau-Mexique, mais ils n\u2019avaient pas r\u00e9ussi \u00e0 contrecarrer un plan r\u00e9publicain de red\u00e9coupage \u00e9lectoral.<\/p>\n<p> Le Monde M\u00e9morable  <\/p>\n<p> <a href=\"https:\/\/www.lemonde.fr\/memorable\/?rfextension=inread\" class=\"inread__link js-services-inread-link\" target=\"_blank\" rel=\"nofollow noopener\">  <\/p>\n<p>Testez votre culture g\u00e9n\u00e9rale avec la r\u00e9daction du \u00ab Monde \u00bb<\/p>\n<p>Testez votre culture g\u00e9n\u00e9rale avec la r\u00e9daction du \u00ab Monde \u00bb<\/p>\n<p>D\u00e9couvrir<\/p>\n<p> <\/a>         <\/p>\n<p class=\"article__paragraph  \">Le procureur g\u00e9n\u00e9ral r\u00e9publicain, Ken Paxton, candidat au S\u00e9nat des Etats-Unis, a d\u00e9clar\u00e9 sur X que les d\u00e9mocrates qui \u00ab\u00a0tentent de s\u2019enfuir comme des l\u00e2ches devraient \u00eatre retrouv\u00e9s, arr\u00eat\u00e9s et ramen\u00e9s au Capitole imm\u00e9diatement\u00a0\u00bb.<\/p>\n<p>                                Lire aussi |  Article r\u00e9serv\u00e9 \u00e0 nos abonn\u00e9s  <a href=\"https:\/\/www.lemonde.fr\/international\/article\/2025\/07\/12\/le-parti-de-l-amerique-d-elon-musk-peut-il-mettre-fin-au-bipartisme-americain_6620852_3210.html\" class=\"js-article-read-also catcher--favoris__link\" data-premium=\"1\" id=\"article-title-3431146\" rel=\"nofollow noopener\" target=\"_blank\">Le Parti de l\u2019Am\u00e9rique d\u2019Elon Musk peut-il mettre fin au bipartisme am\u00e9ricain\u00a0?<\/a>    <\/p>\n<p>   Lire plus tard  <\/p>\n<p class=\"article__paragraph  \">Le refus des \u00e9lus texans de se pr\u00e9senter \u00e0 une assembl\u00e9e constitue une violation civile des r\u00e8gles l\u00e9gislatives. La Cour supr\u00eame du Texas a statu\u00e9 en\u00a02021 que les dirigeants de la Chambre avaient le pouvoir de \u00ab\u00a0contraindre physiquement \u00e0 se pr\u00e9senter\u00a0\u00bb les\u00a0d\u00e9put\u00e9s absents, mais aucun d\u00e9mocrate n\u2019avait \u00e9t\u00e9 ramen\u00e9 de force dans l\u2019Etat apr\u00e8s la d\u00e9livrance des mandats d\u2019arr\u00eat cette ann\u00e9e-l\u00e0. Deux ans plus tard, les r\u00e9publicains ont fait adopter de nouvelles r\u00e8gles autorisant des amendes quotidiennes de 500\u00a0dollars (430\u00a0euros environ) pour les \u00e9lus qui ne se\u00a0pr\u00e9sentent pas \u00e0 leur travail, \u00e0 titre de sanction.<\/p>\n<p>             Pour Trump, \u00e9viter la m\u00e9saventure de 2018             <\/p>\n<p class=\"article__paragraph  \">De nombreux d\u00e9mocrates texans se sont rendus dans l\u2019Illinois, au nord du pays, o\u00f9 ils ont \u00e9t\u00e9 accueillis par le gouverneur J. B.\u00a0Pritzker, candidat potentiel \u00e0 la pr\u00e9sidentielle de 2028, qui leur a apport\u00e9 son soutien. Ce fervent opposant \u00e0 Donald Trump avait d\u00e9j\u00e0 re\u00e7u plusieurs d\u00e9mocrates du Texas la semaine derni\u00e8re pour s\u2019opposer publiquement \u00e0 cette tentative de red\u00e9coupage, et le gouverneur de Californie, Gavin Newsom, a organis\u00e9 un \u00e9v\u00e9nement similaire dans son propre Etat.<\/p>\n<p>                                Lire aussi |  Article r\u00e9serv\u00e9 \u00e0 nos abonn\u00e9s  <a href=\"https:\/\/www.lemonde.fr\/international\/article\/2025\/07\/29\/entre-le-texas-et-la-californie-la-guerre-du-redecoupage-electoral-a-commence_6624981_3210.html\" class=\"js-article-read-also catcher--favoris__link\" data-premium=\"1\" id=\"article-title-3432959\" rel=\"nofollow noopener\" target=\"_blank\">Entre le Texas et la Californie, la guerre du \u00ab\u00a0gerrymandering\u00a0\u00bb, le red\u00e9coupage \u00e9lectoral, a commenc\u00e9<\/a>    <\/p>\n<p>   Lire plus tard  <\/p>\n<p class=\"article__paragraph  \">Avec ce projet de red\u00e9coupage \u00e9lectoral du Texas, Donald Trump cherche \u00e0 \u00e9viter la m\u00e9saventure survenue lors de son premier mandat (2017-2021) lorsque les d\u00e9mocrates avaient renvers\u00e9 la Chambre des repr\u00e9sentants lors des \u00ab\u00a0midterms\u00a0\u00bb de novembre\u00a02018, deux ans seulement apr\u00e8s l\u2019\u00e9lection du r\u00e9publicain.<\/p>\n<p class=\"article__paragraph  \">En r\u00e9action \u00e0 cette tentative, des gouverneurs d\u00e9mocrates ont aussi \u00e9voqu\u00e9 la possibilit\u00e9 de redessiner la carte \u00e9lectorale de leur propre Etat en repr\u00e9sailles, mais leurs options sont plus limit\u00e9es.<\/p>\n<p class=\"author__detail\">  Le Monde avec AP  <\/p>\n<p>                  <a href=\"https:\/\/www.lemonde.fr\/syndication\/\" class=\"reuse__content\" title=\"R\u00e9utiliser ce contenu\" target=\"_blank\" rel=\"nofollow noopener\">R\u00e9utiliser ce contenu<\/a>      <\/p>\n","protected":false},"excerpt":{"rendered":"Jasmine Crockett, \u00e9lue d\u00e9mocrate texane de la Chambre des repr\u00e9sentants des Etats-Unis, s\u2019exprime lors d\u2019une audience sur le&hellip;\n","protected":false},"author":2,"featured_media":294931,"comment_status":"","ping_status":"","sticky":false,"template":"","format":"standard","meta":{"footnotes":""},"categories":[1589],"tags":[11,73,1866,12,1864,1865,1863,308],"class_list":{"0":"post-294930","1":"post","2":"type-post","3":"status-publish","4":"format-standard","5":"has-post-thumbnail","7":"category-etats-unis","8":"tag-actualites","9":"tag-etats-unis","10":"tag-etats-unis-damerique","11":"tag-news","12":"tag-united-states","13":"tag-united-states-of-america","14":"tag-us","15":"tag-usa"},"share_on_mastodon":{"url":"https:\/\/pubeurope.com\/@fr\/114968541665258923","error":""},"_links":{"self":[{"href":"https:\/\/www.europesays.com\/fr\/wp-json\/wp\/v2\/posts\/294930","targetHints":{"allow":["GET"]}}],"collection":[{"href":"https:\/\/www.europesays.com\/fr\/wp-json\/wp\/v2\/posts"}],"about":[{"href":"https:\/\/www.europesays.com\/fr\/wp-json\/wp\/v2\/types\/post"}],"author":[{"embeddable":true,"href":"https:\/\/www.europesays.com\/fr\/wp-json\/wp\/v2\/users\/2"}],"replies":[{"embeddable":true,"href":"https:\/\/www.europesays.com\/fr\/wp-json\/wp\/v2\/comments?post=294930"}],"version-history":[{"count":0,"href":"https:\/\/www.europesays.com\/fr\/wp-json\/wp\/v2\/posts\/294930\/revisions"}],"wp:featuredmedia":[{"embeddable":true,"href":"https:\/\/www.europesays.com\/fr\/wp-json\/wp\/v2\/media\/294931"}],"wp:attachment":[{"href":"https:\/\/www.europesays.com\/fr\/wp-json\/wp\/v2\/media?parent=294930"}],"wp:term":[{"taxonomy":"category","embeddable":true,"href":"https:\/\/www.europesays.com\/fr\/wp-json\/wp\/v2\/categories?post=294930"},{"taxonomy":"post_tag","embeddable":true,"href":"https:\/\/www.europesays.com\/fr\/wp-json\/wp\/v2\/tags?post=294930"}],"curies":[{"name":"wp","href":"https:\/\/api.w.org\/{rel}","templated":true}]}}