{"id":294932,"date":"2025-08-04T04:11:11","date_gmt":"2025-08-04T04:11:11","guid":{"rendered":"https:\/\/www.europesays.com\/fr\/294932\/"},"modified":"2025-08-04T04:11:11","modified_gmt":"2025-08-04T04:11:11","slug":"royaume-uni-le-bras-droit-de-keir-starmer-prone-la-fermete-contre-limmigration-tandis-que-son-pere-encaisse-6-millions-pour-loger-des-demandeurs-dasile","status":"publish","type":"post","link":"https:\/\/www.europesays.com\/fr\/294932\/","title":{"rendered":"Royaume-Uni. Le bras droit de Keir Starmer pr\u00f4ne la fermet\u00e9 contre l\u2019immigration\u2026 tandis que son p\u00e8re encaisse 6 millions pour loger des demandeurs d\u2019asile"},"content":{"rendered":"<p style=\"text-align: justify;\">Au Royaume-Uni, la promesse de fermet\u00e9 du Premier ministre <a href=\"https:\/\/www.breizh-info.com\/2025\/06\/19\/248264\/royaume-uni-sous-la-pression-populaire-keir-starmer-contraint-a-un-virage-une-enquete-nationale-sur-les-grooming-gangs-enfin-lancee\/\" target=\"_blank\" rel=\"noopener\">Keir Starmer<\/a> sur la question migratoire semble d\u00e9j\u00e0 compromise. Pire : elle vire \u00e0 la farce politique, voire au conflit d\u2019int\u00e9r\u00eats familial. Alors que Morgan McSweeney, bras droit de Starmer \u00e0 Downing Street, plaidait pour \u00ab\u00a0\u00e9craser les r\u00e9seaux de passeurs\u00a0\u00bb et \u00ab\u00a0reprendre le contr\u00f4le des fronti\u00e8res\u00a0\u00bb, <a href=\"https:\/\/www.dailymail.co.uk\/news\/article-14965707\/Keir-Starmer-aide-smuggling-gangs-asylum-seekers.html\" target=\"_blank\" rel=\"noopener\">la presse britannique r\u00e9v\u00e8le que\u00a0<strong>son propre p\u00e8re a touch\u00e9 six millions de livres<\/strong><\/a>\u00a0pour h\u00e9berger des migrants\u2026 en Irlande.<\/p>\n<p style=\"text-align: justify;\">Une r\u00e9v\u00e9lation qui jette une lumi\u00e8re crue sur l\u2019hypocrisie du syst\u00e8me et sur l\u2019enrichissement discret de ceux qui pr\u00e9tendent vouloir le r\u00e9former.<\/p>\n<p>Une le\u00e7on de fermet\u00e9\u2026 au nom du cynisme<\/p>\n<p style=\"text-align: justify;\">Morgan McSweeney, architecte de la victoire \u00e9lectorale du Labour, avait \u00e9crit noir sur blanc \u00e0 Keir Starmer d\u00e8s 2023 que \u00ab\u00a0l\u2019\u00e9chec \u00e0 contr\u00f4ler l\u2019immigration pourrait ouvrir un boulevard \u00e0 Nigel Farage et au parti Reform UK\u00a0\u00bb. Il recommandait de frapper vite et fort contre les passeurs et les travers\u00e9es de la Manche. Ces propos, d\u00e9sormais r\u00e9p\u00e9t\u00e9s \u00e0 l\u2019envi par le Premier ministre, apparaissent aujourd\u2019hui bien creux.<\/p>\n<p style=\"text-align: justify;\">Car pendant que McSweeney junior organisait la communication du Labour autour d\u2019une pr\u00e9tendue \u00ab\u00a0reprise en main\u00a0\u00bb, McSweeney senior, comptable de 73 ans bas\u00e9 \u00e0 Macroom (Irlande), mettait sur pied\u00a0<strong>une soci\u00e9t\u00e9 sp\u00e9cialis\u00e9e dans l\u2019h\u00e9bergement de migrants<\/strong>, avec sa propre \u00e9pouse comme co-directrice.<\/p>\n<p>Un jackpot venu de Dublin<\/p>\n<p style=\"text-align: justify;\">La soci\u00e9t\u00e9 en question,\u00a0<strong>Togail Veilbhit Glas Teoranta<\/strong>, a \u00e9t\u00e9 fond\u00e9e en f\u00e9vrier 2023 et enregistr\u00e9e \u00e0 la m\u00eame adresse que le cabinet comptable familial. En un temps record, elle a touch\u00e9\u00a0<strong>6 millions de livres sterling (environ 7 millions d\u2019euros)<\/strong>\u00a0vers\u00e9s par l\u2019\u00c9tat irlandais, dans le cadre de l\u2019explosion des d\u00e9penses publiques li\u00e9es \u00e0 l\u2019accueil des migrants (900 millions d\u2019euros en 2024, en hausse de 54 %).<\/p>\n<p style=\"text-align: justify;\">La structure juridique de l\u2019entreprise est volontairement opaque, dissimul\u00e9e derri\u00e8re une s\u00e9rie de coquilles irlandaises et chypriotes. Quant \u00e0 Tim McSweeney, il a r\u00e9pondu laconiquement \u00e0 la presse : \u00ab C\u2019est juste un boulot. Je ne suis pas un homme riche. \u00bb<\/p>\n<p style=\"text-align: justify;\">Mais la pilule passe mal dans une Irlande en pleine crise du logement, o\u00f9 les protestations contre l\u2019immigration de masse se multiplient. En mai dernier,\u00a0<strong>plus de 3 000 personnes d\u00e9filaient \u00e0 Dublin<\/strong>\u00a0pour dire \u00ab\u00a0Stop\u00a0\u00bb \u00e0 un syst\u00e8me jug\u00e9 injuste pour les nationaux.<\/p>\n<p>Quand la famille McSweeney prosp\u00e8re sur la crise migratoire<\/p>\n<p style=\"text-align: justify;\">Morgan McSweeney, lui, reste dans l\u2019ombre du pouvoir, tout en gardant la haute main sur les orientations politiques de son parti. Ancien dirigeant du think-tank centriste Labour Together, artisan de l\u2019\u00e9viction des proches de Corbyn, il est d\u00e9sormais\u00a0<strong>chef de cabinet \u00e0 Downing Street<\/strong>, avec un salaire annuel d\u00e9passant les 150 000 livres. Sa femme, Imogen Walker, est d\u00e9put\u00e9e travailliste.<\/p>\n<p style=\"text-align: justify;\">Cerise sur le g\u00e2teau : la cousine de McSweeney, Clare Mungovan, n\u2019est autre que\u00a0<strong>la conseill\u00e8re sp\u00e9ciale du vice-Premier ministre irlandais<\/strong>. Le cercle est boucl\u00e9.<\/p>\n<p>Le \u00ab\u00a0business de l\u2019asile\u00a0\u00bb, ou la privatisation de la mis\u00e8re<\/p>\n<p style=\"text-align: justify;\">Ce scandale familial vient rappeler que\u00a0<strong>la crise migratoire n\u2019est pas seulement une question de fronti\u00e8res, mais aussi de rente<\/strong>. Des soci\u00e9t\u00e9s priv\u00e9es, des h\u00f4teliers, des promoteurs et d\u00e9sormais des proches de hauts responsables politiques,\u00a0<strong>profitent \u00e0 plein d\u2019un syst\u00e8me financ\u00e9 par les contribuables<\/strong>, souvent au d\u00e9triment des citoyens ordinaires.<\/p>\n<p style=\"text-align: justify;\">Pendant ce temps, plus de\u00a0<strong>25 000 migrants ont d\u00e9j\u00e0 travers\u00e9 la Manche en 2025<\/strong>, un record atteint plus t\u00f4t que jamais. Et les promesses de Keir Starmer de \u00ab\u00a0casser les fili\u00e8res\u00a0\u00bb s\u2019\u00e9vaporent \u00e0 mesure que\u00a0<strong>ses proches en r\u00e9coltent les dividendes<\/strong>.<\/p>\n<p style=\"text-align: justify;\">Cr\u00e9dit photo : DR (photo d\u2019illustration)<br \/>[cc] Breizh-info.com, 2025, d\u00e9p\u00eaches libres de copie et de diffusion sous r\u00e9serve de mention et de lien vers la source d\u2019origine<\/p>\n","protected":false},"excerpt":{"rendered":"Au Royaume-Uni, la promesse de fermet\u00e9 du Premier ministre Keir Starmer sur la question migratoire semble d\u00e9j\u00e0 compromise.&hellip;\n","protected":false},"author":2,"featured_media":294933,"comment_status":"","ping_status":"","sticky":false,"template":"","format":"standard","meta":{"footnotes":""},"categories":[1588],"tags":[11,1777,674,2581,43504,12,473,1853,1851,1850,1852],"class_list":{"0":"post-294932","1":"post","2":"type-post","3":"status-publish","4":"format-standard","5":"has-post-thumbnail","7":"category-royaume-uni","8":"tag-actualites","9":"tag-eu","10":"tag-europe","11":"tag-keir-starmer","12":"tag-morgan-mcsweeney","13":"tag-news","14":"tag-royaume-uni","15":"tag-royaume-uni-de-grande-bretagne-et-dirlande-du-nord","16":"tag-uk","17":"tag-united-kingdom","18":"tag-united-kingdom-of-great-britain-and-northern-ireland"},"share_on_mastodon":{"url":"https:\/\/pubeurope.com\/@fr\/114968545712400367","error":""},"_links":{"self":[{"href":"https:\/\/www.europesays.com\/fr\/wp-json\/wp\/v2\/posts\/294932","targetHints":{"allow":["GET"]}}],"collection":[{"href":"https:\/\/www.europesays.com\/fr\/wp-json\/wp\/v2\/posts"}],"about":[{"href":"https:\/\/www.europesays.com\/fr\/wp-json\/wp\/v2\/types\/post"}],"author":[{"embeddable":true,"href":"https:\/\/www.europesays.com\/fr\/wp-json\/wp\/v2\/users\/2"}],"replies":[{"embeddable":true,"href":"https:\/\/www.europesays.com\/fr\/wp-json\/wp\/v2\/comments?post=294932"}],"version-history":[{"count":0,"href":"https:\/\/www.europesays.com\/fr\/wp-json\/wp\/v2\/posts\/294932\/revisions"}],"wp:featuredmedia":[{"embeddable":true,"href":"https:\/\/www.europesays.com\/fr\/wp-json\/wp\/v2\/media\/294933"}],"wp:attachment":[{"href":"https:\/\/www.europesays.com\/fr\/wp-json\/wp\/v2\/media?parent=294932"}],"wp:term":[{"taxonomy":"category","embeddable":true,"href":"https:\/\/www.europesays.com\/fr\/wp-json\/wp\/v2\/categories?post=294932"},{"taxonomy":"post_tag","embeddable":true,"href":"https:\/\/www.europesays.com\/fr\/wp-json\/wp\/v2\/tags?post=294932"}],"curies":[{"name":"wp","href":"https:\/\/api.w.org\/{rel}","templated":true}]}}