{"id":294934,"date":"2025-08-04T04:12:12","date_gmt":"2025-08-04T04:12:12","guid":{"rendered":"https:\/\/www.europesays.com\/fr\/294934\/"},"modified":"2025-08-04T04:12:12","modified_gmt":"2025-08-04T04:12:12","slug":"la-pologne-prolonge-les-controles-a-ses-frontieres-avec-lallemagne-et-la-lituanie","status":"publish","type":"post","link":"https:\/\/www.europesays.com\/fr\/294934\/","title":{"rendered":"La Pologne prolonge les contr\u00f4les \u00e0 ses fronti\u00e8res avec l\u2019Allemagne et la Lituanie"},"content":{"rendered":"<p>Varsovie continue de durcir sa lutte contre la migration irr\u00e9guli\u00e8re. La <a href=\"https:\/\/www.20minutes.fr\/dossier\/pologne\" target=\"_blank\" class=\"color-ultramarine c-link\" rel=\"noopener\">Pologne<\/a> a prolong\u00e9 les contr\u00f4les temporaires \u00e0 ses fronti\u00e8res avec deux autres pays de l\u2019Union europ\u00e9enne\u00a0: l\u2019<a href=\"https:\/\/www.20minutes.fr\/dossier\/allemagne\" target=\"_blank\" class=\"color-ultramarine c-link\" rel=\"noopener\">Allemagne<\/a> et la <a href=\"https:\/\/www.20minutes.fr\/dossier\/lituanie\" target=\"_blank\" class=\"color-ultramarine c-link\" rel=\"noopener\">Lituanie<\/a>, a annonc\u00e9 dimanche le ministre polonais de l\u2019Int\u00e9rieur Marcin Kierwinski.<\/p>\n<p>\u00ab\u00a0Le r\u00e8glement appropri\u00e9 a \u00e9t\u00e9 adopt\u00e9 et envoy\u00e9 \u00e0 la Commission europ\u00e9enne pour notification vendredi\u00a0\u00bb, a d\u00e9clar\u00e9 Marcin Kierwinski lors d\u2019une r\u00e9union avec les gouverneurs r\u00e9gionaux. Il a pr\u00e9cis\u00e9 que les contr\u00f4les, r\u00e9introduits le mois dernier apr\u00e8s que l\u2019Allemagne a pris des mesures similaires pour arr\u00eater les <a href=\"https:\/\/www.20minutes.fr\/dossier\/immigration_clandestine\" target=\"_blank\" class=\"color-ultramarine c-link\" rel=\"noopener\">migrants en situation irr\u00e9guli\u00e8re<\/a>, seraient prolong\u00e9s jusqu\u2019au 4\u00a0octobre.<\/p>\n<p>Une fronti\u00e8re avec la Russie et la Bi\u00e9lorussie<\/p>\n<p>Le ministre a indiqu\u00e9 que le renforcement des contr\u00f4les et des barri\u00e8res \u00e0 la fronti\u00e8re polonaise avec la <a href=\"https:\/\/www.20minutes.fr\/monde\/russie\/\" target=\"_blank\" class=\"color-ultramarine c-link\" rel=\"noopener\">Russie<\/a> et la <a href=\"https:\/\/www.20minutes.fr\/monde\/bielorussie\/\" target=\"_blank\" class=\"color-ultramarine c-link\" rel=\"noopener\">Bi\u00e9lorussie<\/a> avait permis de mettre un terme aux franchissements clandestins. Il a estim\u00e9 qu\u2019il \u00e9tait d\u00e9sormais \u00ab\u00a0fondamental\u00a0\u00bb de verrouiller la route migratoire qui s\u2019est form\u00e9e \u00e0 travers la Lettonie, la Lituanie puis la Pologne jusqu\u2019en Allemagne.<\/p>\n<\/p>\n<p>Plus de 493.000 personnes franchissant les fronti\u00e8res s\u00e9parant la Pologne de l\u2019Allemagne et de la Lituanie ont \u00e9t\u00e9 contr\u00f4l\u00e9es par les gardes-fronti\u00e8res polonais entre le 7\u00a0juillet et le 2\u00a0ao\u00fbt, a d\u00e9clar\u00e9 leur chef, Robert Bagan, au cours de la r\u00e9union. Les autorit\u00e9s polonaises affirment que des centaines de personnes, principalement originaires du Moyen-Orient, traversent chaque mois les \u00c9tats baltes depuis la Bi\u00e9lorussie.<\/p>\n<p><a href=\"https:\/\/www.20minutes.fr\/dossier\/ue\" target=\"_blank\" class=\"c-link c-btn c-btn--primary\" rel=\"noopener\">Nos articles sur l&rsquo;Union europ\u00e9enne<\/a><\/p>\n<p>Les pays europ\u00e9ens faisant partie de l\u2019espace Schengen peuvent instaurer des contr\u00f4les aux fronti\u00e8res s\u2019ils estiment qu\u2019il existe une menace pour l\u2019ordre public ou la s\u00e9curit\u00e9 int\u00e9rieure.<\/p>\n","protected":false},"excerpt":{"rendered":"Varsovie continue de durcir sa lutte contre la migration irr\u00e9guli\u00e8re. La Pologne a prolong\u00e9 les contr\u00f4les temporaires \u00e0&hellip;\n","protected":false},"author":2,"featured_media":294935,"comment_status":"","ping_status":"","sticky":false,"template":"","format":"standard","meta":{"footnotes":""},"categories":[1587],"tags":[47,11,672,17059,1804,1805,1803,5124,1777,674,6430,1801,1061,6734,2050,74,12,2437,1802,555,133],"class_list":{"0":"post-294934","1":"post","2":"type-post","3":"status-publish","4":"format-standard","5":"has-post-thumbnail","7":"category-allemagne","8":"tag-actualite","9":"tag-actualites","10":"tag-allemagne","11":"tag-bielorussie","12":"tag-bundesrepublik-deutschland","13":"tag-de","14":"tag-deutschland","15":"tag-espace-schengen","16":"tag-eu","17":"tag-europe","18":"tag-frontieres","19":"tag-germany","20":"tag-immigration","21":"tag-immigration-clandestine","22":"tag-lituanie","23":"tag-monde","24":"tag-news","25":"tag-pologne","26":"tag-republique-federale-dallemagne","27":"tag-union-europeenne-ue","28":"tag-video"},"share_on_mastodon":{"url":"https:\/\/pubeurope.com\/@fr\/114968549333210141","error":""},"_links":{"self":[{"href":"https:\/\/www.europesays.com\/fr\/wp-json\/wp\/v2\/posts\/294934","targetHints":{"allow":["GET"]}}],"collection":[{"href":"https:\/\/www.europesays.com\/fr\/wp-json\/wp\/v2\/posts"}],"about":[{"href":"https:\/\/www.europesays.com\/fr\/wp-json\/wp\/v2\/types\/post"}],"author":[{"embeddable":true,"href":"https:\/\/www.europesays.com\/fr\/wp-json\/wp\/v2\/users\/2"}],"replies":[{"embeddable":true,"href":"https:\/\/www.europesays.com\/fr\/wp-json\/wp\/v2\/comments?post=294934"}],"version-history":[{"count":0,"href":"https:\/\/www.europesays.com\/fr\/wp-json\/wp\/v2\/posts\/294934\/revisions"}],"wp:featuredmedia":[{"embeddable":true,"href":"https:\/\/www.europesays.com\/fr\/wp-json\/wp\/v2\/media\/294935"}],"wp:attachment":[{"href":"https:\/\/www.europesays.com\/fr\/wp-json\/wp\/v2\/media?parent=294934"}],"wp:term":[{"taxonomy":"category","embeddable":true,"href":"https:\/\/www.europesays.com\/fr\/wp-json\/wp\/v2\/categories?post=294934"},{"taxonomy":"post_tag","embeddable":true,"href":"https:\/\/www.europesays.com\/fr\/wp-json\/wp\/v2\/tags?post=294934"}],"curies":[{"name":"wp","href":"https:\/\/api.w.org\/{rel}","templated":true}]}}