{"id":294938,"date":"2025-08-04T04:14:22","date_gmt":"2025-08-04T04:14:22","guid":{"rendered":"https:\/\/www.europesays.com\/fr\/294938\/"},"modified":"2025-08-04T04:14:22","modified_gmt":"2025-08-04T04:14:22","slug":"la-commission-propose-de-reduire-les-formalites-administratives-et-de-simplifier-lenvironnement-des-entreprises","status":"publish","type":"post","link":"https:\/\/www.europesays.com\/fr\/294938\/","title":{"rendered":"La Commission propose de r\u00e9duire les formalit\u00e9s administratives et de simplifier l\u2019environnement des entreprises"},"content":{"rendered":"<p>\u00a0<\/p>\n<p>La Commission europ\u00e9enne a adopt\u00e9 de nouvelles propositions qui <strong>r\u00e9duiront les formalit\u00e9s administratives<\/strong> et <strong>simplifieront les r\u00e8gles de l\u2019UE pour les citoyens et les entreprises<\/strong>. Dans la r\u00e9cente <a href=\"https:\/\/commission.europa.eu\/priorities-2024-2029\/competitiveness_en\" rel=\"nofollow noopener\" target=\"_blank\">boussole pour la comp\u00e9titivit\u00e9<\/a>, la Commission a expos\u00e9 sa vision pour rendre l\u2019\u00e9conomie de l\u2019UE plus prosp\u00e8re et plus comp\u00e9titive, en s\u2019appuyant sur les recommandations du rapport Draghi. Afin de retrouver sa comp\u00e9titivit\u00e9 et de lib\u00e9rer son potentiel de croissance, l\u2019UE doit favoriser la mise en place d\u2019un environnement propice aux affaires et veiller \u00e0 ce que les entreprises puissent prosp\u00e9rer.\u00a0<\/p>\n<p>Les deux premiers trains de mesures omnibus sur la simplification visent \u00e0 atteindre cet objectif. Les mesures concentreront les obligations d\u2019information en mati\u00e8re de durabilit\u00e9 sur les plus grandes entreprises, qui sont plus susceptibles d\u2019avoir les incidences les plus importantes sur la population et l\u2019environnement, et veilleront \u00e0 ce qu\u2019elles ne fassent pas peser de charge sur les petites entreprises.\u00a0\u00a0<\/p>\n<p>Ce premier train de mesures vise \u00e0:\u00a0<\/p>\n<ul>\n<li><strong>rendre la publication d\u2019informations en mati\u00e8re de durabilit\u00e9 plus accessible et plus efficace;\u202f\u00a0<\/strong><\/li>\n<li><strong>simplifier le devoir de vigilance pour soutenir les pratiques commerciales responsables;\u202f\u00a0<\/strong><\/li>\n<li><strong>renforcer le m\u00e9canisme d\u2019ajustement carbone aux fronti\u00e8res pour un commerce plus \u00e9quitable;\u202f\u00a0<\/strong><\/li>\n<li><strong>lib\u00e9rer les possibilit\u00e9s dans le cadre des programmes d\u2019investissement europ\u00e9ens.\u00a0<\/strong><\/li>\n<\/ul>\n<p>Les propositions vont \u00e0 pr\u00e9sent \u00eatre transmises au Parlement europ\u00e9en et au Conseil pour examen et adoption.\u00a0<\/p>\n<p>Dans son programme de travail pour 2025, la Commission a annonc\u00e9 une s\u00e9rie de mesures visant \u00e0 s&rsquo;attaquer aux r\u00e8gles inutiles, disproportionn\u00e9es ou faisant double emploi, qui cr\u00e9ent des obstacles pour les entreprises de l\u2019UE. Avec ces mesures, la Commission souhaite r\u00e9duire de 25\u00a0% les charges administratives, et de 35\u00a0% celles pesant sur les petites et moyennes entreprises, d\u2019ici la fin de son mandat en 2029.\u00a0\u00a0<\/p>\n<p><strong>Pour en savoir plus\u00a0<\/strong><\/p>\n<p><a href=\"https:\/\/ec.europa.eu\/commission\/presscorner\/detail\/en\/qanda_25_615\" rel=\"nofollow noopener\" target=\"_blank\">Questions et r\u00e9ponses \u2013 Train de mesures omnibus<\/a>\u00a0<\/p>\n<p><a href=\"https:\/\/finance.ec.europa.eu\/publications\/commission-sets-new-course-towards-simplifying-eu-rules-and-boosting-competitiveness_en\" rel=\"nofollow noopener\" target=\"_blank\">Simplifier les r\u00e8gles de l\u2019UE et stimuler la comp\u00e9titivit\u00e9<\/a> \u2013 Omnibus I\u00a0<\/p>\n<p><a href=\"https:\/\/investeu.europa.eu\/index_en\" rel=\"nofollow noopener\" target=\"_blank\">InvestEU \u2013 Union europ\u00e9enne<\/a> \u2013 Omnibus II\u00a0<\/p>\n<p><a href=\"https:\/\/commission.europa.eu\/topics\/eu-competitiveness\/clean-industrial-deal_en\" rel=\"nofollow noopener\" target=\"_blank\">Un pacte pour une industrie propre\u00a0<\/a><\/p>\n<p><a href=\"https:\/\/ec.europa.eu\/commission\/presscorner\/detail\/en\/ip_25_614\" rel=\"nofollow noopener\" target=\"_blank\">Communiqu\u00e9 de presse: La Commission simplifie les r\u00e8gles en mati\u00e8re de durabilit\u00e9 et d\u2019investissements de l\u2019UE et r\u00e9duit les charges administratives pour un montant de plus de 6\u00a0milliards d\u2019euros<\/a><\/p>\n","protected":false},"excerpt":{"rendered":"\u00a0 La Commission europ\u00e9enne a adopt\u00e9 de nouvelles propositions qui r\u00e9duiront les formalit\u00e9s administratives et simplifieront les r\u00e8gles&hellip;\n","protected":false},"author":2,"featured_media":294939,"comment_status":"","ping_status":"","sticky":false,"template":"","format":"standard","meta":{"footnotes":""},"categories":[1586],"tags":[11,43516,1777,674,1779,1011,27,43515,12,25,1778,364],"class_list":{"0":"post-294938","1":"post","2":"type-post","3":"status-publish","4":"format-standard","5":"has-post-thumbnail","7":"category-europe","8":"tag-actualites","9":"tag-droit-de-lue","10":"tag-eu","11":"tag-europe","12":"tag-european-union","13":"tag-fr","14":"tag-france","15":"tag-gestion-dentreprise","16":"tag-news","17":"tag-republique-francaise","18":"tag-ue","19":"tag-union-europeenne"},"share_on_mastodon":{"url":"https:\/\/pubeurope.com\/@fr\/114968557245028529","error":""},"_links":{"self":[{"href":"https:\/\/www.europesays.com\/fr\/wp-json\/wp\/v2\/posts\/294938","targetHints":{"allow":["GET"]}}],"collection":[{"href":"https:\/\/www.europesays.com\/fr\/wp-json\/wp\/v2\/posts"}],"about":[{"href":"https:\/\/www.europesays.com\/fr\/wp-json\/wp\/v2\/types\/post"}],"author":[{"embeddable":true,"href":"https:\/\/www.europesays.com\/fr\/wp-json\/wp\/v2\/users\/2"}],"replies":[{"embeddable":true,"href":"https:\/\/www.europesays.com\/fr\/wp-json\/wp\/v2\/comments?post=294938"}],"version-history":[{"count":0,"href":"https:\/\/www.europesays.com\/fr\/wp-json\/wp\/v2\/posts\/294938\/revisions"}],"wp:featuredmedia":[{"embeddable":true,"href":"https:\/\/www.europesays.com\/fr\/wp-json\/wp\/v2\/media\/294939"}],"wp:attachment":[{"href":"https:\/\/www.europesays.com\/fr\/wp-json\/wp\/v2\/media?parent=294938"}],"wp:term":[{"taxonomy":"category","embeddable":true,"href":"https:\/\/www.europesays.com\/fr\/wp-json\/wp\/v2\/categories?post=294938"},{"taxonomy":"post_tag","embeddable":true,"href":"https:\/\/www.europesays.com\/fr\/wp-json\/wp\/v2\/tags?post=294938"}],"curies":[{"name":"wp","href":"https:\/\/api.w.org\/{rel}","templated":true}]}}