{"id":294940,"date":"2025-08-04T04:15:11","date_gmt":"2025-08-04T04:15:11","guid":{"rendered":"https:\/\/www.europesays.com\/fr\/294940\/"},"modified":"2025-08-04T04:15:11","modified_gmt":"2025-08-04T04:15:11","slug":"combien-leon-marchand-touchera-t-il-pour-son-double-et-son-record-du-monde","status":"publish","type":"post","link":"https:\/\/www.europesays.com\/fr\/294940\/","title":{"rendered":"combien L\u00e9on Marchand touchera-t-il pour son doubl\u00e9 et son record du monde ?"},"content":{"rendered":"<p>Si le nageur fran\u00e7ais a parfaitement r\u00e9ussi sa comp\u00e9tition \u00e0 Singapour, il ne touchera pas pour autant le jackpot\u2026<\/p>\n<p class=\"fig-paragraph\">L\u2019image de L\u00e9on Marchand posant avec un immense ch\u00e8que de 30.000 dollars, r\u00e9compensant le record du monde stratosph\u00e9rique qu\u2019il venait de r\u00e9aliser en demi-finales du 200m 4 nages (1\u201952\u2019\u201969), a fait le tour des r\u00e9seaux sociaux. Laissant \u00e0 penser que le nageur fran\u00e7ais allait toucher le jackpot \u00e0 l\u2019issue de ses Mondiaux \u00e0 Singapour, puisqu\u2019il \u00e9tait alors en route pour remporter deux titres \u2013 200 et 400m 4 nages \u2013 ainsi qu\u2019une m\u00e9daille d\u2019argent lors du relais 4x100m 4 nages. Une id\u00e9e quelque peu \u00e9loign\u00e9e de la r\u00e9alit\u00e9 m\u00eame si, \u00e9videmment, la somme de ses gains demeure particuli\u00e8rement int\u00e9ressante\u2026<\/p>\n<p class=\"fig-paragraph\">Ainsi, chacun des deux titres d\u00e9croch\u00e9s par le Toulousain lui rapporte 20.000 dollars, selon le \u00abprize money\u00bb d\u00e9cr\u00e9t\u00e9 par World Aquatics. Quant \u00e0 sa m\u00e9daille d\u2019argent du relais, elle ajoute 2.500 dollars \u00e0 la somme (\u00e0 savoir 15.000 dollars \u00e0 r\u00e9partir \u00e9quitablement entre les six nageurs qui ont pris part aux s\u00e9ries et \u00e0 la finale). Au total, Marchand repart donc de Singapour avec 72.500 dollars, ce qui repr\u00e9sente environ 62.700 euros, auxquels devraient venir s\u2019ajouter quelques primes &#8211; dont le montant n\u2019est pas connu &#8211; de la F\u00e9d\u00e9ration fran\u00e7aise de natation.<\/p>\n<p>                                    <a class=\"fig-a11y-skip a11y-hidden\" href=\"#fig-a11y-skip-main-inarticle\"><br \/>\n        Passer la publicit\u00e9<br \/>\n    <\/a><\/p>\n<p class=\"fig-paragraph\">Un montant important pour un nageur, mais qui reste tr\u00e8s \u00e9loign\u00e9 de ce qu\u2019il a per\u00e7u gr\u00e2ce \u00e0 son quadrupl\u00e9 en or aux Jeux de Paris 2024 (340.000 euros), et qui appara\u00eet m\u00eame d\u00e9risoire en comparaison, par exemple, des 500.000 euros per\u00e7us par Tadej Pogacar \u00e0 l\u2019issue de son Tour de France victorieux, ou des plus de 2 millions d\u2019euros gagn\u00e9s par Carlos Alcaraz \u00e0 la suite de son succ\u00e8s \u00e0 Roland-Garros.<\/p>\n","protected":false},"excerpt":{"rendered":"Si le nageur fran\u00e7ais a parfaitement r\u00e9ussi sa comp\u00e9tition \u00e0 Singapour, il ne touchera pas pour autant le&hellip;\n","protected":false},"author":2,"featured_media":294941,"comment_status":"","ping_status":"","sticky":false,"template":"","format":"standard","meta":{"footnotes":""},"categories":[2],"tags":[2466,2465,2464,11,1977,1981,451,207,2468,63,1454,1011,27,66,447,2467,1457,2182,12,25,1980,479,2259,1467],"class_list":{"0":"post-294940","1":"post","2":"type-post","3":"status-publish","4":"format-standard","5":"has-post-thumbnail","7":"category-actualites","8":"tag-2466","9":"tag-actu-sport","10":"tag-actualite-sportive","11":"tag-actualites","12":"tag-auto","13":"tag-classement","14":"tag-coupe-du-monde","15":"tag-cyclisme","16":"tag-euro-foot","17":"tag-football","18":"tag-formule-1","19":"tag-fr","20":"tag-france","21":"tag-ligue-1","22":"tag-ligue-des-champions","23":"tag-live-sport","24":"tag-moto","25":"tag-nba","26":"tag-news","27":"tag-republique-francaise","28":"tag-resultats","29":"tag-rugby","30":"tag-score","31":"tag-tennis"},"share_on_mastodon":{"url":"https:\/\/pubeurope.com\/@fr\/114968561153750276","error":""},"_links":{"self":[{"href":"https:\/\/www.europesays.com\/fr\/wp-json\/wp\/v2\/posts\/294940","targetHints":{"allow":["GET"]}}],"collection":[{"href":"https:\/\/www.europesays.com\/fr\/wp-json\/wp\/v2\/posts"}],"about":[{"href":"https:\/\/www.europesays.com\/fr\/wp-json\/wp\/v2\/types\/post"}],"author":[{"embeddable":true,"href":"https:\/\/www.europesays.com\/fr\/wp-json\/wp\/v2\/users\/2"}],"replies":[{"embeddable":true,"href":"https:\/\/www.europesays.com\/fr\/wp-json\/wp\/v2\/comments?post=294940"}],"version-history":[{"count":0,"href":"https:\/\/www.europesays.com\/fr\/wp-json\/wp\/v2\/posts\/294940\/revisions"}],"wp:featuredmedia":[{"embeddable":true,"href":"https:\/\/www.europesays.com\/fr\/wp-json\/wp\/v2\/media\/294941"}],"wp:attachment":[{"href":"https:\/\/www.europesays.com\/fr\/wp-json\/wp\/v2\/media?parent=294940"}],"wp:term":[{"taxonomy":"category","embeddable":true,"href":"https:\/\/www.europesays.com\/fr\/wp-json\/wp\/v2\/categories?post=294940"},{"taxonomy":"post_tag","embeddable":true,"href":"https:\/\/www.europesays.com\/fr\/wp-json\/wp\/v2\/tags?post=294940"}],"curies":[{"name":"wp","href":"https:\/\/api.w.org\/{rel}","templated":true}]}}