{"id":294944,"date":"2025-08-04T04:17:09","date_gmt":"2025-08-04T04:17:09","guid":{"rendered":"https:\/\/www.europesays.com\/fr\/294944\/"},"modified":"2025-08-04T04:17:09","modified_gmt":"2025-08-04T04:17:09","slug":"les-chiffres-doublent-en-normandie-sante-publique-france-alerte","status":"publish","type":"post","link":"https:\/\/www.europesays.com\/fr\/294944\/","title":{"rendered":"les chiffres doublent en Normandie, Sant\u00e9 Publique France alerte"},"content":{"rendered":"<p>            Par<br \/>\n        <strong><br \/>\n            <a href=\"https:\/\/actu.fr\/auteur\/jp-massieu\" title=\"Consulter tous les articles de Jean-Philippe Massieu\" rel=\"nofollow noopener\" target=\"_blank\">Jean-Philippe Massieu<\/a><br \/>\n        <\/strong><\/p>\n<p>        Publi\u00e9 le<\/p>\n<p>            4 ao\u00fbt 2025 \u00e0 6h04        <\/p>\n<p data-olk-copy-source=\"MessageBody\">La <b>cellule r\u00e9gionale Normandie<\/b> de <a href=\"https:\/\/www.santepubliquefrance.fr\/\" rel=\"nofollow noopener\" target=\"_blank\">Sant\u00e9 Publique France<\/a> a publi\u00e9 <b>vendredi 1er ao\u00fbt<\/b> son <b>deuxi\u00e8me bulletin<\/b> sur les<b> noyades 2025<\/b> pour la p\u00e9riode du <b>1er\u00a0juin au 23\u00a0juillet<\/b>.<\/p>\n<p data-olk-copy-source=\"MessageBody\" class=\" wall-content\"><b>Les chiffres sont alarmants<\/b> que ce soit au niveau national comme \u00e0 l\u2019\u00e9chelon normand. Vendredi 1er ao\u00fbt encore, <a href=\"https:\/\/actu.fr\/normandie\/cherbourg-en-cotentin_50129\/un-jeune-homme-qui-se-baignait-a-querqueville-transporte-a-lhopital-dans-un-etat-grave_62990773.html\" rel=\"nofollow noopener\" target=\"_blank\">un homme \u00e2g\u00e9 de 24 ans a \u00e9t\u00e9 transport\u00e9 en urgence absolue au centre hospitalier de Cherbourg alors qu\u2019il se baignait \u00e0 Querqueville<\/a>.<\/p>\n<p>M\u00eame tendance qu\u2019au niveau national<\/p>\n<p class=\" wall-content\">\u00ab Les donn\u00e9es issues du r\u00e9seau OSCOUR\u00ae (passages aux urgences) et du syst\u00e8me Snosan (d\u00e9c\u00e8s par noyade) r\u00e9v\u00e8lent une <b>hausse marqu\u00e9e<\/b> des cas par rapport \u00e0 la m\u00eame p\u00e9riode en 2024 \u00bb, explique le bulletin de Sant\u00e9 Publique France.<\/p>\n<p class=\" wall-content\">\u00ab En France, les chiffres sont <b>pr\u00e9occupants <\/b>: 702 noyades recens\u00e9es, dont 193 suivies de <b>d\u00e9c\u00e8s <\/b>(soit 27 %). Ces augmentations sont survenues dans un<b> contexte de temp\u00e9ratures plut\u00f4t \u00e9lev\u00e9es<\/b>, ayant entra\u00een\u00e9 un afflux des populations vers les sites de baignade pour se rafra\u00eechir. Sur la seule p\u00e9riode du 19 juin au 6 juillet 2025 (p\u00e9riode de vigilance canicule), 315 noyades ont \u00e9t\u00e9 recens\u00e9es, dont 86 suivies de d\u00e9c\u00e8s, contre respectivement 130 et 36 sur la m\u00eame p\u00e9riode en 202,4 soit une <b>augmentation de 142 % <\/b>du nombre total de noyades et <b>139 %<\/b> des noyades suivies de d\u00e9c\u00e8s entre les deux p\u00e9riodes \u00bb, chiffre Sant\u00e9 Publique France.<\/p>\n<p class=\" wall-content\">\n<p class=\" wall-content\">M\u00eame si la <a href=\"https:\/\/actu.fr\/normandie\/\" rel=\"nofollow noopener\" target=\"_blank\">Normandie<\/a> est \u00ab moins touch\u00e9e en volume que les r\u00e9gions du sud \u00bb, elle n\u2019\u00e9chappe pas \u00e0 \u00ab une augmentation marqu\u00e9e du nombre de noyades et de d\u00e9c\u00e8s : 22\u00a0noyades en 2025, contre\u00a014 noyades en 2024 ; 10\u00a0noyades suivies d\u2019un\u00a0d\u00e9c\u00e8s en 2025, contre\u00a05 d\u00e9c\u00e8s en 2024 \u00bb.<\/p>\n<p class=\" wall-content\">Le bulletin paru vendredi d\u00e9taille les \u00ab lieux de d\u00e9c\u00e8s de la C\u00f4te Nord-Ouest (Hauts-de-France, Normandie, Bretagne) : 61 % des noyades suivies de d\u00e9c\u00e8s ont eu lieu en\u00a0mer ; 24 % en\u00a0cours d\u2019eau ou plan d\u2019eau ; 15 % en\u00a0piscine \u00bb.<\/p>\n<p>Vid\u00e9os : en ce moment sur ActuLes bons gestes \u00e0 adopter<\/p>\n<p class=\" wall-content\">Face \u00e0 cette augmentation pr\u00e9occupante, Sant\u00e9 Publique France communique sur \u00ab les <b>bons gestes<\/b> et <b>comportements <\/b>\u00e0 adopter pour se baigner en toute s\u00e9curit\u00e9 \u00bb.<\/p>\n<p class=\" wall-content\">Pour les enfants, l\u2019organisme conseille \u00ab avant et pendant la baignade, de surveiller de mani\u00e8re active et permanente les jeunes enfants ; de ne jamais quitter des yeux les jeunes enfants quand ils jouent au bord de l\u2019eau ; de se baigner avec les jeunes enfants lorsqu\u2019ils sont dans l\u2019eau ; de d\u00e9signer un seul adulte par enfant pour la surveillance pendant la baignade \u00bb.<\/p>\n<p class=\" wall-content\">Sant\u00e9 Publique France conseille \u00e9galement aux parents d\u2019<b>initier les enfants \u00ab d\u00e8s le plus jeune \u00e2ge<\/b> au milieu aquatique : b\u00e9b\u00e9 nageur (jusqu\u2019\u00e0 3\u00a0ans), aisance aquatique (4 \u00e0 6\u00a0ans), apprentissage de la nage (\u00e0 partir de 6\u00a0ans) \u00bb.<\/p>\n<p class=\" wall-content\">Sant\u00e9 Publique France demande \u00e9galement aux adultes de \u00ab respecter les consignes de s\u00e9curit\u00e9 et les interdictions de baignade, de privil\u00e9gier les zones de baignades surveill\u00e9es, s\u00e9curis\u00e9es par des sauveteurs professionnels, de se renseigner sur les conditions m\u00e9t\u00e9orologiques, de reporter sa baignade en cas de trouble physique (fatigue, probl\u00e8mes de sant\u00e9, frissons\u2026), d\u2019\u00e9viter toute consommation d\u2019alcool avant de se baigner, de pr\u00e9venir un proche avant de se baigner et de rentrer dans l\u2019eau progressivement en mouillant sa t\u00eate, sa nuque et son ventre pour \u00e9viter les chocs thermiques particuli\u00e8rement lorsque la diff\u00e9rence de temp\u00e9rature entre l\u2019eau et l\u2019air est importante \u00bb.<\/p>\n<p class=\" wall-content\">Suivez toute l\u2019actualit\u00e9 de vos villes et m\u00e9dias favoris en vous inscrivant \u00e0 <a href=\"https:\/\/moncompte.actu.fr\" title=\"D\u00e9couvez Mon Actu\" rel=\"nofollow noopener\" data-trk=\"{&quot;cta&quot;:{&quot;action&quot;:&quot;https:\\\/\\\/moncompte.actu.fr&quot;,&quot;category&quot;:&quot;mon compte&quot;,&quot;from&quot;:&quot;article footer&quot;,&quot;name&quot;:&quot;Mon actu&quot;,&quot;type&quot;:&quot;cta&quot;}}\" target=\"_blank\">Mon Actu<\/a>.<\/p>\n","protected":false},"excerpt":{"rendered":"Par Jean-Philippe Massieu Publi\u00e9 le 4 ao\u00fbt 2025 \u00e0 6h04 La cellule r\u00e9gionale Normandie de Sant\u00e9 Publique France&hellip;\n","protected":false},"author":2,"featured_media":294945,"comment_status":"","ping_status":"","sticky":false,"template":"","format":"standard","meta":{"footnotes":""},"categories":[4],"tags":[11,118,1011,27,6127,12,25,71],"class_list":{"0":"post-294944","1":"post","2":"type-post","3":"status-publish","4":"format-standard","5":"has-post-thumbnail","7":"category-france","8":"tag-actualites","9":"tag-faits-divers","10":"tag-fr","11":"tag-france","12":"tag-mer","13":"tag-news","14":"tag-republique-francaise","15":"tag-sante"},"share_on_mastodon":{"url":"https:\/\/pubeurope.com\/@fr\/114968568978664818","error":""},"_links":{"self":[{"href":"https:\/\/www.europesays.com\/fr\/wp-json\/wp\/v2\/posts\/294944","targetHints":{"allow":["GET"]}}],"collection":[{"href":"https:\/\/www.europesays.com\/fr\/wp-json\/wp\/v2\/posts"}],"about":[{"href":"https:\/\/www.europesays.com\/fr\/wp-json\/wp\/v2\/types\/post"}],"author":[{"embeddable":true,"href":"https:\/\/www.europesays.com\/fr\/wp-json\/wp\/v2\/users\/2"}],"replies":[{"embeddable":true,"href":"https:\/\/www.europesays.com\/fr\/wp-json\/wp\/v2\/comments?post=294944"}],"version-history":[{"count":0,"href":"https:\/\/www.europesays.com\/fr\/wp-json\/wp\/v2\/posts\/294944\/revisions"}],"wp:featuredmedia":[{"embeddable":true,"href":"https:\/\/www.europesays.com\/fr\/wp-json\/wp\/v2\/media\/294945"}],"wp:attachment":[{"href":"https:\/\/www.europesays.com\/fr\/wp-json\/wp\/v2\/media?parent=294944"}],"wp:term":[{"taxonomy":"category","embeddable":true,"href":"https:\/\/www.europesays.com\/fr\/wp-json\/wp\/v2\/categories?post=294944"},{"taxonomy":"post_tag","embeddable":true,"href":"https:\/\/www.europesays.com\/fr\/wp-json\/wp\/v2\/tags?post=294944"}],"curies":[{"name":"wp","href":"https:\/\/api.w.org\/{rel}","templated":true}]}}