{"id":294948,"date":"2025-08-04T04:23:09","date_gmt":"2025-08-04T04:23:09","guid":{"rendered":"https:\/\/www.europesays.com\/fr\/294948\/"},"modified":"2025-08-04T04:23:09","modified_gmt":"2025-08-04T04:23:09","slug":"les-pilotes-honda-en-tete-des-chutes-avant-la-pause-estivale-motogp","status":"publish","type":"post","link":"https:\/\/www.europesays.com\/fr\/294948\/","title":{"rendered":"Les pilotes Honda en t\u00eate des chutes avant la pause estivale MotoGP"},"content":{"rendered":"<p style=\"text-align: justify;\"><strong>Les pilotes MotoGP profitent de la pause estivale. Apr\u00e8s 12 week-ends de course, ce sont deux pilotes Honda qui sont en t\u00eate de ceux qui ont le plus chut\u00e9 depuis le d\u00e9but de la saison.<br \/><\/strong><\/p>\n<p style=\"text-align: justify;\">Entre le Grand Prix de Tha\u00eflande et celui de R\u00e9publique tch\u00e8que, il y a un total de 185 chutes. Si <a href=\"https:\/\/franceracing.fr\/moto-gp\/marc-marquez-le-pilote-qui-a-le-plus-chute-a-la-mi-saison-motogp-2024\/\" target=\"_blank\" rel=\"noopener nofollow\">Marc M\u00e1rquez occupait la t\u00eate du classement \u00e0 la m\u00eame p\u00e9riode l&rsquo;ann\u00e9e derni\u00e8re<\/a>, le leader du classement des pilotes n&rsquo;est pas en t\u00eate \u00e0 mi-saison 2025. Ce sont deux pilotes Honda qui ont le plus chut\u00e9 sur les douze premiers rendez-vous de l&rsquo;ann\u00e9e. Joan Mir et Johann Zarco occupent la premi\u00e8re place ex-\u00e6quo avec 15 chutes. Derri\u00e8re eux, on retrouve deux autres pilotes \u00e0 \u00e9galit\u00e9, \u00e0 savoir Alex M\u00e1rquez et Brad Binder, avec 13 chutes.<\/p>\n<p>De nombreuses chutes en 2025<\/p>\n<p style=\"text-align: justify;\">Avec 12 chutes, on retrouve Marco Bezzecchi, Jack Miller et Franco Morbidelli. C&rsquo;est une unit\u00e9 de plus qu&rsquo;Ai Ogura. Pedro Acosta et Ferm\u00edn Aldeguer comptent 9 chutes chacun, suivis par le leader du Championnat du Monde Marc M\u00e1rquez (8 chutes) et Fabio Quartararo (7 chutes). Ra\u00fal Fern\u00e1ndez, Francesco Bagnaia et Enea Bastianini comptent 6 chutes chacun. Somkiat Chantra et Lorenzo Savadori, qui a remplac\u00e9 Jorge Mart\u00edn, ont \u00e9t\u00e9 au tapis \u00e0 cinq reprises. Dans la suite du classement, on retrouve Maverick Vi\u00f1ales et Augusto Fern\u00e1ndez (4 chutes), Alex Rins, Fabio di Giannantonio et Miguel Oliveira (3 chutes), Aleix Espargar\u00f3 (2 chutes), Jorge Mart\u00edn et Takaaki Nakagami (une chute). Seuls Luca Marini et Pol Espargar\u00f3 n&rsquo;ont pas chut\u00e9 lors des courses qu&rsquo;ils ont disput\u00e9es.<\/p>\n<p style=\"text-align: justify;\">Pour rappel, <a href=\"https:\/\/franceracing.fr\/moto-gp\/pedro-acosta-le-pilote-qui-a-le-plus-chute-en-motogp-en-2024\/\" target=\"_blank\" rel=\"noopener nofollow\">Pedro Acosta a \u00e9t\u00e9 le pilote qui a le plus chut\u00e9 lors de la saison 2024<\/a>. Avec 29 chutes, il devan\u00e7ait de cinq longueurs Marc M\u00e1rquez. Alex M\u00e1rquez, avec 21 chutes, compl\u00e9tait le podium final du classement 2024.<\/p>\n<p style=\"text-align: justify;\">C\u00f4t\u00e9 constructeurs, les pilotes Ducati comptent le plus de chutes, \u00e9tant partis 51 fois \u00e0 la faute. Honda (38 chutes), Aprilia (35 chutes), KTM (32 chutes) et Yamaha (29 chutes) suivent le constructeur italien.<\/p>\n","protected":false},"excerpt":{"rendered":"Les pilotes MotoGP profitent de la pause estivale. Apr\u00e8s 12 week-ends de course, ce sont deux pilotes Honda&hellip;\n","protected":false},"author":2,"featured_media":294949,"comment_status":"","ping_status":"","sticky":false,"template":"","format":"standard","meta":{"footnotes":""},"categories":[1413],"tags":[1011,27,1457,1456,60],"class_list":{"0":"post-294948","1":"post","2":"type-post","3":"status-publish","4":"format-standard","5":"has-post-thumbnail","7":"category-moto","8":"tag-fr","9":"tag-france","10":"tag-moto","11":"tag-motocycle","12":"tag-sports"},"share_on_mastodon":{"url":"https:\/\/pubeurope.com\/@fr\/114968592682713024","error":""},"_links":{"self":[{"href":"https:\/\/www.europesays.com\/fr\/wp-json\/wp\/v2\/posts\/294948","targetHints":{"allow":["GET"]}}],"collection":[{"href":"https:\/\/www.europesays.com\/fr\/wp-json\/wp\/v2\/posts"}],"about":[{"href":"https:\/\/www.europesays.com\/fr\/wp-json\/wp\/v2\/types\/post"}],"author":[{"embeddable":true,"href":"https:\/\/www.europesays.com\/fr\/wp-json\/wp\/v2\/users\/2"}],"replies":[{"embeddable":true,"href":"https:\/\/www.europesays.com\/fr\/wp-json\/wp\/v2\/comments?post=294948"}],"version-history":[{"count":0,"href":"https:\/\/www.europesays.com\/fr\/wp-json\/wp\/v2\/posts\/294948\/revisions"}],"wp:featuredmedia":[{"embeddable":true,"href":"https:\/\/www.europesays.com\/fr\/wp-json\/wp\/v2\/media\/294949"}],"wp:attachment":[{"href":"https:\/\/www.europesays.com\/fr\/wp-json\/wp\/v2\/media?parent=294948"}],"wp:term":[{"taxonomy":"category","embeddable":true,"href":"https:\/\/www.europesays.com\/fr\/wp-json\/wp\/v2\/categories?post=294948"},{"taxonomy":"post_tag","embeddable":true,"href":"https:\/\/www.europesays.com\/fr\/wp-json\/wp\/v2\/tags?post=294948"}],"curies":[{"name":"wp","href":"https:\/\/api.w.org\/{rel}","templated":true}]}}