{"id":294950,"date":"2025-08-04T04:24:11","date_gmt":"2025-08-04T04:24:11","guid":{"rendered":"https:\/\/www.europesays.com\/fr\/294950\/"},"modified":"2025-08-04T04:24:11","modified_gmt":"2025-08-04T04:24:11","slug":"f1-le-jugement-est-rendu-apres-lincident-verstappen-hamilton-en-hongrie","status":"publish","type":"post","link":"https:\/\/www.europesays.com\/fr\/294950\/","title":{"rendered":"F1 Le jugement est rendu apr\u00e8s l&rsquo;incident Verstappen-Hamilton, en Hongrie !"},"content":{"rendered":"<p>Max Verstappen et Lewis Hamilton \u00e9taient convoqu\u00e9s par les commissaires sportifs, \u00e0 l\u2019issue du Grand-Prix de Hongrie de F1 2025. En cause, cet incident entre les deux pilotes, ayant abouti sur la sortie de piste de la Ferrari et le d\u00e9passement du N\u00e9erlandais. Aussi, m\u00eame si les officiels ont conclu que la manoeuvre \u00e9tait \u201cambitieuse\u201d, ces derniers ont estim\u00e9 que le quadruple champion du monde n\u2019avait pas eu l\u2019intention de forcer son rival \u00e0 s\u2019\u00e9carter.<\/p>\n<p>F1 : Les explications de Verstappen ont convaincu les commissaires<\/p>\n<p>Par ailleurs, du fait de l\u2019absence de Lewis Hamilton lors de cette audience, un repr\u00e9sentant de l\u2019\u00e9quipe a confirm\u00e9 aux commissaires qu\u2019il n\u2019y avait pas eu de contact entre les deux monoplaces. De plus, Max Verstappen a d\u00e9clar\u00e9 que, si son concurrent \u00e9tait rest\u00e9 sur sa trajectoire, il lui aurait \u00e9t\u00e9 possible de serrer \u00e0 l\u2019avantage \u00e0 l\u2019int\u00e9rieur, pour \u00e9viter l\u2019accrochage. Compte tenu de tous ces \u00e9l\u00e9ments, aucune sanction n\u2019a \u00e9t\u00e9 prise \u00e0 l\u2019encontre du pilote Red Bull Racing. Voici le verdict complet des int\u00e9ress\u00e9s.<\/p>\n<blockquote class=\"twitter-tweet\">\n<p dir=\"ltr\" lang=\"en\">DOC 42 \u2013 Decision \u2013 Car 1 \u2013 Alleged forcing another driver off of the track <a href=\"https:\/\/t.co\/nVLPv627jK\" rel=\"nofollow\">https:\/\/t.co\/nVLPv627jK<\/a> <a href=\"https:\/\/twitter.com\/hashtag\/HungarianGP?src=hash&amp;ref_src=twsrc%5Etfw\" target=\"_blank\" rel=\"noopener nofollow\">#HungarianGP<\/a> <a href=\"https:\/\/twitter.com\/hashtag\/F1?src=hash&amp;ref_src=twsrc%5Etfw\" target=\"_blank\" rel=\"noopener nofollow\">#F1<\/a> <a href=\"https:\/\/twitter.com\/hashtag\/FIA?src=hash&amp;ref_src=twsrc%5Etfw\" target=\"_blank\" rel=\"noopener nofollow\">#FIA<\/a> <a href=\"https:\/\/t.co\/UEYBifkz8A\" rel=\"nofollow\">pic.twitter.com\/UEYBifkz8A<\/a><\/p>\n<p>\u2014 FIA (@fia) <a href=\"https:\/\/twitter.com\/fia\/status\/1952046509375009147?ref_src=twsrc%5Etfw\" target=\"_blank\" rel=\"noopener nofollow\">August 3, 2025<\/a><\/p>\n<\/blockquote>\n<p>\u201cLe pilote de la voiture n\u00b01 a d\u00e9clar\u00e9 lors de l\u2019audience qu\u2019il avait gagn\u00e9 de la vitesse sur la voiture n\u00b044 \u00e0 la sortie du virage n\u00b03 gr\u00e2ce \u00e0 des pneus plus frais et qu\u2019il avait profit\u00e9 de cette vitesse pour effectuer une man\u0153uvre \u00e0 l\u2019int\u00e9rieur dans le virage n\u00b04. Il a ajout\u00e9 qu\u2019il contr\u00f4lait parfaitement sa voiture et qu\u2019il aurait pu se mettre plus \u00e0 l\u2019int\u00e9rieur pour laisser de la place \u00e0 la voiture n\u00b044 \u00e0 la sortie. Cependant, il a d\u00e9clar\u00e9 que, comme la voiture n\u00b044 \u00e9tait sortie de la piste, il avait d\u00e9cid\u00e9 d\u2019utiliser toute la largeur de la piste \u00e0 la sortie.\u201d<\/p>\n<p>\u201cLe repr\u00e9sentant de l\u2019\u00e9quipe de la voiture n\u00b044 a confirm\u00e9 qu\u2019il n\u2019y avait eu aucun contact entre les deux voitures et a ajout\u00e9 que le pilote de la voiture n\u00b044 avait choisi de ne pas tenter de rester sur la piste. Compte tenu de tous ces \u00e9l\u00e9ments, les commissaires ont d\u00e9termin\u00e9 qu\u2019il n\u2019y avait pas eu de contact et que l\u2019incident ne constituait pas une man\u0153uvre visant \u00e0 forcer une autre voiture \u00e0 sortir de la piste, malgr\u00e9 le caract\u00e8re ambitieux de la tentative de d\u00e9passement, et n\u2019ont pris aucune sanction.\u201d<\/p>\n<p>Article publi\u00e9 le 04\/08\/2025 \u00e0 5h47<\/p>\n<p>                                                            <script async src=\"https:\/\/platform.twitter.com\/widgets.js\" charset=\"utf-8\"><\/script><\/p>\n","protected":false},"excerpt":{"rendered":"Max Verstappen et Lewis Hamilton \u00e9taient convoqu\u00e9s par les commissaires sportifs, \u00e0 l\u2019issue du Grand-Prix de Hongrie de&hellip;\n","protected":false},"author":2,"featured_media":294951,"comment_status":"","ping_status":"","sticky":false,"template":"","format":"standard","meta":{"footnotes":""},"categories":[1412],"tags":[1451,1452,1453,1454,1455,1011,27,2236,60],"class_list":{"0":"post-294950","1":"post","2":"type-post","3":"status-publish","4":"format-standard","5":"has-post-thumbnail","7":"category-f1","8":"tag-f1","9":"tag-formula-1","10":"tag-formula1","11":"tag-formule-1","12":"tag-formule1","13":"tag-fr","14":"tag-france","15":"tag-max-verstappen","16":"tag-sports"},"share_on_mastodon":{"url":"https:\/\/pubeurope.com\/@fr\/114968596522384805","error":""},"_links":{"self":[{"href":"https:\/\/www.europesays.com\/fr\/wp-json\/wp\/v2\/posts\/294950","targetHints":{"allow":["GET"]}}],"collection":[{"href":"https:\/\/www.europesays.com\/fr\/wp-json\/wp\/v2\/posts"}],"about":[{"href":"https:\/\/www.europesays.com\/fr\/wp-json\/wp\/v2\/types\/post"}],"author":[{"embeddable":true,"href":"https:\/\/www.europesays.com\/fr\/wp-json\/wp\/v2\/users\/2"}],"replies":[{"embeddable":true,"href":"https:\/\/www.europesays.com\/fr\/wp-json\/wp\/v2\/comments?post=294950"}],"version-history":[{"count":0,"href":"https:\/\/www.europesays.com\/fr\/wp-json\/wp\/v2\/posts\/294950\/revisions"}],"wp:featuredmedia":[{"embeddable":true,"href":"https:\/\/www.europesays.com\/fr\/wp-json\/wp\/v2\/media\/294951"}],"wp:attachment":[{"href":"https:\/\/www.europesays.com\/fr\/wp-json\/wp\/v2\/media?parent=294950"}],"wp:term":[{"taxonomy":"category","embeddable":true,"href":"https:\/\/www.europesays.com\/fr\/wp-json\/wp\/v2\/categories?post=294950"},{"taxonomy":"post_tag","embeddable":true,"href":"https:\/\/www.europesays.com\/fr\/wp-json\/wp\/v2\/tags?post=294950"}],"curies":[{"name":"wp","href":"https:\/\/api.w.org\/{rel}","templated":true}]}}