{"id":294958,"date":"2025-08-04T04:29:21","date_gmt":"2025-08-04T04:29:21","guid":{"rendered":"https:\/\/www.europesays.com\/fr\/294958\/"},"modified":"2025-08-04T04:29:21","modified_gmt":"2025-08-04T04:29:21","slug":"montrevault-sur-evre-paul-michaud-sort-un-nouveau-livre-croquants-en-scene","status":"publish","type":"post","link":"https:\/\/www.europesays.com\/fr\/294958\/","title":{"rendered":"Montrevault-sur-\u00c8vre. Paul Michaud sort un nouveau livre : Croquants en sc\u00e8ne"},"content":{"rendered":"<p>Paul Michaud, auteur passionn\u00e9 de spectacle vivant, vient de franchir une nouvelle \u00e9tape dans la diffusion de son ouvrage Croquants en sc\u00e8ne, \u00e9dit\u00e9 par ICI \u00e0 Beaupr\u00e9au. Mercredi, il a rencontr\u00e9 Anne-Marie Garaud, g\u00e9rante de la Maison de la presse \u00e0 Saint-Pierre-Montlimart, afin de rendre l\u2019ouvrage disponible dans ce nouveau point de vente.<\/p>\n<p>La boutique sera n\u00e9anmoins ferm\u00e9e du 4 au 24\u00a0ao\u00fbt pour cong\u00e9s, mais l\u2019ouvrage y sera propos\u00e9 d\u00e8s sa r\u00e9ouverture. Outre la Maison de la presse, le livre est \u00e9galement en vente au Super U de Beaupr\u00e9au, au Dor\u00e9mi \u00e0 Saint-R\u00e9my-en-Mauges, et \u00e0 la librairie la Parenth\u00e8se \u00e0 Beaupr\u00e9au. Une s\u00e9ance de d\u00e9dicace est pr\u00e9vue le samedi 30\u00a0ao\u00fbt, de 9\u00a0h \u00e0 12\u00a0h, \u00e0 la Parenth\u00e8se. Ce sera l\u2019occasion pour les lecteurs d\u2019\u00e9changer directement avec l\u2019auteur autour du livre et de l\u2019histoire du spectacle Jacquou le croquant.<\/p>\n<p><strong>\u00ab\u00a0Je souhaite faire conna\u00eetre ce livre \u00e0 l\u2019ext\u00e9rieur de Saint-R\u00e9my.\u00a0\u00bb <\/strong>Et pour cause, <strong>\u00ab\u00a0c\u2019est une invitation \u00e0 une balade sur un si\u00e8cle de spectacles r\u00e9mygeois et sur l\u2019histoire de la paysannerie au XIXe\u00a0si\u00e8cle\u00a0\u00bb,<\/strong> explique Paul Michaud.<\/p>\n<p>Samedi 30\u00a0ao\u00fbt, de 9\u00a0h \u00e0 12\u00a0h s\u00e9ance de d\u00e9dicace, \u00e0 la Parenth\u00e8se, \u00e0 Beaupr\u00e9au.<\/p>\n<p>\u00a0<\/p>\n","protected":false},"excerpt":{"rendered":"Paul Michaud, auteur passionn\u00e9 de spectacle vivant, vient de franchir une nouvelle \u00e9tape dans la diffusion de son&hellip;\n","protected":false},"author":2,"featured_media":294959,"comment_status":"","ping_status":"","sticky":false,"template":"","format":"standard","meta":{"footnotes":""},"categories":[1357],"tags":[1438,1379,43519,58,59,1011,27,2003,1380,43518,43517,4565,22099,7347,4102],"class_list":{"0":"post-294958","1":"post","2":"type-post","3":"status-publish","4":"format-standard","5":"has-post-thumbnail","7":"category-livres","8":"tag-angers","9":"tag-books","10":"tag-croquants","11":"tag-divertissement","12":"tag-entertainment","13":"tag-fr","14":"tag-france","15":"tag-livre","16":"tag-livres","17":"tag-michaud","18":"tag-montrevault-sur-evre","19":"tag-nouveau","20":"tag-paul","21":"tag-scene","22":"tag-sort"},"share_on_mastodon":{"url":"https:\/\/pubeurope.com\/@fr\/114968616247997107","error":""},"_links":{"self":[{"href":"https:\/\/www.europesays.com\/fr\/wp-json\/wp\/v2\/posts\/294958","targetHints":{"allow":["GET"]}}],"collection":[{"href":"https:\/\/www.europesays.com\/fr\/wp-json\/wp\/v2\/posts"}],"about":[{"href":"https:\/\/www.europesays.com\/fr\/wp-json\/wp\/v2\/types\/post"}],"author":[{"embeddable":true,"href":"https:\/\/www.europesays.com\/fr\/wp-json\/wp\/v2\/users\/2"}],"replies":[{"embeddable":true,"href":"https:\/\/www.europesays.com\/fr\/wp-json\/wp\/v2\/comments?post=294958"}],"version-history":[{"count":0,"href":"https:\/\/www.europesays.com\/fr\/wp-json\/wp\/v2\/posts\/294958\/revisions"}],"wp:featuredmedia":[{"embeddable":true,"href":"https:\/\/www.europesays.com\/fr\/wp-json\/wp\/v2\/media\/294959"}],"wp:attachment":[{"href":"https:\/\/www.europesays.com\/fr\/wp-json\/wp\/v2\/media?parent=294958"}],"wp:term":[{"taxonomy":"category","embeddable":true,"href":"https:\/\/www.europesays.com\/fr\/wp-json\/wp\/v2\/categories?post=294958"},{"taxonomy":"post_tag","embeddable":true,"href":"https:\/\/www.europesays.com\/fr\/wp-json\/wp\/v2\/tags?post=294958"}],"curies":[{"name":"wp","href":"https:\/\/api.w.org\/{rel}","templated":true}]}}