{"id":294960,"date":"2025-08-04T04:30:15","date_gmt":"2025-08-04T04:30:15","guid":{"rendered":"https:\/\/www.europesays.com\/fr\/294960\/"},"modified":"2025-08-04T04:30:15","modified_gmt":"2025-08-04T04:30:15","slug":"ses-vacances-a-saint-tropez-point-de-depart-dun-reglement-de-comptes-sanglant","status":"publish","type":"post","link":"https:\/\/www.europesays.com\/fr\/294960\/","title":{"rendered":"ses vacances \u00e0 Saint-Tropez, point de d\u00e9part d\u2019un r\u00e8glement de comptes sanglant"},"content":{"rendered":"<p>Il y a quelques jours, une s\u00e9quence montrant Cyril Hanouna en promenade dans les rues de <strong>Saint-Tropez<\/strong> a \u00e9t\u00e9 partag\u00e9e en ligne, attirant rapidement l\u2019attention. La vid\u00e9o a suscit\u00e9 de nombreuses r\u00e9actions : certains fans se sont montr\u00e9s enthousiastes \u00e0 l\u2019id\u00e9e de le retrouver bient\u00f4t \u00e0 l\u2019\u00e9cran, tandis que d\u2019autres ont reconnu qu\u2019il ne leur avait pas vraiment manqu\u00e9.<\/p>\n<p>Parmi les nombreux commentaires, un en particulier s\u2019est d\u00e9marqu\u00e9 : celui de <strong>Fabrice Sopoglian<\/strong>, ancien parrain embl\u00e9matique des Anges de la t\u00e9l\u00e9-r\u00e9alit\u00e9, bien connu des amateurs du programme.<\/p>\n<p>Fabrice Sopoglian refait surface et encense Cyril Hanouna<\/p>\n<p>Discret depuis plusieurs ann\u00e9es, Fabrice Sopoglian, ex-parrain embl\u00e9matique des Anges de la t\u00e9l\u00e9-r\u00e9alit\u00e9 sur NRJ12, a fait une <strong>apparition remarqu\u00e9e s<\/strong>ur Instagram le jeudi 31 juillet. Il a profit\u00e9 de la diffusion d\u2019une vid\u00e9o montrant Cyril Hanouna d\u00e9ambulant \u00e0 Saint-Tropez, entour\u00e9 de ses gardes du corps, pour saluer publiquement son parcours.<\/p>\n<p>\u00ab\u00a0<strong>R\u00e9ussite<\/strong>\u00a0\u00bb a-t-il simplement comment\u00e9, en r\u00e9action au post initialement publi\u00e9 par nos soins. Un compliment qui n\u2019a pas manqu\u00e9 de faire r\u00e9agir Guillaume Genton, ancien chroniqueur de <a href=\"https:\/\/www.closermag.fr\/people\/cyril-hanouna-ses-vacances-a-saint-tropez-point-de-depart-dun-reglement-de-comptes-sanglant-3568892\" rel=\"nofollow noopener\" target=\"_blank\" data-ylk=\"slk:Lire la suite sur Closer;elm:context_link;itc:0;sec:content-canvas\" class=\"link \">Lire la suite sur Closer<\/a><\/p>\n<p><a href=\"https:\/\/www.closermag.fr\/people\/heureusement-que-iris-mittenaere-se-fait-tailler-un-costard-par-christophe-beaugrand-3568917\" rel=\"nofollow noopener\" target=\"_blank\" data-ylk=\"slk:&quot;Heureusement que\u2026&quot; : Iris Mittenaere se fait tailler un costard par Christophe Beaugrand;elm:context_link;itc:0;sec:content-canvas\" class=\"link \">\u00ab\u00a0Heureusement que\u2026\u00a0\u00bb : Iris Mittenaere se fait tailler un costard par Christophe Beaugrand<\/a><br \/><a href=\"https:\/\/www.closermag.fr\/people\/alain-delon-pas-le-meme-homme-a-douchy-les-habitants-racontent-son-autre-facette-3568914\" rel=\"nofollow noopener\" target=\"_blank\" data-ylk=\"slk:Alain Delon, &quot;pas le m\u00eame homme \u00e0 Douchy&quot; : les habitants racontent son autre facette;elm:context_link;itc:0;sec:content-canvas\" class=\"link \">Alain Delon, \u00ab\u00a0pas le m\u00eame homme \u00e0 Douchy\u00a0\u00bb : les habitants racontent son autre facette<\/a><br \/><a href=\"https:\/\/www.closermag.fr\/people\/quelques-exces-de-cl-patrick-sebastien-nen-est-pas-a-son-coup-dessai-au-cap-dagde-3568910\" rel=\"nofollow noopener\" target=\"_blank\" data-ylk=\"slk:&quot;Quelques exc\u00e8s de c*l&quot; : Patrick S\u00e9bastien n\u2019en est pas \u00e0 son coup d\u2019essai au Cap d\u2019Agde;elm:context_link;itc:0;sec:content-canvas\" class=\"link \">\u00ab\u00a0Quelques exc\u00e8s de c*l\u00a0\u00bb : Patrick S\u00e9bastien n\u2019en est pas \u00e0 son coup d\u2019essai au Cap d\u2019Agde<\/a><br \/><a href=\"https:\/\/www.closermag.fr\/people\/julien-clerc-sa-fille-vanille-au-coeur-dune-secte-cette-rumeur-absurde-qui-emerge-3568907\" rel=\"nofollow noopener\" target=\"_blank\" data-ylk=\"slk:Julien Clerc : sa fille Vanille au coeur d\u2019une secte ? Cette rumeur absurde qui \u00e9merge;elm:context_link;itc:0;sec:content-canvas\" class=\"link \">Julien Clerc : sa fille Vanille au coeur d\u2019une secte ? Cette rumeur absurde qui \u00e9merge<\/a><br \/><a href=\"https:\/\/www.closermag.fr\/people\/celine-dion-rene-angelil-jaloux-de-jean-jacques-goldman-cette-scene-intime-jamais-racontee-3568876\" rel=\"nofollow noopener\" target=\"_blank\" data-ylk=\"slk:C\u00e9line Dion : Ren\u00e9 Ang\u00e9lil jaloux de Jean-Jacques Goldman ? Cette sc\u00e8ne intime jamais racont\u00e9e;elm:context_link;itc:0;sec:content-canvas\" class=\"link \">C\u00e9line Dion : Ren\u00e9 Ang\u00e9lil jaloux de Jean-Jacques Goldman ? Cette sc\u00e8ne intime jamais racont\u00e9e<\/a><\/p>\n","protected":false},"excerpt":{"rendered":"Il y a quelques jours, une s\u00e9quence montrant Cyril Hanouna en promenade dans les rues de Saint-Tropez a&hellip;\n","protected":false},"author":2,"featured_media":294961,"comment_status":"","ping_status":"","sticky":false,"template":"","format":"standard","meta":{"footnotes":""},"categories":[1356],"tags":[1083,58,59,43520,1011,27,20592,682,252,1364],"class_list":{"0":"post-294960","1":"post","2":"type-post","3":"status-publish","4":"format-standard","5":"has-post-thumbnail","7":"category-television","8":"tag-cyril-hanouna","9":"tag-divertissement","10":"tag-entertainment","11":"tag-fabrice-sopoglian","12":"tag-fr","13":"tag-france","14":"tag-saint-tropez","15":"tag-tele-realite","16":"tag-television","17":"tag-tv"},"share_on_mastodon":{"url":"https:\/\/pubeurope.com\/@fr\/114968620143270794","error":""},"_links":{"self":[{"href":"https:\/\/www.europesays.com\/fr\/wp-json\/wp\/v2\/posts\/294960","targetHints":{"allow":["GET"]}}],"collection":[{"href":"https:\/\/www.europesays.com\/fr\/wp-json\/wp\/v2\/posts"}],"about":[{"href":"https:\/\/www.europesays.com\/fr\/wp-json\/wp\/v2\/types\/post"}],"author":[{"embeddable":true,"href":"https:\/\/www.europesays.com\/fr\/wp-json\/wp\/v2\/users\/2"}],"replies":[{"embeddable":true,"href":"https:\/\/www.europesays.com\/fr\/wp-json\/wp\/v2\/comments?post=294960"}],"version-history":[{"count":0,"href":"https:\/\/www.europesays.com\/fr\/wp-json\/wp\/v2\/posts\/294960\/revisions"}],"wp:featuredmedia":[{"embeddable":true,"href":"https:\/\/www.europesays.com\/fr\/wp-json\/wp\/v2\/media\/294961"}],"wp:attachment":[{"href":"https:\/\/www.europesays.com\/fr\/wp-json\/wp\/v2\/media?parent=294960"}],"wp:term":[{"taxonomy":"category","embeddable":true,"href":"https:\/\/www.europesays.com\/fr\/wp-json\/wp\/v2\/categories?post=294960"},{"taxonomy":"post_tag","embeddable":true,"href":"https:\/\/www.europesays.com\/fr\/wp-json\/wp\/v2\/tags?post=294960"}],"curies":[{"name":"wp","href":"https:\/\/api.w.org\/{rel}","templated":true}]}}