{"id":294962,"date":"2025-08-04T04:31:13","date_gmt":"2025-08-04T04:31:13","guid":{"rendered":"https:\/\/www.europesays.com\/fr\/294962\/"},"modified":"2025-08-04T04:31:13","modified_gmt":"2025-08-04T04:31:13","slug":"mariah-carey-affirme-quelle-ne-vieillit-pas-et-quelle-reste-sa-propre-star-preferee","status":"publish","type":"post","link":"https:\/\/www.europesays.com\/fr\/294962\/","title":{"rendered":"Mariah Carey affirme qu\u2019elle ne vieillit pas et qu\u2019elle reste sa propre star pr\u00e9f\u00e9r\u00e9e"},"content":{"rendered":"<p>Mariah Carey a une fois de plus r\u00e9v\u00e9l\u00e9 son approche tr\u00e8s particuli\u00e8re du vieillissement. La <a href=\"https:\/\/www.20minutes.fr\/arts-stars\/people\/4164652-20250721-mariah-carey-retour-album-sheila-o-connor-confie-sophie-marceau\" rel=\"nofollow noopener\" target=\"_blank\" class=\"color-ultramarine c-link\">chanteuse<\/a> de 56 ans, qui pose en couverture de la derni\u00e8re \u00e9dition de Harper\u2019s Bazaar UK, a confi\u00e9 qu\u2019elle ne s\u2019autorisait tout simplement pas \u00e0 vieillir. \u00ab\u00a0Je ne le permets pas \u2013 \u00e7a n\u2019arrive tout simplement pas. Je ne connais pas le temps\u00a0\u00bb, a expliqu\u00e9 l\u2019interpr\u00e8te de Vision of Love au magazine.<\/p>\n<p>L\u2019ic\u00f4ne de la pop, qui arbore toujours la m\u00eame <a href=\"https:\/\/www.20minutes.fr\/sciences\/3049447-20210527-age-maximum-peut-atteindre-corps-humain-determine-scientifiques\" rel=\"nofollow noopener\" target=\"_blank\" class=\"color-ultramarine c-link\">apparence<\/a> radieuse qu\u2019\u00e0 ses d\u00e9buts dans les ann\u00e9es\u00a01990, s\u2019agace d\u2019ailleurs qu\u2019on lui pose sans cesse cette question sur laquelle elle estime avoir \u00e9t\u00e9 tr\u00e8s claire dans ses interviews comme dans ses chansons. \u00ab\u00a0Je ne reconnais pas le temps &#8211; j\u2019ai une nouvelle chanson qui commence par cette phrase\u00a0\u00bb, a-t-elle <a href=\"https:\/\/www.harpersbazaar.com\/uk\/culture\/entertainment\/a65509278\/mariah-carey-cover-star-interview\/\" rel=\"nofollow noopener\" target=\"_blank\" class=\"color-ultramarine c-link\">ajout\u00e9<\/a>. Et il est vrai qu\u2019il y a longtemps &#8211; enfin du point de vue du reste de l\u2019humanit\u00e9 &#8211; que la diva tient ce discours.<\/p>\n<p>Ne pas compter les ann\u00e9es<\/p>\n<p>En\u00a02017, Mariah Carey avait d\u00e9j\u00e0 fait sensation en expliquant sa <a href=\"https:\/\/www.dailymail.co.uk\/tvshowbiz\/article-14946905\/Mariah-Carey-56-reveals-doesnt-allow-age-acknowledge-time-poses-flawless-Harpers-Bazaar-cover.html\" rel=\"nofollow noopener\" target=\"_blank\" class=\"color-ultramarine c-link\">th\u00e9orie<\/a> \u00e0 The Observer. Questionn\u00e9e sur les \u00ab\u00a0presque 25 ans\u00a0\u00bb de son premier num\u00e9ro Un am\u00e9ricain, la star avait <a href=\"https:\/\/www.20minutes.fr\/arts-stars\/people\/4159387-20250621-voici-raison-laquelle-mariah-carey-celebre-jamais-anniversaire\" rel=\"nofollow noopener\" target=\"_blank\" class=\"color-ultramarine c-link\">r\u00e9pliqu\u00e9<\/a> avec son humour habituel\u00a0: \u00ab\u00a0D\u2019abord, n\u2019arrondissez pas vers le haut. Si vous devez arrondir, arrondissez vers le bas\u00a0!\u00a0\u00bb Avant d\u2019ajouter\u00a0: \u00ab\u00a0Je ne compte pas les ann\u00e9es, mais je les r\u00e9fute d\u00e9finitivement \u2013 je c\u00e9l\u00e8bre des anniversaires, mais pas des anniversaires de naissance. Parce que je c\u00e9l\u00e8bre la vie, ch\u00e9rie.\u00a0\u00bb<\/p>\n","protected":false},"excerpt":{"rendered":"Mariah Carey a une fois de plus r\u00e9v\u00e9l\u00e9 son approche tr\u00e8s particuli\u00e8re du vieillissement. La chanteuse de 56&hellip;\n","protected":false},"author":2,"featured_media":294963,"comment_status":"","ping_status":"","sticky":false,"template":"","format":"standard","meta":{"footnotes":""},"categories":[1355],"tags":[2704,58,59,1011,27,34115,1361,873,973,133,282],"class_list":{"0":"post-294962","1":"post","2":"type-post","3":"status-publish","4":"format-standard","5":"has-post-thumbnail","7":"category-musique","8":"tag-chanteuse","9":"tag-divertissement","10":"tag-entertainment","11":"tag-fr","12":"tag-france","13":"tag-mariah-carey","14":"tag-music","15":"tag-musique","16":"tag-people","17":"tag-video","18":"tag-vieillissement"},"share_on_mastodon":{"url":"https:\/\/pubeurope.com\/@fr\/114968624000707491","error":""},"_links":{"self":[{"href":"https:\/\/www.europesays.com\/fr\/wp-json\/wp\/v2\/posts\/294962","targetHints":{"allow":["GET"]}}],"collection":[{"href":"https:\/\/www.europesays.com\/fr\/wp-json\/wp\/v2\/posts"}],"about":[{"href":"https:\/\/www.europesays.com\/fr\/wp-json\/wp\/v2\/types\/post"}],"author":[{"embeddable":true,"href":"https:\/\/www.europesays.com\/fr\/wp-json\/wp\/v2\/users\/2"}],"replies":[{"embeddable":true,"href":"https:\/\/www.europesays.com\/fr\/wp-json\/wp\/v2\/comments?post=294962"}],"version-history":[{"count":0,"href":"https:\/\/www.europesays.com\/fr\/wp-json\/wp\/v2\/posts\/294962\/revisions"}],"wp:featuredmedia":[{"embeddable":true,"href":"https:\/\/www.europesays.com\/fr\/wp-json\/wp\/v2\/media\/294963"}],"wp:attachment":[{"href":"https:\/\/www.europesays.com\/fr\/wp-json\/wp\/v2\/media?parent=294962"}],"wp:term":[{"taxonomy":"category","embeddable":true,"href":"https:\/\/www.europesays.com\/fr\/wp-json\/wp\/v2\/categories?post=294962"},{"taxonomy":"post_tag","embeddable":true,"href":"https:\/\/www.europesays.com\/fr\/wp-json\/wp\/v2\/tags?post=294962"}],"curies":[{"name":"wp","href":"https:\/\/api.w.org\/{rel}","templated":true}]}}