{"id":294968,"date":"2025-08-04T04:36:13","date_gmt":"2025-08-04T04:36:13","guid":{"rendered":"https:\/\/www.europesays.com\/fr\/294968\/"},"modified":"2025-08-04T04:36:13","modified_gmt":"2025-08-04T04:36:13","slug":"jul-a-t-il-utilise-lia-pour-creer-son-dernier-titre-toi-et-moi","status":"publish","type":"post","link":"https:\/\/www.europesays.com\/fr\/294968\/","title":{"rendered":"Jul a-t-il utilis\u00e9 l\u2019IA pour cr\u00e9er son dernier titre \u00ab Toi et moi \u00bb ?"},"content":{"rendered":"<p class=\"paragraph text_align_left lp-f-body-02\">Un simple titre aura suffi \u00e0 semer le doute. <a href=\"https:\/\/www.leparisien.fr\/culture-loisirs\/musique\/jul-en-concert-au-stade-velodrome-2h45-de-show-hommage-a-werenoi-et-nouveau-record-daffluence-24-05-2025-ON7JIR4WD5AN3COO3ROMJURQBE.php\" target=\"_self\" rel=\"nofollow noopener\">Jul<\/a> a d\u00e9voil\u00e9 vendredi <a href=\"https:\/\/youtu.be\/-e-Uqtuct04\" target=\"_self\" rel=\"nofollow noopener\">\u00ab Toi et moi \u00bb<\/a>, un nouveau morceau aux sonorit\u00e9s gitanes, tr\u00e8s diff\u00e9rent de ce qu\u2019il a l\u2019habitude de proposer. Trop diff\u00e9rent ? Sur les r\u00e9seaux sociaux, les commentaires d\u00e9ferlent et deviennent accusateurs : \u00ab Tu peux encore supprimer le J, j\u2019sais pas \u00e0 quoi tu joues \u00bb, \u00ab C\u2019est de l\u2019IA ? Dites-moi qu\u2019il n\u2019est pas s\u00e9rieux \u00bb, \u00ab Son compte s\u2019est fait hacker ? \u00bb.<\/p>\n<p class=\"paragraph text_align_left lp-f-body-02\">Le beatmaker (compositeur d\u2019instrumentales de rap) LnKhey s\u2019est m\u00eame fendu d\u2019une vid\u00e9o dans laquelle il affirme d\u00e9montrer techniquement que le titre a bien \u00e9t\u00e9 g\u00e9n\u00e9r\u00e9 par une intelligence artificielle.<\/p>\n","protected":false},"excerpt":{"rendered":"Un simple titre aura suffi \u00e0 semer le doute. Jul a d\u00e9voil\u00e9 vendredi \u00ab Toi et moi \u00bb,&hellip;\n","protected":false},"author":2,"featured_media":294969,"comment_status":"","ping_status":"","sticky":false,"template":"","format":"standard","meta":{"footnotes":""},"categories":[8],"tags":[872,58,59,1011,27,142],"class_list":{"0":"post-294968","1":"post","2":"type-post","3":"status-publish","4":"format-standard","5":"has-post-thumbnail","7":"category-divertissement","8":"tag-culture-et-loisirs","9":"tag-divertissement","10":"tag-entertainment","11":"tag-fr","12":"tag-france","13":"tag-high-tech"},"share_on_mastodon":{"url":"https:\/\/pubeurope.com\/@fr\/114968643882313504","error":""},"_links":{"self":[{"href":"https:\/\/www.europesays.com\/fr\/wp-json\/wp\/v2\/posts\/294968","targetHints":{"allow":["GET"]}}],"collection":[{"href":"https:\/\/www.europesays.com\/fr\/wp-json\/wp\/v2\/posts"}],"about":[{"href":"https:\/\/www.europesays.com\/fr\/wp-json\/wp\/v2\/types\/post"}],"author":[{"embeddable":true,"href":"https:\/\/www.europesays.com\/fr\/wp-json\/wp\/v2\/users\/2"}],"replies":[{"embeddable":true,"href":"https:\/\/www.europesays.com\/fr\/wp-json\/wp\/v2\/comments?post=294968"}],"version-history":[{"count":0,"href":"https:\/\/www.europesays.com\/fr\/wp-json\/wp\/v2\/posts\/294968\/revisions"}],"wp:featuredmedia":[{"embeddable":true,"href":"https:\/\/www.europesays.com\/fr\/wp-json\/wp\/v2\/media\/294969"}],"wp:attachment":[{"href":"https:\/\/www.europesays.com\/fr\/wp-json\/wp\/v2\/media?parent=294968"}],"wp:term":[{"taxonomy":"category","embeddable":true,"href":"https:\/\/www.europesays.com\/fr\/wp-json\/wp\/v2\/categories?post=294968"},{"taxonomy":"post_tag","embeddable":true,"href":"https:\/\/www.europesays.com\/fr\/wp-json\/wp\/v2\/tags?post=294968"}],"curies":[{"name":"wp","href":"https:\/\/api.w.org\/{rel}","templated":true}]}}