{"id":294970,"date":"2025-08-04T04:37:12","date_gmt":"2025-08-04T04:37:12","guid":{"rendered":"https:\/\/www.europesays.com\/fr\/294970\/"},"modified":"2025-08-04T04:37:12","modified_gmt":"2025-08-04T04:37:12","slug":"600-pieces-dor-decouvertes-par-hasard-des-randonneurs-plongent-la-france-dans-une-chasse-au-tresor-folle-et-attisent-les-convoitises","status":"publish","type":"post","link":"https:\/\/www.europesays.com\/fr\/294970\/","title":{"rendered":"\u00ab 600 pi\u00e8ces d\u2019or d\u00e9couvertes par hasard \u00bb : des randonneurs plongent la France dans une chasse au tr\u00e9sor folle et attisent les convoitises"},"content":{"rendered":"<tr>\n<td><strong>EN BREF<\/strong><\/td>\n<\/tr>\n<tr>\n<td>\n<ul>\n<li>\ud83d\uddfa\ufe0f D\u00e9couverte inattendue : Deux randonneurs trouvent un <strong>tr\u00e9sor<\/strong> cach\u00e9 dans les bois de Rtyn\u011b v Podkrkono\u0161\u00ed.<\/li>\n<li>Le mus\u00e9e de Boh\u00eame orientale \u00e9value le <strong>tr\u00e9sor<\/strong> \u00e0 302 000 euros, comprenant 600 pi\u00e8ces d\u2019or et divers objets anciens.<\/li>\n<li>Les experts pensent que le <strong>tr\u00e9sor<\/strong> provient de Serbie et a \u00e9t\u00e9 cach\u00e9 pendant l\u2019annexion nazie.<\/li>\n<li>Les randonneurs pourraient toucher jusqu\u2019\u00e0 10 % de la valeur du <strong>tr\u00e9sor<\/strong> en r\u00e9compense.<\/li>\n<\/ul>\n<\/td>\n<\/tr>\n<p>La d\u00e9couverte d\u2019un tr\u00e9sor cach\u00e9 est un r\u00eave que beaucoup de personnes partagent. C\u2019est une aventure que deux randonneurs ont r\u00e9ellement v\u00e9cue dans les bois de Rtyn\u011b v Podkrkono\u0161\u00ed, en R\u00e9publique tch\u00e8que. En f\u00e9vrier, ces touristes ont trouv\u00e9 une bo\u00eete en fer contenant des centaines de pi\u00e8ces d\u2019or et d\u2019autres objets anciens. Cette d\u00e9couverte a \u00e9t\u00e9 rendue publique r\u00e9cemment par le mus\u00e9e de Boh\u00eame orientale. Le mus\u00e9e a estim\u00e9 la valeur du tr\u00e9sor \u00e0 environ 302 000 euros. \u00c0 l\u2019int\u00e9rieur, on trouve 600 pi\u00e8ces d\u2019or datant de 1808 \u00e0 1915, ainsi que divers artefacts comme des bracelets et des tabati\u00e8res.<\/p>\n<p>Le contexte historique du tr\u00e9sor<\/p>\n<p>Les experts en arch\u00e9ologie du mus\u00e9e ont propos\u00e9 une th\u00e9orie sur l\u2019origine de cette bo\u00eete en fer. Selon eux, les pi\u00e8ces provenaient probablement de Serbie dans les ann\u00e9es 1920 et 1930. \u00c0 cette \u00e9poque, elles \u00e9taient souvent utilis\u00e9es pour la confection de bijoux typiques des Balkans. L\u2019hypoth\u00e8se des experts est que ces objets ont \u00e9t\u00e9 cach\u00e9s par des habitants fuyant la r\u00e9gion pendant l\u2019annexion par l\u2019Allemagne nazie. Ces personnes esp\u00e9raient sans doute r\u00e9cup\u00e9rer leur tr\u00e9sor plus tard. Les pi\u00e8ces et objets retrouv\u00e9s offrent un aper\u00e7u fascinant de l\u2019histoire tumultueuse de cette p\u00e9riode.<\/p>\n<blockquote class=\"wp-embedded-content\" data-secret=\"zDY3v94Rpg\">\n<p><a href=\"https:\/\/newsly.fr\/2025\/07\/20\/cest-une-mine-sans-fond-un-gisement-dor-colossal-decouvert-plus-grand-que-tout-ce-que-lhumanite-a-jamais-extrait\/\" rel=\"nofollow noopener\" target=\"_blank\">\u00ab C\u2019est une mine sans fond \u00bb : un gisement d\u2019or colossal d\u00e9couvert, plus grand que tout ce que l\u2019humanit\u00e9 a jamais extrait<\/a><\/p>\n<\/blockquote>\n<p>Le r\u00f4le du mus\u00e9e de Boh\u00eame orientale<\/p>\n<p>Apr\u00e8s la d\u00e9couverte, les randonneurs ont confi\u00e9 le tr\u00e9sor au mus\u00e9e de Boh\u00eame orientale pour \u00e9valuation. Le mus\u00e9e s\u2019est charg\u00e9 de cataloguer ces objets pr\u00e9cieux. Leur projet est de mettre en place une exposition publique afin de pr\u00e9senter ces d\u00e9couvertes au grand public. Cette initiative vise \u00e0 partager l\u2019histoire et la valeur culturelle du tr\u00e9sor avec les visiteurs. En outre, les analyses approfondies des objets permettront de confirmer les hypoth\u00e8ses des experts sur leur provenance et leur histoire.<\/p>\n<blockquote class=\"wp-embedded-content\" data-secret=\"dMPuv8gPAx\">\n<p><a href=\"https:\/\/newsly.fr\/2025\/06\/19\/decouverte-stupefiante-le-garage-de-cette-grand-mere-abritait-des-ferrari-et-lamborghini-dune-valeur-inestimable-un-tresor-cache-depuis-des-annees\/\" rel=\"nofollow noopener\" target=\"_blank\">D\u00e9couverte stup\u00e9fiante : le garage de cette grand-m\u00e8re abritait des Ferrari et Lamborghini d\u2019une valeur inestimable, un tr\u00e9sor cach\u00e9 depuis des ann\u00e9es<\/a><\/p>\n<\/blockquote>\n<p>Une r\u00e9compense pour les d\u00e9couvreurs<\/p>\n<p>En vertu de la loi tch\u00e8que, les d\u00e9couvreurs d\u2019un tr\u00e9sor peuvent recevoir une r\u00e9compense significative. Dans ce cas, les deux randonneurs pourraient toucher jusqu\u2019\u00e0 10 % de la valeur totale du tr\u00e9sor, soit environ 30 200 euros. Cette somme repr\u00e9sente une belle compensation pour ces amateurs d\u2019aventure. Cette r\u00e9compense souligne \u00e9galement l\u2019importance de d\u00e9clarer ce type de d\u00e9couvertes aux autorit\u00e9s comp\u00e9tentes. Cela permet non seulement de pr\u00e9server le patrimoine historique mais aussi de reconna\u00eetre le r\u00f4le des d\u00e9couvreurs.<\/p>\n<blockquote class=\"wp-embedded-content\" data-secret=\"qswbqeKROF\">\n<p><a href=\"https:\/\/newsly.fr\/2025\/07\/04\/un-tresor-colossal-sous-leurs-pieds-la-chine-stupefie-le-monde-avec-un-gisement-dor-estime-a-75-milliards-deuros\/\" rel=\"nofollow noopener\" target=\"_blank\">\u00ab Un tr\u00e9sor colossal sous leurs pieds \u00bb : la Chine stup\u00e9fie le monde avec un gisement d\u2019or estim\u00e9 \u00e0 75 milliards d\u2019euros<\/a><\/p>\n<\/blockquote>\n<p>Les enjeux de la d\u00e9couverte pour les experts<\/p>\n<p>La d\u00e9couverte du tr\u00e9sor soul\u00e8ve plusieurs questions pour les experts en arch\u00e9ologie. Ils doivent maintenant proc\u00e9der \u00e0 des analyses plus pouss\u00e9es pour v\u00e9rifier leurs th\u00e9ories. Ces recherches pourraient r\u00e9v\u00e9ler de nouvelles informations sur les \u00e9changes \u00e9conomiques et culturels dans les Balkans au d\u00e9but du XXe si\u00e8cle. De plus, le tr\u00e9sor offre une occasion unique d\u2019\u00e9tudier les pratiques de dissimulation d\u2019objets pr\u00e9cieux en p\u00e9riode de conflit. Ces analyses contribueront \u00e0 enrichir notre compr\u00e9hension de l\u2019histoire r\u00e9gionale et des motivations humaines face \u00e0 l\u2019incertitude.<\/p>\n<p>Cette d\u00e9couverte inattendue dans les bois de la R\u00e9publique tch\u00e8que a captiv\u00e9 l\u2019attention de nombreux passionn\u00e9s d\u2019histoire et de tr\u00e9sors cach\u00e9s. Elle offre un aper\u00e7u fascinant de l\u2019histoire europ\u00e9enne et soul\u00e8ve des questions intrigantes sur la pr\u00e9servation et la restitution des biens culturels. Quels autres secrets pourraient \u00eatre enfouis sous terre, attendant d\u2019\u00eatre d\u00e9couverts par des explorateurs modernes ?<\/p>\n<p>Cet article s\u2019appuie sur des sources v\u00e9rifi\u00e9es et l\u2019assistance de technologies \u00e9ditoriales.<\/p>\n<p id=\"rating\">\u00c7a vous a plu ?\u00a04.5\/5 (28)<\/p>\n","protected":false},"excerpt":{"rendered":"EN BREF \ud83d\uddfa\ufe0f D\u00e9couverte inattendue : Deux randonneurs trouvent un tr\u00e9sor cach\u00e9 dans les bois de Rtyn\u011b v&hellip;\n","protected":false},"author":2,"featured_media":294971,"comment_status":"","ping_status":"","sticky":false,"template":"","format":"standard","meta":{"footnotes":""},"categories":[7],"tags":[1011,27,43,40,41,39,42,44],"class_list":{"0":"post-294970","1":"post","2":"type-post","3":"status-publish","4":"format-standard","5":"has-post-thumbnail","7":"category-sciences-et-technologies","8":"tag-fr","9":"tag-france","10":"tag-science","11":"tag-science-and-technology","12":"tag-sciences","13":"tag-sciences-et-technologies","14":"tag-technologies","15":"tag-technology"},"share_on_mastodon":{"url":"https:\/\/pubeurope.com\/@fr\/114968647690312035","error":""},"_links":{"self":[{"href":"https:\/\/www.europesays.com\/fr\/wp-json\/wp\/v2\/posts\/294970","targetHints":{"allow":["GET"]}}],"collection":[{"href":"https:\/\/www.europesays.com\/fr\/wp-json\/wp\/v2\/posts"}],"about":[{"href":"https:\/\/www.europesays.com\/fr\/wp-json\/wp\/v2\/types\/post"}],"author":[{"embeddable":true,"href":"https:\/\/www.europesays.com\/fr\/wp-json\/wp\/v2\/users\/2"}],"replies":[{"embeddable":true,"href":"https:\/\/www.europesays.com\/fr\/wp-json\/wp\/v2\/comments?post=294970"}],"version-history":[{"count":0,"href":"https:\/\/www.europesays.com\/fr\/wp-json\/wp\/v2\/posts\/294970\/revisions"}],"wp:featuredmedia":[{"embeddable":true,"href":"https:\/\/www.europesays.com\/fr\/wp-json\/wp\/v2\/media\/294971"}],"wp:attachment":[{"href":"https:\/\/www.europesays.com\/fr\/wp-json\/wp\/v2\/media?parent=294970"}],"wp:term":[{"taxonomy":"category","embeddable":true,"href":"https:\/\/www.europesays.com\/fr\/wp-json\/wp\/v2\/categories?post=294970"},{"taxonomy":"post_tag","embeddable":true,"href":"https:\/\/www.europesays.com\/fr\/wp-json\/wp\/v2\/tags?post=294970"}],"curies":[{"name":"wp","href":"https:\/\/api.w.org\/{rel}","templated":true}]}}