{"id":294975,"date":"2025-08-04T04:40:13","date_gmt":"2025-08-04T04:40:13","guid":{"rendered":"https:\/\/www.europesays.com\/fr\/294975\/"},"modified":"2025-08-04T04:40:13","modified_gmt":"2025-08-04T04:40:13","slug":"tempete-en-plein-ete-des-vents-jusqua-136-km-h-attendus-ce-lundi-en-europe-avec-larrivee-de-floris","status":"publish","type":"post","link":"https:\/\/www.europesays.com\/fr\/294975\/","title":{"rendered":"Temp\u00eate en plein \u00e9t\u00e9\u00a0: des vents jusqu\u2019\u00e0 136\u00a0km\/h attendus ce lundi en Europe avec l\u2019arriv\u00e9e de\u00a0Floris"},"content":{"rendered":"<p>\u00ab Il n\u2019y a plus de saisons \u00bb\u2026 pour les temp\u00eates. La Meteorological Office, service national britannique de m\u00e9t\u00e9orologie, a annonc\u00e9, vendredi, qu\u2019une nouvelle perturbation allait impacter la moiti\u00e9 nord du Royaume-Uni, lundi 4 ao\u00fbt et mardi 5 ao\u00fbt 2025.<\/p>\n<p>Une perturbation \u00ab inhabituelle pour la saison \u00bb<\/p>\n<p>D\u00e9nomm\u00e9e Floris, la temp\u00eate, \u00ab inhabituelle pour la saison \u00bb, apportera des vents violents et de fortes pr\u00e9cipitations sur la moiti\u00e9 nord du Royaume-Uni lundi et mardi matin.<\/p>\n<p>\u00ab Une alerte jaune pour vents violents a \u00e9t\u00e9 \u00e9mise, vendredi, pour une partie de la moiti\u00e9 nord du Royaume-Uni, couvrant l\u2019Irlande du Nord, le nord du Pays de Galles, le nord de l\u2019Angleterre et toute l\u2019\u00c9cosse, o\u00f9 les vents les plus forts sont susceptibles d\u2019\u00eatre enregistr\u00e9s, d\u00e9taille la Meteorological Office. L\u2019alerte sera en vigueur du lundi 4 ao\u00fbt, \u00e0 6 h, au mardi 5 ao\u00fbt 2025, \u00e0 6 h \u00bb.<\/p>\n<p>Le service britannique de m\u00e9t\u00e9orologie pr\u00e9vient que \u00ab de nombreuses r\u00e9gions int\u00e9rieures devraient conna\u00eetre des rafales de 40 \u00e0 50 mph (60 km\/h \u00e0 80 km\/h). Des rafales de 60 \u00e0 70 mph (95 km\/h \u00e0 112 km\/h) sont plus probables en altitude et sur les c\u00f4tes expos\u00e9es en \u00c9cosse. Il existe un faible risque que certaines localit\u00e9s enregistrent m\u00eame des rafales de 85 mph (136 km\/h) \u00bb.<\/p>\n<p>\u00ab Les vents commenceront \u00e0 faiblir dans l\u2019Ouest, tard lundi, mais resteront tr\u00e8s forts jusqu\u2019\u00e0 mardi matin dans l\u2019Est de la zone d\u2019alerte \u00bb, selon les pr\u00e9visionnistes.<\/p>\n","protected":false},"excerpt":{"rendered":"\u00ab Il n\u2019y a plus de saisons \u00bb\u2026 pour les temp\u00eates. La Meteorological Office, service national britannique de&hellip;\n","protected":false},"author":2,"featured_media":294976,"comment_status":"","ping_status":"","sticky":false,"template":"","format":"standard","meta":{"footnotes":""},"categories":[4],"tags":[11,4732,765,436,1011,27,2487,74,12,25,7747],"class_list":{"0":"post-294975","1":"post","2":"type-post","3":"status-publish","4":"format-standard","5":"has-post-thumbnail","7":"category-france","8":"tag-actualites","9":"tag-catastrophe-naturelle","10":"tag-en-continu","11":"tag-environnement","12":"tag-fr","13":"tag-france","14":"tag-meteo","15":"tag-monde","16":"tag-news","17":"tag-republique-francaise","18":"tag-tempete"},"share_on_mastodon":{"url":"https:\/\/pubeurope.com\/@fr\/114968659783482729","error":""},"_links":{"self":[{"href":"https:\/\/www.europesays.com\/fr\/wp-json\/wp\/v2\/posts\/294975","targetHints":{"allow":["GET"]}}],"collection":[{"href":"https:\/\/www.europesays.com\/fr\/wp-json\/wp\/v2\/posts"}],"about":[{"href":"https:\/\/www.europesays.com\/fr\/wp-json\/wp\/v2\/types\/post"}],"author":[{"embeddable":true,"href":"https:\/\/www.europesays.com\/fr\/wp-json\/wp\/v2\/users\/2"}],"replies":[{"embeddable":true,"href":"https:\/\/www.europesays.com\/fr\/wp-json\/wp\/v2\/comments?post=294975"}],"version-history":[{"count":0,"href":"https:\/\/www.europesays.com\/fr\/wp-json\/wp\/v2\/posts\/294975\/revisions"}],"wp:featuredmedia":[{"embeddable":true,"href":"https:\/\/www.europesays.com\/fr\/wp-json\/wp\/v2\/media\/294976"}],"wp:attachment":[{"href":"https:\/\/www.europesays.com\/fr\/wp-json\/wp\/v2\/media?parent=294975"}],"wp:term":[{"taxonomy":"category","embeddable":true,"href":"https:\/\/www.europesays.com\/fr\/wp-json\/wp\/v2\/categories?post=294975"},{"taxonomy":"post_tag","embeddable":true,"href":"https:\/\/www.europesays.com\/fr\/wp-json\/wp\/v2\/tags?post=294975"}],"curies":[{"name":"wp","href":"https:\/\/api.w.org\/{rel}","templated":true}]}}