{"id":294979,"date":"2025-08-04T04:42:12","date_gmt":"2025-08-04T04:42:12","guid":{"rendered":"https:\/\/www.europesays.com\/fr\/294979\/"},"modified":"2025-08-04T04:42:12","modified_gmt":"2025-08-04T04:42:12","slug":"loire-cambriolages-vols-de-vehicule-stups-les-vrais-chiffres-de-la-delinquance-a-saint-etienne","status":"publish","type":"post","link":"https:\/\/www.europesays.com\/fr\/294979\/","title":{"rendered":"Loire. Cambriolages, vols de v\u00e9hicule, stups\u2026 les vrais chiffres de la d\u00e9linquance \u00e0 Saint-\u00c9tienne"},"content":{"rendered":"<p>Depuis trois ans, les bonnes nouvelles sont plut\u00f4t rares pour la ville. Fin juin, une est venue apporter du baume au c\u0153ur \u00e0 la majorit\u00e9\u00a0: Le Figaro a class\u00e9 Saint-\u00c9tienne dans le top 5 des villes de France qui investissent le plus dans la s\u00e9curit\u00e9.\u00a0<\/p>\n<p>10 % du budget consacr\u00e9 \u00e0 la tranquillit\u00e9 publique<\/p>\n<p>\u00a0Avec 10,4\u00a0% de son budget de fonctionnement consacr\u00e9 \u00e0 la tranquillit\u00e9 publique, la capitale lig\u00e9rienne occupe la 4e\u00a0 place, devanc\u00e9e seulement par trois communes du sud de la France : Cannes, B\u00e9ziers et Antibes. Le quotidien de presse nationale a pass\u00e9 au crible les balances comptables communales d\u2019une centaine de villes de plus de 50\u00a0000 habitants pour \u00e9tablir son \u00e9tat des lieux. Le classement r\u00e9v\u00e8le, par ailleurs, qu\u2019un habitant st\u00e9phanois d\u00e9pense 142 euros par an pour faire face \u00e0 l\u2019ins\u00e9curit\u00e9 dans sa ville.<\/p>\n<p>Dans un message post\u00e9 sur Facebook, la majorit\u00e9 et Ga\u00ebl Perdriau, le maire, se sont f\u00e9licit\u00e9s d\u2019\u00eatre \u00e0 un niveau aussi&#8230;<\/p>\n","protected":false},"excerpt":{"rendered":"Depuis trois ans, les bonnes nouvelles sont plut\u00f4t rares pour la ville. Fin juin, une est venue apporter&hellip;\n","protected":false},"author":2,"featured_media":294980,"comment_status":"","ping_status":"","sticky":false,"template":"","format":"standard","meta":{"footnotes":""},"categories":[9653],"tags":[1111,11,2430,7539,1777,674,274,107,1011,27,3367,12,25,4001,7538],"class_list":{"0":"post-294979","1":"post","2":"type-post","3":"status-publish","4":"format-standard","5":"has-post-thumbnail","7":"category-saint-etienne","8":"tag-actu","9":"tag-actualites","10":"tag-auvergne-rhone-alpes","11":"tag-edition-loire-sud","12":"tag-eu","13":"tag-europe","14":"tag-faits-divers-justice","15":"tag-fil-info","16":"tag-fr","17":"tag-france","18":"tag-loire","19":"tag-news","20":"tag-republique-francaise","21":"tag-saint-etienne","22":"tag-saint-etienne-ville"},"share_on_mastodon":{"url":"https:\/\/pubeurope.com\/@fr\/114968667357083275","error":""},"_links":{"self":[{"href":"https:\/\/www.europesays.com\/fr\/wp-json\/wp\/v2\/posts\/294979","targetHints":{"allow":["GET"]}}],"collection":[{"href":"https:\/\/www.europesays.com\/fr\/wp-json\/wp\/v2\/posts"}],"about":[{"href":"https:\/\/www.europesays.com\/fr\/wp-json\/wp\/v2\/types\/post"}],"author":[{"embeddable":true,"href":"https:\/\/www.europesays.com\/fr\/wp-json\/wp\/v2\/users\/2"}],"replies":[{"embeddable":true,"href":"https:\/\/www.europesays.com\/fr\/wp-json\/wp\/v2\/comments?post=294979"}],"version-history":[{"count":0,"href":"https:\/\/www.europesays.com\/fr\/wp-json\/wp\/v2\/posts\/294979\/revisions"}],"wp:featuredmedia":[{"embeddable":true,"href":"https:\/\/www.europesays.com\/fr\/wp-json\/wp\/v2\/media\/294980"}],"wp:attachment":[{"href":"https:\/\/www.europesays.com\/fr\/wp-json\/wp\/v2\/media?parent=294979"}],"wp:term":[{"taxonomy":"category","embeddable":true,"href":"https:\/\/www.europesays.com\/fr\/wp-json\/wp\/v2\/categories?post=294979"},{"taxonomy":"post_tag","embeddable":true,"href":"https:\/\/www.europesays.com\/fr\/wp-json\/wp\/v2\/tags?post=294979"}],"curies":[{"name":"wp","href":"https:\/\/api.w.org\/{rel}","templated":true}]}}