{"id":294985,"date":"2025-08-04T04:48:14","date_gmt":"2025-08-04T04:48:14","guid":{"rendered":"https:\/\/www.europesays.com\/fr\/294985\/"},"modified":"2025-08-04T04:48:14","modified_gmt":"2025-08-04T04:48:14","slug":"on-veut-vraiment-proposer-des-souvenirs-speciaux-a-la-seyne-cette-boutique-fait-le-bonheur-des-touristes-et-des-locaux","status":"publish","type":"post","link":"https:\/\/www.europesays.com\/fr\/294985\/","title":{"rendered":"\u00ab\u00a0On veut vraiment proposer des souvenirs sp\u00e9ciaux\u00a0\u00bb: \u00e0 La Seyne, cette boutique fait le bonheur des touristes et des locaux"},"content":{"rendered":"<p>C\u2019est au c\u0153ur du hameau des Sablettes, mythique station baln\u00e9aire de La Seyne, que Philippe Moreau et sa femme Lydia ont cr\u00e9\u00e9, il y a neuf ans maintenant, cette boutique de souvenirs artisanaux. L\u2019objectif \u00e9tait de promouvoir et de faire d\u00e9couvrir les tr\u00e9sors que sont les Sablettes et Tamaris, quartiers embl\u00e9matiques de la deuxi\u00e8me ville du Var.<\/p>\n<p>Ici, en plus des souvenirs classiques et g\u00e9n\u00e9riques, vous pourrez trouver des cadeaux exclusifs et personnalis\u00e9s \u00e0 rapporter de vos vacances. \u00ab\u00a0On a compris que les gens aimaient beaucoup avoir des objets o\u00f9 il est \u00e9crit \u201cSablettes\u00a0\u00bb dessus, c\u2019est pour \u00e7a qu\u2019on a d\u00e9cid\u00e9 de cr\u00e9er nos produits avec des visuels exclusifs, que l\u2019on change chaque ann\u00e9e \u00bb, explique Philippe.<\/p>\n<p>\u00ab\u00a0On veut vraiment proposer des souvenirs sp\u00e9ciaux\u00a0\u00bb<\/p>\n<p>              <img ci-src=\"https:\/\/www.varmatin.com\/commerce\/protec\/DATA_ART_16018568-i7oYxSR1.jpg?vh=808284&amp;ci_seal=19ada310aa\" alt=\"\"\/><\/p>\n<p>              <img ci-src=\"https:\/\/www.varmatin.com\/commerce\/protec\/DATA_ART_16018570-UOLWgBQV.jpg?vh=e7a85d&amp;ci_seal=1cad88fea8\" alt=\"\"\/><\/p>\n<p>Les tasses, les lampes, les bo\u00eetes \u00e0 g\u00e2teaux\u2026 Ici, tout est sign\u00e9 Esprit Sablettes. Les photos que l\u2019on peut trouver sur les souvenirs sont celles prises par Philippe, et les visuels sont ceux de la boutique. Tout est unique dans ce magasin. \u00ab\u00a0On veut vraiment proposer des souvenirs sp\u00e9ciaux aux gens. On ne veut pas se contenter d\u2019un objet que l\u2019on peut trouver partout et o\u00f9 c\u2019est simplement le nom du lieu qui change\u00a0\u00bb, d\u00e9clare le commer\u00e7ant. Le couple a, par exemple, choisi de faire une commande de boules \u00e0 neige avec les Deux Fr\u00e8res, ces deux rochers symboles de ce quartier de La Seyne.<\/p>\n<p>Pratique La boutique est situ\u00e9e au 602 avenue Charles-de-Gaulle \u00e0 La Seyne. Ouvert \u00e0 partir de 9h30 du mardi au samedi et \u00e0 partir de 10h et 10h30 le lundi et le dimanche. Rens. 04.83.99.52.91.<\/p>\n<p>La bo\u00eete \u00e0 cigale<\/p>\n<p>              <img ci-src=\"https:\/\/www.varmatin.com\/commerce\/protec\/DATA_ART_16018567-GAPKstjW.jpg?vh=bbec8f&amp;ci_seal=d8c2f7ecc4\" alt=\"\"\/><br \/>\n        Dans cette boutique, un large choix d\u2019objets vous est propos\u00e9, pour offrir ou pour vous faire plaisir.&#13;<br \/>\n <strong>Photos Bianca turco.<\/strong> <\/p>\n<p>Le best-seller de la boutique: une cigale chantante. C\u2019est dans une bo\u00eete carr\u00e9e et color\u00e9e que vous trouverez une petite cigale en c\u00e9ramique qui chante lorsque le bo\u00eetier est ouvert, et s\u2019arr\u00eate quand il est ferm\u00e9.<\/p>\n<p>De quoi ravir les grands nostalgiques lors des longues soir\u00e9es d\u2019hiver. Il vous suffira de fermer les yeux, d\u2019ouvrir ce petit \u00e9crin, et vous serez transport\u00e9s directement sous les pins de Provence, en plein mois de juillet. Un petit bonheur inestimable\u2026 vendu pour la modique somme de cinq euros!<\/p>\n<p>              <img ci-src=\"https:\/\/www.varmatin.com\/commerce\/protec\/DATA_ART_16018569-IQsrBbom.jpg?vh=810210&amp;ci_seal=f86d6d7dff\" alt=\"\"\/><\/p>\n","protected":false},"excerpt":{"rendered":"C\u2019est au c\u0153ur du hameau des Sablettes, mythique station baln\u00e9aire de La Seyne, que Philippe Moreau et sa&hellip;\n","protected":false},"author":2,"featured_media":294986,"comment_status":"","ping_status":"","sticky":false,"template":"","format":"standard","meta":{"footnotes":""},"categories":[9619],"tags":[1111,11,215,33,1777,674,1011,27,12,882,25,2310],"class_list":{"0":"post-294985","1":"post","2":"type-post","3":"status-publish","4":"format-standard","5":"has-post-thumbnail","7":"category-toulon","8":"tag-actu","9":"tag-actualites","10":"tag-commerce","11":"tag-economie","12":"tag-eu","13":"tag-europe","14":"tag-fr","15":"tag-france","16":"tag-news","17":"tag-provence-alpes-cote-dazur","18":"tag-republique-francaise","19":"tag-toulon"},"share_on_mastodon":{"url":"https:\/\/pubeurope.com\/@fr\/114968691007552081","error":""},"_links":{"self":[{"href":"https:\/\/www.europesays.com\/fr\/wp-json\/wp\/v2\/posts\/294985","targetHints":{"allow":["GET"]}}],"collection":[{"href":"https:\/\/www.europesays.com\/fr\/wp-json\/wp\/v2\/posts"}],"about":[{"href":"https:\/\/www.europesays.com\/fr\/wp-json\/wp\/v2\/types\/post"}],"author":[{"embeddable":true,"href":"https:\/\/www.europesays.com\/fr\/wp-json\/wp\/v2\/users\/2"}],"replies":[{"embeddable":true,"href":"https:\/\/www.europesays.com\/fr\/wp-json\/wp\/v2\/comments?post=294985"}],"version-history":[{"count":0,"href":"https:\/\/www.europesays.com\/fr\/wp-json\/wp\/v2\/posts\/294985\/revisions"}],"wp:featuredmedia":[{"embeddable":true,"href":"https:\/\/www.europesays.com\/fr\/wp-json\/wp\/v2\/media\/294986"}],"wp:attachment":[{"href":"https:\/\/www.europesays.com\/fr\/wp-json\/wp\/v2\/media?parent=294985"}],"wp:term":[{"taxonomy":"category","embeddable":true,"href":"https:\/\/www.europesays.com\/fr\/wp-json\/wp\/v2\/categories?post=294985"},{"taxonomy":"post_tag","embeddable":true,"href":"https:\/\/www.europesays.com\/fr\/wp-json\/wp\/v2\/tags?post=294985"}],"curies":[{"name":"wp","href":"https:\/\/api.w.org\/{rel}","templated":true}]}}