{"id":295021,"date":"2025-08-04T05:17:21","date_gmt":"2025-08-04T05:17:21","guid":{"rendered":"https:\/\/www.europesays.com\/fr\/295021\/"},"modified":"2025-08-04T05:17:21","modified_gmt":"2025-08-04T05:17:21","slug":"travaux-dete-en-ile-de-france-les-fermetures-nocturnes-du-peripherique-en-aout","status":"publish","type":"post","link":"https:\/\/www.europesays.com\/fr\/295021\/","title":{"rendered":"Travaux d\u2019\u00e9t\u00e9 en \u00cele-de-France\u00a0: les fermetures nocturnes du p\u00e9riph\u00e9rique en ao\u00fbt"},"content":{"rendered":"<p class=\"paragraph text_align_left lp-f-body-02\">Pas de tr\u00eave estivale cette ann\u00e9e. L\u2019an dernier, <a href=\"https:\/\/www.leparisien.fr\/jo-paris-2024\/\" rel=\"noopener\" target=\"_blank\">Jeux olympiques<\/a> obligent, le programme des travaux de voirie dans la capitale avait \u00e9t\u00e9 significativement all\u00e9g\u00e9. Mais cet \u00e9t\u00e9, la mairie profite \u00e0 nouveau de cette p\u00e9riode o\u00f9 le trafic sera moindre pour engager des chantiers importants de r\u00e9novation et de maintenance sur le p\u00e9riph\u00e9rique<a href=\"https:\/\/www.leparisien.fr\/info-paris-ile-de-france-oise\/transports\/peripherique-de-paris\/\" rel=\"noopener\" target=\"_blank\"> de Paris<\/a>.<\/p>\n<p class=\"paragraph text_align_left lp-f-body-02\">Les tron\u00e7ons o\u00f9 se d\u00e9roulent les chantiers sont interdits \u00e0 la circulation \u00e0 partir de 21h30 et rouverts le lendemain \u00e0 6 heures. Mais attention, les v\u00e9hicules commencent \u00e0 \u00eatre d\u00e9vi\u00e9s environ vingt minutes \u00e0 un quart d\u2019heure avant. Donc n\u2019attendez pas la derni\u00e8re minute pour esp\u00e9rer passer.<\/p>\n<p class=\"paragraph text_align_left lp-f-body-02\">Pour ne pas \u00eatre pi\u00e9g\u00e9s, anticipez vos itin\u00e9raires et horaires de d\u00e9placement. Suivez le guide !<\/p>\n<p><img decoding=\"async\" class=\"image \" loading=\"lazy\" src=\"https:\/\/www.europesays.com\/fr\/wp-content\/uploads\/2025\/08\/4H6V4EMKXREEBAZNVQE63FWOTI.jpg\" alt=\"\" align=\"\" data-rubrique-principale=\"\" data-article-type=\"\" fetchpriority=\"auto\"\/><\/p>\n<p class=\"paragraph text_align_left lp-f-body-02\"><a href=\"https:\/\/assets.livemixr.com\/datavisualisation\/uploads\/WEB-TRANSP-Peripherique-Aout+2025-A4-PDF4.pdf\" target=\"_blank\" rel=\"noreferrer noopener\">A TELECHARGER. Notre carte des fermetures du p\u00e9riph\u00e9rique en ao\u00fbt 2025<\/a><\/p>\n<p>Les premi\u00e8res dates \u00e0 retenir<\/p>\n<ul class=\"margin_bottom_md fs_18_26 fs_20_28_ad blue-dot\">\n<li class=\"mb_150 pl_325\"><b>Du lundi\u00a04 au mardi 5\u00a0ao\u00fbt<\/b>. Les souterrains la Villette et Pantin sont ferm\u00e9s.<\/li>\n<li class=\"mb_150 pl_325\"><b>Du\u00a05 au 6\u00a0ao\u00fbt<\/b>. Boulevard p\u00e9riph\u00e9rique ext\u00e9rieur ferm\u00e9 entre les portes Brancion et Gentilly.<\/li>\n<li class=\"mb_150 pl_325\"><b>Du\u00a06 au 7\u00a0ao\u00fbt<\/b>. Boulevard p\u00e9riph\u00e9rique ext\u00e9rieur de la porte Maillot \u00e0 la porte de Ch\u00e2tillon.<\/li>\n<li class=\"mb_150 pl_325\"><b>Du\u00a07 au 8\u00a0ao\u00fbt<\/b>. Souterrains quai Andr\u00e9-Citro\u00ebn, porte Maillot, Montparnasse &#8211; Ga\u00eet\u00e9 et quai d\u2019Issy-les-Moulineaux.<\/li>\n<li class=\"mb_150 pl_325\"><b>Du\u00a011 au 12\u00a0ao\u00fbt<\/b>. Boulevard p\u00e9riph\u00e9rique int\u00e9rieur entre les portes Dauphine et Bagnolet.<\/li>\n<li class=\"mb_150 pl_325\"><b>Du\u00a012 au 13\u00a0ao\u00fbt.<\/b> Boulevard p\u00e9riph\u00e9rique ext\u00e9rieur entre la porte de Bagnolet et la porte Maillot.<\/li>\n<li class=\"mb_150 pl_325\"><b>Du\u00a019 au 20\u00a0ao\u00fbt.<\/b> Boulevard p\u00e9riph\u00e9rique ext\u00e9rieur entre la porte de Brancion et la porte de Bagnolet.<\/li>\n<li class=\"mb_150 pl_325\"><b>Du\u00a020 au 21\u00a0ao\u00fbt. <\/b>Boulevard p\u00e9riph\u00e9rique int\u00e9rieur entre la porte de des\u00a0Lilas et la porte d\u2019Orl\u00e9ans.<\/li>\n<\/ul>\n","protected":false},"excerpt":{"rendered":"Pas de tr\u00eave estivale cette ann\u00e9e. L\u2019an dernier, Jeux olympiques obligent, le programme des travaux de voirie dans&hellip;\n","protected":false},"author":2,"featured_media":295022,"comment_status":"","ping_status":"","sticky":false,"template":"","format":"standard","meta":{"footnotes":""},"categories":[1592],"tags":[1111,11,1777,674,1011,27,662,1944,12,626,25,2382],"class_list":{"0":"post-295021","1":"post","2":"type-post","3":"status-publish","4":"format-standard","5":"has-post-thumbnail","7":"category-ile-de-france","8":"tag-actu","9":"tag-actualites","10":"tag-eu","11":"tag-europe","12":"tag-fr","13":"tag-france","14":"tag-ile-de-france","15":"tag-ma-ville","16":"tag-news","17":"tag-paris","18":"tag-republique-francaise","19":"tag-transport-idf-oise"},"share_on_mastodon":{"url":"https:\/\/pubeurope.com\/@fr\/114968807820452894","error":""},"_links":{"self":[{"href":"https:\/\/www.europesays.com\/fr\/wp-json\/wp\/v2\/posts\/295021","targetHints":{"allow":["GET"]}}],"collection":[{"href":"https:\/\/www.europesays.com\/fr\/wp-json\/wp\/v2\/posts"}],"about":[{"href":"https:\/\/www.europesays.com\/fr\/wp-json\/wp\/v2\/types\/post"}],"author":[{"embeddable":true,"href":"https:\/\/www.europesays.com\/fr\/wp-json\/wp\/v2\/users\/2"}],"replies":[{"embeddable":true,"href":"https:\/\/www.europesays.com\/fr\/wp-json\/wp\/v2\/comments?post=295021"}],"version-history":[{"count":0,"href":"https:\/\/www.europesays.com\/fr\/wp-json\/wp\/v2\/posts\/295021\/revisions"}],"wp:featuredmedia":[{"embeddable":true,"href":"https:\/\/www.europesays.com\/fr\/wp-json\/wp\/v2\/media\/295022"}],"wp:attachment":[{"href":"https:\/\/www.europesays.com\/fr\/wp-json\/wp\/v2\/media?parent=295021"}],"wp:term":[{"taxonomy":"category","embeddable":true,"href":"https:\/\/www.europesays.com\/fr\/wp-json\/wp\/v2\/categories?post=295021"},{"taxonomy":"post_tag","embeddable":true,"href":"https:\/\/www.europesays.com\/fr\/wp-json\/wp\/v2\/tags?post=295021"}],"curies":[{"name":"wp","href":"https:\/\/api.w.org\/{rel}","templated":true}]}}