{"id":295025,"date":"2025-08-04T05:19:16","date_gmt":"2025-08-04T05:19:16","guid":{"rendered":"https:\/\/www.europesays.com\/fr\/295025\/"},"modified":"2025-08-04T05:19:16","modified_gmt":"2025-08-04T05:19:16","slug":"barnier-exhorte-dati-a-choisir-lunion-et-non-la-guerre-des-chefs","status":"publish","type":"post","link":"https:\/\/www.europesays.com\/fr\/295025\/","title":{"rendered":"Barnier exhorte Dati \u00e0 choisir l\u2019union et non la guerre des chefs"},"content":{"rendered":"<p>Les R\u00e9publicains vont-ils conna\u00eetre une nouvelle guerre des chefs ? Ce week-end dans <a data-i13n=\"cpos:1;pos:1\" href=\"https:\/\/www.latribune.fr\/la-tribune-dimanche\/dimanche-eco\/michel-barnier-ancien-premier-ministre-ursula-von-der-leyen-va-devoir-rendre-des-comptes-1030823.html?at_medium=RSS%20feed&amp;at_campaign=ynews&amp;utm_source=yahoo&amp;utm_medium=rss&amp;utm_campaign=news_feed&amp;utm_content=in_article_link\" rel=\"nofollow noopener\" target=\"_blank\" data-ylk=\"slk:La Tribune Dimanche;cpos:1;pos:1;elm:context_link;itc:0;sec:content-canvas\" class=\"link \">La Tribune Dimanche<\/a>, Michel Barnier tente d\u2019\u00e9viter ce sc\u00e9nario alors que la tension monte au sujet de <a data-i13n=\"cpos:2;pos:1\" href=\"https:\/\/www.20minutes.fr\/paris\/?at_medium=RSS%20feed&amp;at_campaign=ynews&amp;utm_source=yahoo&amp;utm_medium=rss&amp;utm_campaign=news_feed&amp;utm_content=in_article_link\" rel=\"nofollow noopener\" target=\"_blank\" data-ylk=\"slk:Paris;cpos:2;pos:1;elm:context_link;itc:0;sec:content-canvas\" class=\"link \">Paris<\/a> avec l\u2019actuelle ministre de la Culture.<\/p>\n<p><a data-i13n=\"cpos:3;pos:1\" href=\"https:\/\/www.20minutes.fr\/politique\/rachida_dati?at_medium=RSS%20feed&amp;at_campaign=ynews&amp;utm_source=yahoo&amp;utm_medium=rss&amp;utm_campaign=news_feed&amp;utm_content=in_article_link\" rel=\"nofollow noopener\" target=\"_blank\" data-ylk=\"slk:Rachida Dati;cpos:3;pos:1;elm:context_link;itc:0;sec:content-canvas\" class=\"link \">Rachida Dati<\/a> a \u00ab une ambition l\u00e9gitime \u00bb pour la Mairie de Paris et ne doit \u00ab pas se tromper \u00bb d\u2019\u00e9lection en candidatant aussi pour la l\u00e9gislative dans la deuxi\u00e8me circonscription de la capitale, a ainsi comment\u00e9 samedi l\u2019ancien Premier ministre. La ministre de la Culture a annonc\u00e9 lundi sa candidature \u00e0 cette l\u00e9gislative partielle, lan\u00e7ant les hostilit\u00e9s contre l\u2019ex-locataire de Matignon, qui brigue le m\u00eame poste de d\u00e9put\u00e9 et porte les couleurs du m\u00eame parti, <a data-i13n=\"cpos:4;pos:1\" href=\"https:\/\/www.20minutes.fr\/politique\/lr\/?at_medium=RSS%20feed&amp;at_campaign=ynews&amp;utm_source=yahoo&amp;utm_medium=rss&amp;utm_campaign=news_feed&amp;utm_content=in_article_link\" rel=\"nofollow noopener\" target=\"_blank\" data-ylk=\"slk:LR;cpos:4;pos:1;elm:context_link;itc:0;sec:content-canvas\" class=\"link \">LR<\/a>.<\/p>\n<p>\u00ab Voter pour plut\u00f4t que contre \u00bb<\/p>\n<p>\u00ab Je veux que les Parisiens puissent voter pour plut\u00f4t que contre quelqu\u2019un. C\u2019est \u00e0 Rachida Dati, qui a une ambition l\u00e9gitime pour animer des listes d\u2019union \u00e0 Paris, de ne pas se tromper et de choisir le bon chemin \u00bb, commente dans La Tribune Dimanche <a data-i13n=\"cpos:5;pos:1\" href=\"https:\/\/www.20minutes.fr\/dossier\/michel_barnier?at_medium=RSS%20feed&amp;at_campaign=ynews&amp;utm_source=yahoo&amp;utm_medium=rss&amp;utm_campaign=news_feed&amp;utm_content=in_article_link\" rel=\"nofollow noopener\" target=\"_blank\" data-ylk=\"slk:Michel Barnier;cpos:5;pos:1;elm:context_link;itc:0;sec:content-canvas\" class=\"link \">Michel Barnier<\/a>, d\u00e9sign\u00e9 par LR comme candidat \u00e0 cette l\u00e9gislative.<\/p>\n<p>\u00ab Je ne suis pas candidat \u00e0 autre chose qu\u2019\u00e0 la d\u00e9putation \u00bb, mart\u00e8le l\u2019\u00e9ph\u00e9m\u00e8re ancien Premier ministre. \u00ab Rachida Dati le sait. Je le lui ai dit et je l\u2019ai m\u00eame \u00e9crit aux adh\u00e9rents Les R\u00e9publicains [\u2026] Il n\u2019y a aucune ambigu\u00eft\u00e9 l\u00e0-dessus \u00bb, ajoute-t-il, se disant pr\u00eat \u00e0 soutenir la ministre dans sa course pour l\u2019H\u00f4tel de Ville.<\/p>\n<p>LR veut un accord \u00ab d\u2019ici la rentr\u00e9e \u00bb<\/p>\n<p>Des proches de la maire du 7e arrondissement, renvoy\u00e9e le 22 juillet en (&#8230;)<\/p>\n<p><a data-i13n=\"cpos:6;pos:1\" href=\"https:\/\/www.20minutes.fr\/politique\/assemblee_nationale\/4166437-20250803-legislative-partielle-paris-barnier-exhorte-dati-choisir-union-non-guerre-chefs?at_medium=RSS%20feed&amp;at_campaign=ynews&amp;utm_source=yahoo&amp;utm_medium=rss&amp;utm_campaign=news_feed&amp;utm_content=read_more_link%22\" rel=\"nofollow noopener\" target=\"_blank\" data-ylk=\"slk:Lire la suite sur 20minutes;cpos:6;pos:1;elm:context_link;itc:0;sec:content-canvas\" class=\"link \">Lire la suite sur 20minutes<\/a><\/p>\n<p>\u00c0 lire aussi :<br \/><a data-i13n=\"cpos:7;pos:1\" href=\"https:\/\/www.20minutes.fr\/politique\/4164165-20250717-paris-thierry-mariani-candidat-legislative-partielle-face-barnier-dati?at_medium=RSS%20feed&amp;at_campaign=ynews&amp;utm_source=yahoo&amp;utm_medium=rss&amp;utm_campaign=news_feed&amp;utm_content=related_content_link\" rel=\"nofollow noopener\" target=\"_blank\" data-ylk=\"slk:Paris : Thierry Mariani candidat \u00e0 la l\u00e9gislative partielle face \u00e0 Barnier et Dati;cpos:7;pos:1;elm:context_link;itc:0;sec:content-canvas\" class=\"link \">Paris : Thierry Mariani candidat \u00e0 la l\u00e9gislative partielle face \u00e0 Barnier et Dati<\/a><br \/><a data-i13n=\"cpos:8;pos:1\" href=\"https:\/\/www.20minutes.fr\/politique\/4163984-20250717-legislative-partielle-paris-vers-guerre-entre-rachida-dati-michel-barnier?at_medium=RSS%20feed&amp;at_campaign=ynews&amp;utm_source=yahoo&amp;utm_medium=rss&amp;utm_campaign=news_feed&amp;utm_content=related_content_link\" rel=\"nofollow noopener\" target=\"_blank\" data-ylk=\"slk:L\u00e9gislative partielle \u00e0 Paris : Vers une guerre entre Rachida Dati et Michel Barnier ?;cpos:8;pos:1;elm:context_link;itc:0;sec:content-canvas\" class=\"link \">L\u00e9gislative partielle \u00e0 Paris : Vers une guerre entre Rachida Dati et Michel Barnier ?<\/a><\/p>\n","protected":false},"excerpt":{"rendered":"Les R\u00e9publicains vont-ils conna\u00eetre une nouvelle guerre des chefs ? Ce week-end dans La Tribune Dimanche, Michel Barnier&hellip;\n","protected":false},"author":2,"featured_media":295026,"comment_status":"","ping_status":"","sticky":false,"template":"","format":"standard","meta":{"footnotes":""},"categories":[1888],"tags":[1111,1928,11,1927,1777,674,1011,27,39207,2381,27636,2616,12,1926,626,1925,417,25],"class_list":{"0":"post-295025","1":"post","2":"type-post","3":"status-publish","4":"format-standard","5":"has-post-thumbnail","7":"category-paris","8":"tag-actu","9":"tag-actu-paris","10":"tag-actualites","11":"tag-actualites-paris","12":"tag-eu","13":"tag-europe","14":"tag-fr","15":"tag-france","16":"tag-legislative-partielle","17":"tag-mairie-de-paris","18":"tag-michel-barnier","19":"tag-ministre-de-la-culture","20":"tag-news","21":"tag-news-paris","22":"tag-paris","23":"tag-paris-news","24":"tag-rachida-dati","25":"tag-republique-francaise"},"share_on_mastodon":{"url":"","error":""},"_links":{"self":[{"href":"https:\/\/www.europesays.com\/fr\/wp-json\/wp\/v2\/posts\/295025","targetHints":{"allow":["GET"]}}],"collection":[{"href":"https:\/\/www.europesays.com\/fr\/wp-json\/wp\/v2\/posts"}],"about":[{"href":"https:\/\/www.europesays.com\/fr\/wp-json\/wp\/v2\/types\/post"}],"author":[{"embeddable":true,"href":"https:\/\/www.europesays.com\/fr\/wp-json\/wp\/v2\/users\/2"}],"replies":[{"embeddable":true,"href":"https:\/\/www.europesays.com\/fr\/wp-json\/wp\/v2\/comments?post=295025"}],"version-history":[{"count":0,"href":"https:\/\/www.europesays.com\/fr\/wp-json\/wp\/v2\/posts\/295025\/revisions"}],"wp:featuredmedia":[{"embeddable":true,"href":"https:\/\/www.europesays.com\/fr\/wp-json\/wp\/v2\/media\/295026"}],"wp:attachment":[{"href":"https:\/\/www.europesays.com\/fr\/wp-json\/wp\/v2\/media?parent=295025"}],"wp:term":[{"taxonomy":"category","embeddable":true,"href":"https:\/\/www.europesays.com\/fr\/wp-json\/wp\/v2\/categories?post=295025"},{"taxonomy":"post_tag","embeddable":true,"href":"https:\/\/www.europesays.com\/fr\/wp-json\/wp\/v2\/tags?post=295025"}],"curies":[{"name":"wp","href":"https:\/\/api.w.org\/{rel}","templated":true}]}}