{"id":295027,"date":"2025-08-04T05:20:14","date_gmt":"2025-08-04T05:20:14","guid":{"rendered":"https:\/\/www.europesays.com\/fr\/295027\/"},"modified":"2025-08-04T05:20:14","modified_gmt":"2025-08-04T05:20:14","slug":"ni-reseau-mobile-ni-internet-la-zone-blanche-qui-rend-fou-les-usagers-du-ter-qui-relie-paris-a-loise","status":"publish","type":"post","link":"https:\/\/www.europesays.com\/fr\/295027\/","title":{"rendered":"\u00ab\u00a0Ni r\u00e9seau mobile, ni Internet\u00a0\u00bb\u00a0: la zone blanche qui rend fou les usagers du TER qui relie Paris \u00e0 l\u2019Oise"},"content":{"rendered":"<p class=\"paragraph text_align_left lp-f-body-02\">Un mail \u00e0 r\u00e9diger, une pr\u00e9sentation \u00e0 finir\u2026 Quand on travaille sur<a href=\"https:\/\/www.leparisien.fr\/paris-75\/\" target=\"_self\" rel=\"noopener\"> Paris <\/a>mais que l\u2019on habite en dehors de l\u2019\u00cele-de-France \u2212 et inversement \u2212, les trajets en train sont souvent l\u2019occasion de s\u2019avancer sur son travail. Une mission quasi-impossible pour<a href=\"https:\/\/www.leparisien.fr\/oise-60\/le-trajet-me-fatigue-plus-que-le-travail-le-dur-quotidien-des-galeriens-du-ter-entre-loise-et-paris-24-11-2023-6M2YHSTWDZFO3IW75REGTE5254.php\" target=\"_self\" rel=\"noopener\"> les usagers du TER reliant l\u2019Oise \u00e0 la gare du Nord<\/a>, \u00e0 la d\u00e9faveur d\u2019une couverture r\u00e9seau hasardeuse et des nombreuses zones bois\u00e9es qui bordent la ligne SNCF.<\/p>\n<p class=\"paragraph text_align_left lp-f-body-02\">\u00c9couteurs sans fils dans les oreilles, veste noire et chemise blanche, Matthieu en sait quelque chose. Ce consultant de 27 ans, crois\u00e9 entre Creil et Chantilly (<a href=\"https:\/\/www.leparisien.fr\/oise-60\/\" target=\"_self\" rel=\"noopener\">Oise<\/a>), traverse r\u00e9guli\u00e8rement la r\u00e9gion francilienne pour aller \u00e0 la rencontre de ses clients, alors quitte \u00e0 passer ses journ\u00e9es dans le train, il en profite pour rentabiliser ses temps de trajets.<\/p>\n","protected":false},"excerpt":{"rendered":"Un mail \u00e0 r\u00e9diger, une pr\u00e9sentation \u00e0 finir\u2026 Quand on travaille sur Paris mais que l\u2019on habite en&hellip;\n","protected":false},"author":2,"featured_media":295028,"comment_status":"","ping_status":"","sticky":false,"template":"","format":"standard","meta":{"footnotes":""},"categories":[1888],"tags":[11,1777,674,1011,27,1944,12,1940,626,25],"class_list":{"0":"post-295027","1":"post","2":"type-post","3":"status-publish","4":"format-standard","5":"has-post-thumbnail","7":"category-paris","8":"tag-actualites","9":"tag-eu","10":"tag-europe","11":"tag-fr","12":"tag-france","13":"tag-ma-ville","14":"tag-news","15":"tag-oise","16":"tag-paris","17":"tag-republique-francaise"},"share_on_mastodon":{"url":"https:\/\/pubeurope.com\/@fr\/114968816728398095","error":""},"_links":{"self":[{"href":"https:\/\/www.europesays.com\/fr\/wp-json\/wp\/v2\/posts\/295027","targetHints":{"allow":["GET"]}}],"collection":[{"href":"https:\/\/www.europesays.com\/fr\/wp-json\/wp\/v2\/posts"}],"about":[{"href":"https:\/\/www.europesays.com\/fr\/wp-json\/wp\/v2\/types\/post"}],"author":[{"embeddable":true,"href":"https:\/\/www.europesays.com\/fr\/wp-json\/wp\/v2\/users\/2"}],"replies":[{"embeddable":true,"href":"https:\/\/www.europesays.com\/fr\/wp-json\/wp\/v2\/comments?post=295027"}],"version-history":[{"count":0,"href":"https:\/\/www.europesays.com\/fr\/wp-json\/wp\/v2\/posts\/295027\/revisions"}],"wp:featuredmedia":[{"embeddable":true,"href":"https:\/\/www.europesays.com\/fr\/wp-json\/wp\/v2\/media\/295028"}],"wp:attachment":[{"href":"https:\/\/www.europesays.com\/fr\/wp-json\/wp\/v2\/media?parent=295027"}],"wp:term":[{"taxonomy":"category","embeddable":true,"href":"https:\/\/www.europesays.com\/fr\/wp-json\/wp\/v2\/categories?post=295027"},{"taxonomy":"post_tag","embeddable":true,"href":"https:\/\/www.europesays.com\/fr\/wp-json\/wp\/v2\/tags?post=295027"}],"curies":[{"name":"wp","href":"https:\/\/api.w.org\/{rel}","templated":true}]}}