{"id":295031,"date":"2025-08-04T05:22:11","date_gmt":"2025-08-04T05:22:11","guid":{"rendered":"https:\/\/www.europesays.com\/fr\/295031\/"},"modified":"2025-08-04T05:22:11","modified_gmt":"2025-08-04T05:22:11","slug":"trump-annonce-une-visite-de-son-emissaire-witkoff-en-russie-mercredi-ou-jeudi","status":"publish","type":"post","link":"https:\/\/www.europesays.com\/fr\/295031\/","title":{"rendered":"Trump annonce une visite de son \u00e9missaire Witkoff en Russie \u00abmercredi ou jeudi\u00bb"},"content":{"rendered":"<p>Le r\u00e9publicain a \u00e9galement d\u00e9clar\u00e9 que deux sous-marins nucl\u00e9aires dont il avait ordonn\u00e9 le d\u00e9ploiement \u00e0 la suite d\u2019une dispute en ligne avec l\u2019ancien pr\u00e9sident russe Dmitri Medvedev se trouvaient d\u00e9sormais \u00abdans la r\u00e9gion\u00bb.<\/p>\n<p class=\"fig-paragraph\">Le pr\u00e9sident\u00a0<a href=\"http:\/\/www.lefigaro.fr\/international\/dossier\/donald-trump-investi-47e-president-des-etats-unis-notre-dossier-pour-tout-comprendre\" data-fig-type=\"Topic\" data-gtm-custom-categorie=\"navigation\" data-gtm-custom-action=\"crossclick\" data-gtm-custom-label=\"Contextuel\" data-gtm-event=\"customEventSPE\" data-fig-domain=\"LEFIGARO\" target=\"_blank\" rel=\"noopener\">Donald Trump<\/a>\u00a0a confirm\u00e9 dimanche la visite de son envoy\u00e9 sp\u00e9cial Steve Witkoff en Russie \u00abmercredi ou jeudi\u00bb, apr\u00e8s avoir fix\u00e9 un ultimatum au pr\u00e9sident russe pour mettre fin \u00e0 la guerre en Ukraine. La visite de l&rsquo;\u00e9missaire aura lieu \u00abje pense la semaine prochaine, mercredi ou jeudi\u00bb, a-t-il dit \u00e0 des journalistes.<\/p>\n<p class=\"fig-paragraph\">Donald Trump a \u00e9galement d\u00e9clar\u00e9 que deux sous-marins nucl\u00e9aires dont il avait ordonn\u00e9 le d\u00e9ploiement \u00e0 la suite d&rsquo;une dispute en ligne avec l&rsquo;ancien pr\u00e9sident russe Dmitri Medvedev se trouvaient d\u00e9sormais \u00abdans la r\u00e9gion\u00bb. Il n&rsquo;a pas pr\u00e9cis\u00e9 s&rsquo;il s&rsquo;agissait de sous-marins \u00e0 propulsion nucl\u00e9aire ou de sous-marins \u00e9quip\u00e9s d&rsquo;ogives nucl\u00e9aires. Il n&rsquo;a pas non plus donn\u00e9 de d\u00e9tails sur les lieux exacts de leur d\u00e9ploiement, tenus secrets par l&rsquo;arm\u00e9e am\u00e9ricaine.<\/p>\n<p>                                    <a class=\"fig-a11y-skip a11y-hidden\" href=\"#fig-a11y-skip-main-inarticle\"><br \/>\n        Passer la publicit\u00e9<br \/>\n    <\/a><\/p>\n<p>\u00abConclure un accord pour que les gens cessent d\u2019\u00eatre tu\u00e9s\u00bb<\/p>\n<p class=\"fig-paragraph\">Cette d\u00e9monstration de force intervient alors que Donald Trump a fix\u00e9 \u00e0 la fin de cette semaine la date limite \u00e0 laquelle la Russie devra prendre des mesures pour mettre fin \u00e0 la guerre en Ukraine, sous peine de nouvelles sanctions non pr\u00e9cis\u00e9es.<\/p>\n<p class=\"fig-paragraph\">Le pr\u00e9sident russe Vladimir Poutine a d\u00e9j\u00e0 rencontr\u00e9 Steve Witkoff \u00e0 plusieurs reprises \u00e0 Moscou, avant que les efforts de Donald Trump pour r\u00e9tablir les relations avec le Kremlin ne soient brusquement interrompus. Aux journalistes qui lui demandaient quel serait le message de M. Witkoff \u00e0 Moscou et s&rsquo;il y avait quelque chose que la Russie pouvait faire pour \u00e9viter les sanctions, Trump a r\u00e9pondu: \u00abOui, conclure un accord pour que les gens cessent d&rsquo;\u00eatre tu\u00e9s.\u00bb<\/p>\n<p class=\"fig-paragraph\">Donald Trump a menac\u00e9 d&rsquo;infliger des \u00abdroits de douane secondaires\u00bb aux pays qui continuent de faire commerce avec la Russie, tels que la Chine et l&rsquo;Inde.<\/p>\n","protected":false},"excerpt":{"rendered":"Le r\u00e9publicain a \u00e9galement d\u00e9clar\u00e9 que deux sous-marins nucl\u00e9aires dont il avait ordonn\u00e9 le d\u00e9ploiement \u00e0 la suite&hellip;\n","protected":false},"author":2,"featured_media":295032,"comment_status":"","ping_status":"","sticky":false,"template":"","format":"standard","meta":{"footnotes":""},"categories":[1591],"tags":[11,75,1887,3482,12,1885,1886,132],"class_list":{"0":"post-295031","1":"post","2":"type-post","3":"status-publish","4":"format-standard","5":"has-post-thumbnail","7":"category-russie","8":"tag-actualites","9":"tag-donald-trump","10":"tag-federation-de-russie","11":"tag-guerre-russie-ukraine","12":"tag-news","13":"tag-russia","14":"tag-russian-federation","15":"tag-russie"},"share_on_mastodon":{"url":"https:\/\/pubeurope.com\/@fr\/114968824630392739","error":""},"_links":{"self":[{"href":"https:\/\/www.europesays.com\/fr\/wp-json\/wp\/v2\/posts\/295031","targetHints":{"allow":["GET"]}}],"collection":[{"href":"https:\/\/www.europesays.com\/fr\/wp-json\/wp\/v2\/posts"}],"about":[{"href":"https:\/\/www.europesays.com\/fr\/wp-json\/wp\/v2\/types\/post"}],"author":[{"embeddable":true,"href":"https:\/\/www.europesays.com\/fr\/wp-json\/wp\/v2\/users\/2"}],"replies":[{"embeddable":true,"href":"https:\/\/www.europesays.com\/fr\/wp-json\/wp\/v2\/comments?post=295031"}],"version-history":[{"count":0,"href":"https:\/\/www.europesays.com\/fr\/wp-json\/wp\/v2\/posts\/295031\/revisions"}],"wp:featuredmedia":[{"embeddable":true,"href":"https:\/\/www.europesays.com\/fr\/wp-json\/wp\/v2\/media\/295032"}],"wp:attachment":[{"href":"https:\/\/www.europesays.com\/fr\/wp-json\/wp\/v2\/media?parent=295031"}],"wp:term":[{"taxonomy":"category","embeddable":true,"href":"https:\/\/www.europesays.com\/fr\/wp-json\/wp\/v2\/categories?post=295031"},{"taxonomy":"post_tag","embeddable":true,"href":"https:\/\/www.europesays.com\/fr\/wp-json\/wp\/v2\/tags?post=295031"}],"curies":[{"name":"wp","href":"https:\/\/api.w.org\/{rel}","templated":true}]}}