{"id":295034,"date":"2025-08-04T05:24:12","date_gmt":"2025-08-04T05:24:12","guid":{"rendered":"https:\/\/www.europesays.com\/fr\/295034\/"},"modified":"2025-08-04T05:24:12","modified_gmt":"2025-08-04T05:24:12","slug":"pilules-contraceptives-eliminees-par-les-etats-unis-lfi-demande-une-requisition-du-stock-pour-eviter-leur-destruction-en-france","status":"publish","type":"post","link":"https:\/\/www.europesays.com\/fr\/295034\/","title":{"rendered":"Pilules contraceptives \u00e9limin\u00e9es par les \u00c9tats-Unis\u00a0: LFI demande une r\u00e9quisition du stock pour \u00e9viter leur destruction en France"},"content":{"rendered":"<p class=\"paragraph text_align_left lp-f-body-02\">La France insoumise (LFI) a annonc\u00e9 ce dimanche d\u00e9poser une proposition de r\u00e9solution \u00e0 l\u2019Assembl\u00e9e pour que le gouvernement r\u00e9quisitionne <a href=\"https:\/\/www.leparisien.fr\/societe\/sante\/cest-presque-demain-pourquoi-la-pilule-contraceptive-pour-les-hommes-parait-desormais-accessible-29-07-2025-MKG563OHXNHAPIRGSBZGMV5WGA.php\" target=\"_blank\" rel=\"noreferrer nofollow noopener\">le stock de contraceptifs<\/a> f\u00e9minins que <a href=\"https:\/\/www.leparisien.fr\/societe\/pilules-contraceptives-de-lusaid-le-petit-fils-de-lucien-neuwirth-interpelle-macron-pour-que-la-france-ne-soit-pas-complice-29-07-2025-VTSMESAEP5CT5OMN6VI577LG5Q.php\" target=\"_blank\" rel=\"noreferrer nofollow noopener\">l\u2019administration am\u00e9ricaine a d\u00e9cid\u00e9 de d\u00e9truire<\/a>, possiblement sur le sol fran\u00e7ais. Engag\u00e9e dans des coupes drastiques de son aide humanitaire et dans une politique anti-avortement, l\u2019administration Trump a confirm\u00e9 mi-juillet <a href=\"https:\/\/www.leparisien.fr\/societe\/sante\/les-etats-unis-sappretent-a-detruire-des-stocks-viables-de-contraceptifs-les-ecologistes-demandent-a-emmanuel-macron-dintervenir-26-07-2025-2GQ5EAYO6ZEOLNFRIR5IZP5JPU.php\" target=\"_blank\" rel=\"noreferrer nofollow noopener\">vouloir \u00ab\u00a0d\u00e9truire certains produits contraceptifs abortifs issus de contrats de l\u2019USAID\u00a0\u00bb<\/a>.<\/p>\n<p class=\"paragraph text_align_left lp-f-body-02\">Selon plusieurs m\u00e9dias, ces contraceptifs, dont la valeur s\u2019\u00e9l\u00e8ve \u00e0 pr\u00e8s de 10\u00a0millions de dollars, sont stock\u00e9s dans un entrep\u00f4t \u00e0 Geel, en Belgique, et leur incin\u00e9ration est pr\u00e9vue en France.<\/p>\n<p class=\"paragraph text_align_left lp-f-body-02\">\u00ab\u00a0Le gouvernement fran\u00e7ais n\u2019a toujours pas communiqu\u00e9 le lieu pressenti de destruction\u00a0\u00bb, d\u00e9plore LFI dans un communiqu\u00e9, qui regrette \u00e9galement qu\u2019il \u00ab\u00a0refuse d\u2019activer le droit existant, alors que le code de la sant\u00e9 publique autorise la r\u00e9quisition de tous biens et services si la situation sanitaire le justifie\u00a0\u00bb.<\/p>\n<p>LFI d\u00e9nonce une \u00ab\u00a0mise en danger de centaines de milliers de femmes\u00a0\u00bb<\/p>\n<p class=\"paragraph text_align_left lp-f-body-02\">La France insoumise consid\u00e8re que la destruction de ces contraceptifs \u00ab\u00a0va mettre en danger des centaines de milliers de femmes dans le monde, auxquelles ce stock \u00e9tait promis\u00a0\u00bb. Le minist\u00e8re de la Sant\u00e9 a expliqu\u00e9 ce vendredi qu\u2019il n\u2019existait <a href=\"https:\/\/www.leparisien.fr\/societe\/sante\/contraceptifs-detruits-par-les-etats-unis-la-france-dit-navoir-aucun-moyen-de-requisitionner-les-stocks-01-08-2025-EYUDGSGCMFCSXPFLNKHGAS6EG4.php\" target=\"_blank\" rel=\"noreferrer nofollow noopener\">\u00ab\u00a0pas de base juridique permettant une intervention d\u2019une autorit\u00e9 sanitaire<\/a> europ\u00e9enne et a fortiori de l\u2019Agence nationale de la s\u00e9curit\u00e9 du m\u00e9dicament (ANSM) pour r\u00e9cup\u00e9rer ces dispositifs m\u00e9dicaux\u00a0\u00bb.<\/p>\n<p class=\"paragraph text_align_left lp-f-body-02\">LFI annonce donc d\u00e9poser \u00ab\u00a0une proposition de r\u00e9solution exigeant du gouvernement qu\u2019il r\u00e9quisitionne la totalit\u00e9 du stock contraceptif \u00e9tasunien qui circulerait sur notre territoire\u00a0\u00bb. Le groupe parlementaire insoumis pr\u00e9cise \u00eatre \u00ab\u00a0\u00e9videmment disponible pour si\u00e9ger en urgence de fa\u00e7on extraordinaire, afin de faire \u00e9voluer le cadre l\u00e9gal si besoin\u00a0\u00bb.<\/p>\n<p class=\"paragraph text_align_left lp-f-body-02\">L\u2019annonce de cette destruction a suscit\u00e9 un toll\u00e9, notamment en France. Associations f\u00e9ministes, organisations syndicales et militants des droits de l\u2019homme ont d\u00e9nonc\u00e9 un \u00ab\u00a0g\u00e2chis \u00e9conomique\u00a0\u00bb et une d\u00e9cision \u00ab\u00a0insens\u00e9e\u00a0\u00bb.<\/p>\n<p class=\"paragraph text_align_left lp-f-body-02\">La num\u00e9ro un des \u00c9cologistes <a href=\"https:\/\/www.leparisien.fr\/politique\/marine-tondelier\/\" target=\"_blank\" rel=\"noreferrer nofollow noopener\">Marine Tondelier<\/a> a interpell\u00e9 le pr\u00e9sident Emmanuel Macron dans une lettre ouverte, pour qu\u2019il emp\u00eache la destruction de ces contraceptifs. Le Parti socialiste l\u2019a aussi exhort\u00e9 \u00e0 ne pas \u00ab\u00a0\u00eatre complice de ce naufrage sanitaire et politique\u00a0\u00bb.<\/p>\n","protected":false},"excerpt":{"rendered":"La France insoumise (LFI) a annonc\u00e9 ce dimanche d\u00e9poser une proposition de r\u00e9solution \u00e0 l\u2019Assembl\u00e9e pour que le&hellip;\n","protected":false},"author":2,"featured_media":295035,"comment_status":"","ping_status":"","sticky":false,"template":"","format":"standard","meta":{"footnotes":""},"categories":[1589],"tags":[11,73,1866,12,316,104,1864,1865,1863,308],"class_list":{"0":"post-295034","1":"post","2":"type-post","3":"status-publish","4":"format-standard","5":"has-post-thumbnail","7":"category-etats-unis","8":"tag-actualites","9":"tag-etats-unis","10":"tag-etats-unis-damerique","11":"tag-news","12":"tag-politique","13":"tag-societe","14":"tag-united-states","15":"tag-united-states-of-america","16":"tag-us","17":"tag-usa"},"share_on_mastodon":{"url":"https:\/\/pubeurope.com\/@fr\/114968832588718324","error":""},"_links":{"self":[{"href":"https:\/\/www.europesays.com\/fr\/wp-json\/wp\/v2\/posts\/295034","targetHints":{"allow":["GET"]}}],"collection":[{"href":"https:\/\/www.europesays.com\/fr\/wp-json\/wp\/v2\/posts"}],"about":[{"href":"https:\/\/www.europesays.com\/fr\/wp-json\/wp\/v2\/types\/post"}],"author":[{"embeddable":true,"href":"https:\/\/www.europesays.com\/fr\/wp-json\/wp\/v2\/users\/2"}],"replies":[{"embeddable":true,"href":"https:\/\/www.europesays.com\/fr\/wp-json\/wp\/v2\/comments?post=295034"}],"version-history":[{"count":0,"href":"https:\/\/www.europesays.com\/fr\/wp-json\/wp\/v2\/posts\/295034\/revisions"}],"wp:featuredmedia":[{"embeddable":true,"href":"https:\/\/www.europesays.com\/fr\/wp-json\/wp\/v2\/media\/295035"}],"wp:attachment":[{"href":"https:\/\/www.europesays.com\/fr\/wp-json\/wp\/v2\/media?parent=295034"}],"wp:term":[{"taxonomy":"category","embeddable":true,"href":"https:\/\/www.europesays.com\/fr\/wp-json\/wp\/v2\/categories?post=295034"},{"taxonomy":"post_tag","embeddable":true,"href":"https:\/\/www.europesays.com\/fr\/wp-json\/wp\/v2\/tags?post=295034"}],"curies":[{"name":"wp","href":"https:\/\/api.w.org\/{rel}","templated":true}]}}