{"id":295036,"date":"2025-08-04T05:25:25","date_gmt":"2025-08-04T05:25:25","guid":{"rendered":"https:\/\/www.europesays.com\/fr\/295036\/"},"modified":"2025-08-04T05:25:25","modified_gmt":"2025-08-04T05:25:25","slug":"buckingham-palace-fait-ses-adieux-a-lun-de-ses-plus-fideles-employes","status":"publish","type":"post","link":"https:\/\/www.europesays.com\/fr\/295036\/","title":{"rendered":"Buckingham Palace fait ses adieux \u00e0 l\u2019un de ses plus fid\u00e8les employ\u00e9s"},"content":{"rendered":"<p>\u00ab\u00a0<strong>Apr\u00e8s 14 ans de nobles services<\/strong> dans l\u2019\u00e9quipe des Royal Mews, nous c\u00e9l\u00e9brons Tyrone et lui souhaitons une retraite joyeuse\u00a0\u00bb, a annonc\u00e9 le compte officiel de la famille royale britannique sur Instagram ce dimanche 3 ao\u00fbt. Mais <strong>Tyrone n\u2019est pas un employ\u00e9 comme les autres<\/strong>, il fait partie des chevaux de c\u00e9r\u00e9monie des \u00e9curies royales. Magnifique cheval gris pommel\u00e9, il \u00e9tait <strong>charg\u00e9 tout au long de sa carri\u00e8re de tirer les carrosses royaux<\/strong> qui transportent les membres de la famille royale lors d\u2019\u00e9v\u00e9nements officiels.<\/p>\n<p>\u00c0 19 ans, Tyrone a eu une carri\u00e8re unique en son genre. L\u2019une de ses premi\u00e8res missions au sein de la maison royale a \u00e9t\u00e9 de <strong>transporter la reine Elisabeth II<\/strong> lors de la c\u00e9r\u00e9monie d\u2019ouverture du Parlement en 2012. Le mois dernier, il a effectu\u00e9 sa derni\u00e8re mission royale \u00e0 l&rsquo;avant du carrosse du roi <a target=\"_blank\" href=\"https:\/\/www.pointdevue.fr\/grand-angle\/biographies\/charles-iii\" rel=\"nofollow noopener\">Charles III<\/a> et de la <a target=\"_blank\" href=\"https:\/\/www.pointdevue.fr\/grand-angle\/biographies\/reine-camilla\" rel=\"nofollow noopener\">reine Camilla<\/a> lors de la <a target=\"_blank\" href=\"https:\/\/www.pointdevue.fr\/royal\/royaume-uni\/le-president-macron-a-windsor-lhistoire-plus-forte-que-lavenir\" rel=\"nofollow noopener\">visite d\u2019\u00c9tat du pr\u00e9sident Macron<\/a> et de son \u00e9pouse. En 2024, le cheval d\u00e9crit comme un \u00ab\u00a0g\u00e9ant doux et fiable\u00a0\u00bb par la famille royale avec son 1m82 au garrot, \u00e9tait en charge du carrosse du\u00a0<a target=\"_blank\" href=\"https:\/\/www.pointdevue.fr\/grand-angle\/biographies\/prince-william\" rel=\"nofollow noopener\"> prince William<\/a> et de Kate lors de <a target=\"_blank\" href=\"https:\/\/www.pointdevue.fr\/royal\/royaume-uni\/kate-radieuse-au-trooping-ce-retour-tant-attendu\" rel=\"nofollow noopener\">la c\u00e9r\u00e9monie Trooping The Colour<\/a>. Sans oublier, le jubil\u00e9 de diamant d\u2019Elisabeth II ou encore le <a target=\"_blank\" href=\"https:\/\/www.google.com\/search?client=safari&amp;rls=en&amp;q=couronnement+charles+III+point+de+vue&amp;ie=UTF-8&amp;oe=UTF-8\" rel=\"nofollow noopener\">couronnement de Charles III<\/a> le 6 mai 2023, o\u00f9 Tyrone officiait en tant que cheval de t\u00eate.\u00a0<\/p>\n<p>Une retraite bien m\u00e9rit\u00e9e aux cot\u00e9s de son p\u00e8re et sa s\u0153ur<\/p>\n<p>V\u00e9ritable compagnon de vie pour chacun des membres de la royaut\u00e9 britannique, Tyrone \u00e9tait particuli\u00e8rement ch\u00e9ri par la reine Elisabeth II. <a target=\"_blank\" href=\"https:\/\/www.pointdevue.fr\/royal\/royaume-uni\/qui-a-herite-des-chevaux-delisabeth-ii\" rel=\"nofollow noopener\">Passionn\u00e9e d\u2019\u00e9quitation<\/a>, la monarque affectionnait la lign\u00e9e du cheval gris puisque son p\u00e8re Storm a \u00e9t\u00e9 honor\u00e9 d\u2019une statue \u00e0 son effigie dans le parc du ch\u00e2teau de Windsor. Storm est justement aux c\u00f4t\u00e9s de Tyrone, tout comme sa s\u0153ur Meg. Les \u00e9quid\u00e9s sont r\u00e9unis <strong>dans les pr\u00e9s du haras sp\u00e9cialis\u00e9 dans la retraite \u00e9quine, Horse Trust,<\/strong> o\u00f9 ils s\u00e9journent d\u00e9sormais. \u00ab Tyrone manquera \u00e0 tout le monde aux \u00c9curies Royales, mais c\u2019est merveilleux qu\u2019il retrouve son p\u00e8re et sa s\u0153ur\u00a0\u00bb, a affirm\u00e9 avec \u00e9motion la famille royale. Avant de s\u2019adresser directement \u00e0 l\u2019\u00e9quid\u00e9 afin de<strong> lui exprimer sa gratitude<\/strong> : \u00ab\u00a0Merci Tyrone !\u00a0\u00bb<\/p>\n<p><strong>\u00c0 lire aussi :\u00a0<\/strong><br \/><a target=\"_blank\" href=\"https:\/\/www.pointdevue.fr\/royal\/royaume-uni\/la-reine-elisabeth-ii-reincarnee-dans-ses-corgis-sarah-ferguson-y-croit\" rel=\"nofollow noopener\">La reine \u00c9lisabeth II r\u00e9incarn\u00e9e dans ses corgis ? Sarah Ferguson y croit !<\/a><\/p>\n","protected":false},"excerpt":{"rendered":"\u00ab\u00a0Apr\u00e8s 14 ans de nobles services dans l\u2019\u00e9quipe des Royal Mews, nous c\u00e9l\u00e9brons Tyrone et lui souhaitons une&hellip;\n","protected":false},"author":2,"featured_media":295037,"comment_status":"","ping_status":"","sticky":false,"template":"","format":"standard","meta":{"footnotes":""},"categories":[1588],"tags":[11,1777,674,12,473,1853,1851,1850,1852],"class_list":{"0":"post-295036","1":"post","2":"type-post","3":"status-publish","4":"format-standard","5":"has-post-thumbnail","7":"category-royaume-uni","8":"tag-actualites","9":"tag-eu","10":"tag-europe","11":"tag-news","12":"tag-royaume-uni","13":"tag-royaume-uni-de-grande-bretagne-et-dirlande-du-nord","14":"tag-uk","15":"tag-united-kingdom","16":"tag-united-kingdom-of-great-britain-and-northern-ireland"},"share_on_mastodon":{"url":"https:\/\/pubeurope.com\/@fr\/114968836416693125","error":""},"_links":{"self":[{"href":"https:\/\/www.europesays.com\/fr\/wp-json\/wp\/v2\/posts\/295036","targetHints":{"allow":["GET"]}}],"collection":[{"href":"https:\/\/www.europesays.com\/fr\/wp-json\/wp\/v2\/posts"}],"about":[{"href":"https:\/\/www.europesays.com\/fr\/wp-json\/wp\/v2\/types\/post"}],"author":[{"embeddable":true,"href":"https:\/\/www.europesays.com\/fr\/wp-json\/wp\/v2\/users\/2"}],"replies":[{"embeddable":true,"href":"https:\/\/www.europesays.com\/fr\/wp-json\/wp\/v2\/comments?post=295036"}],"version-history":[{"count":0,"href":"https:\/\/www.europesays.com\/fr\/wp-json\/wp\/v2\/posts\/295036\/revisions"}],"wp:featuredmedia":[{"embeddable":true,"href":"https:\/\/www.europesays.com\/fr\/wp-json\/wp\/v2\/media\/295037"}],"wp:attachment":[{"href":"https:\/\/www.europesays.com\/fr\/wp-json\/wp\/v2\/media?parent=295036"}],"wp:term":[{"taxonomy":"category","embeddable":true,"href":"https:\/\/www.europesays.com\/fr\/wp-json\/wp\/v2\/categories?post=295036"},{"taxonomy":"post_tag","embeddable":true,"href":"https:\/\/www.europesays.com\/fr\/wp-json\/wp\/v2\/tags?post=295036"}],"curies":[{"name":"wp","href":"https:\/\/api.w.org\/{rel}","templated":true}]}}