{"id":295040,"date":"2025-08-04T05:27:12","date_gmt":"2025-08-04T05:27:12","guid":{"rendered":"https:\/\/www.europesays.com\/fr\/295040\/"},"modified":"2025-08-04T05:27:12","modified_gmt":"2025-08-04T05:27:12","slug":"comment-reconnaitre-celles-a-eviter","status":"publish","type":"post","link":"https:\/\/www.europesays.com\/fr\/295040\/","title":{"rendered":"comment reconna\u00eetre celles \u00e0 \u00e9viter"},"content":{"rendered":"<p>La majorit\u00e9 de ces fraises, en particulier celles issues de la r\u00e9gion andalouse de Huelva, sont au c\u0153ur du paradoxe qui touche l\u2019alimentation europ\u00e9enne : leur fra\u00eecheur apparente masque une contamination inqui\u00e9tante, autant pour la sant\u00e9 des consommateurs fragiles que pour l\u2019environnement.<\/p>\n<p>Les scandales r\u00e9cents, comme les rappels des enseignes Leclerc ou encore les alertes publiques, participent \u00e0 une prise de conscience collective. Au c\u0153ur de cette actualit\u00e9, les familles, en qu\u00eate de fruits sains pour leurs enfants, interrogent leur confiance envers les produits import\u00e9s. Dans ce contexte, la tra\u00e7abilit\u00e9, la lecture attentive des \u00e9tiquettes et le choix de circuits courts deviennent des r\u00e9flexes essentiels pour pr\u00e9server la qualit\u00e9 de la consommation tout en limitant les risques pour la sant\u00e9 et la plan\u00e8te.<\/p>\n<p>Fraises d\u2019Espagne : les fruits europ\u00e9ens les plus riches en pesticides selon l\u2019\u00e9tude \u00d6ko Test<\/p>\n<p>L\u2019\u00e9tude ind\u00e9pendante men\u00e9e en 2023 par <strong>\u00d6ko Test<\/strong>, un magazine sp\u00e9cialis\u00e9 allemand, retentit comme un signal d\u2019alarme \u00e0 l\u2019\u00e9chelle europ\u00e9enne : des fraises commercialis\u00e9es en Europe, la grande majorit\u00e9 provenant d\u2019Espagne \u2013 notamment de la zone de Huelva, r\u00e9put\u00e9e pour ses serres \u00e0 perte de vue \u2013 montreraient une concentration record de pesticides. Sur 14 lots pr\u00e9lev\u00e9s dans divers points de vente allemands, 8 pr\u00e9sentaient des <strong>r\u00e9sidus <\/strong>multiples, parfois sup\u00e9rieurs aux limites recommand\u00e9es par l\u2019Union europ\u00e9enne. Des \u00e9chantillons pr\u00e9sentaient jusqu\u2019\u00e0 sept substances diff\u00e9rentes, une situation jug\u00e9e pr\u00e9occupante pour les ONG environnementales et les m\u00e9decins sp\u00e9cialis\u00e9s.<\/p>\n<p>Au fil des <strong>tests<\/strong>, la d\u00e9pendance de l\u2019Europe aux fraises de Huelva \u2013 o\u00f9 trois quarts de la production du pays transite vers le continent \u2013 soul\u00e8ve une probl\u00e9matique de taille. Malgr\u00e9 la promesse de fruits frais hors saison, le revers de cette m\u00e9daille s\u2019incarne dans la <strong>contamination <\/strong>chimique syst\u00e9mique, d\u00e9nonc\u00e9e par plusieurs associations. Cette situation p\u00e8se non seulement sur la qualit\u00e9 de l\u2019alimentation, mais aussi sur les choix quotidiens de millions de consommateurs dans toute l\u2019Union Europ\u00e9enne.<\/p>\n<p><strong>Quels pesticides dangereux retrouv\u00e9s dans les fraises espagnoles ?<\/strong><\/p>\n<p>Les <strong>analyses <\/strong>r\u00e9alis\u00e9es lors de l\u2019\u00e9tude \u00d6ko Test ont mis en \u00e9vidence la pr\u00e9sence d\u2019un cocktail de substances pr\u00e9occupantes. Parmi elles, l\u2019\u00e9thirimol, un fongicide toxique pour les abeilles, compl\u00e8tement banni dans l\u2019Union europ\u00e9enne, demeure pourtant d\u00e9tect\u00e9 dans plusieurs \u00e9chantillons. Certains lots recelaient du cyflumetofen, un acaricide reconnu comme nocif pour la biodiversit\u00e9, ou encore du bupirimat, point\u00e9 du doigt pour ses possibles effets canc\u00e9rig\u00e8nes.<\/p>\n<p>Le spinosad, pourtant accept\u00e9 dans certaines productions biologiques selon des conditions strictes, s\u2019av\u00e8re dangereux pour divers pollinisateurs. La complexit\u00e9 de ces m\u00e9langes rend difficile l\u2019\u00e9valuation pr\u00e9cise des <strong>risques <\/strong>pour la sant\u00e9 humaine, en particulier pour les enfants et les femmes enceintes. Ces pr\u00e9occupations sont relay\u00e9es dans de nombreux articles relay\u00e9s par des associations familiales. L\u2019accumulation de <strong>r\u00e9sidus <\/strong>de plusieurs substances chimiques dans une seule barquette interroge la robustesse des proc\u00e9dures de contr\u00f4le, y compris pour des fraises labellis\u00e9es bio, qui affichent parfois de faibles traces malgr\u00e9 un cahier des charges plus strict. Ce paradoxe nourrit la d\u00e9fiance grandissante envers ces produits et souligne l\u2019urgence d\u2019une agriculture plus vertueuse.<\/p>\n<p><strong>Comment la production intensive \u00e0 Huelva aggrave l\u2019impact environnemental et sanitaire des fraises<\/strong><\/p>\n<p>La province de <strong>Huelva<\/strong>, dans le sud de l\u2019Andalousie, est devenue ces derni\u00e8res ann\u00e9es une r\u00e9f\u00e9rence mondiale pour la culture intensive de la fraise. Mais cette r\u00e9putation s\u2019accompagne d\u2019un lourd tribut environnemental. Il faut environ 300 litres d\u2019<strong>eau<\/strong> pour produire un seul kilogramme de ces fruits, une consommation sid\u00e9rante dans une r\u00e9gion frapp\u00e9e par la s\u00e9cheresse et le stress hydrique chronique. L\u2019utilisation effr\u00e9n\u00e9e de serres en plastique assombrit la biodiversit\u00e9 locale et acc\u00e9l\u00e8re l\u2019appauvrissement des sols, induisant une <strong>pollution <\/strong>visible \u00e0 l\u2019\u00e9chelle du paysage.<\/p>\n<p>Le forage ill\u00e9gal de centaines de puits, en infraction directe avec la r\u00e9glementation europ\u00e9enne, ass\u00e8che dangereusement la nappe phr\u00e9atique voisine du parc national de Do\u00f1ana, class\u00e9 au patrimoine mondial, refuge pour des millions d\u2019oiseaux migrateurs. Ce saccage environnemental a conduit \u00e0 la condamnation de l\u2019Espagne par la Cour de justice de l\u2019UE en 2021 pour non-respect des normes de protection. <\/p>\n<p>\u00c0 ces impacts s\u2019ajoute l\u2019empreinte carbone du transport longue distance : la route entre les exploitations andalouses et les supermarch\u00e9s du nord de l\u2019Europe est longue, accentuant l\u2019effet n\u00e9gatif sur le climat. Au-del\u00e0 des chiffres, chaque barquette achet\u00e9e en dehors des<strong> circuits courts <\/strong>renforce cette spirale insoutenable, au d\u00e9triment de la plan\u00e8te et des g\u00e9n\u00e9rations futures.<\/p>\n<p>Reconna\u00eetre et \u00e9viter les fraises contamin\u00e9es : conseils pour bien choisir ses fruits<\/p>\n<p>Face \u00e0 la complexit\u00e9 du march\u00e9, savoir reconna\u00eetre les fraises \u00e0 \u00e9viter devient un enjeu central pour prot\u00e9ger sa <strong>sant\u00e9<\/strong>. Les \u00e9pisodes r\u00e9cents de rappels en cascades montrent que la vigilance est de mise, m\u00eame dans des enseignes r\u00e9put\u00e9es. Des consommateurs avertis se fient d\u00e9sormais \u00e0 la provenance, scrutant attentivement les pays d\u2019origine \u2013 Espagne, \u00c9gypte, ou autres. Les fraises portant un label bio inspirent en th\u00e9orie davantage confiance. L\u2019attention port\u00e9e \u00e0 l\u2019emballage, aux logos certifiants et \u00e0 la fra\u00eecheur saisonni\u00e8re demeure la meilleure d\u00e9fense contre une consommation \u00e0 risque.<\/p>\n<p><strong>Astuces pour identifier l\u2019origine et lire les labels de fraises sans risque<\/strong><\/p>\n<p>La premi\u00e8re \u00e9tape consiste \u00e0 rechercher clairement le pays d\u2019origine sur l\u2019\u00e9tiquette : un fruit mentionnant \u00ab Espagne \u00bb ou \u00ab \u00c9gypte \u00bb en dehors de la saison locale doit alerter. Beaucoup d\u2019enseignes fran\u00e7aises, \u00e0 l\u2019image de certains hypermarch\u00e9s, affichent d\u00e9sormais l\u2019origine sur leurs rayons, permettant une s\u00e9lection plus raisonn\u00e9e. Rep\u00e9rer un label biologique n\u2019est pas suffisant ; il est plus prudent de privil\u00e9gier des certifications exigeantes telles que Demeter ou Nature &amp; Progr\u00e8s, souvent mieux encadr\u00e9es et soumises \u00e0 davantage de <strong>contr\u00f4les<\/strong>.<\/p>\n<p>Des parents rapportent avoir adopt\u00e9 des strat\u00e9gies diff\u00e9renci\u00e9es pour leurs enfants : achat aupr\u00e8s de producteurs locaux sur les march\u00e9s, recherche de fraises exclusivement de <strong>saison <\/strong>et discussions directes sur les pratiques agricoles. Les t\u00e9moignages, comme celui d\u2019une famille du sud-ouest achetant d\u00e9sormais ses fruits chez un petit producteur voisin, illustrent un changement de mentalit\u00e9. Enfin, le lavage minutieux \u2013 voire la notori\u00e9t\u00e9 croissante du trempage au bicarbonate \u2013 s\u2019impose comme une routine pour \u00e9liminer les <strong>r\u00e9sidus <\/strong>les plus persistants. Cette d\u00e9marche proactive prot\u00e8ge la sant\u00e9, tout en faisant pression sur les industriels pour plus de transparence.<\/p>\n<p><strong>Pourquoi privil\u00e9gier fraises locales, labels exigeants et circuits courts pour sa sant\u00e9<\/strong><\/p>\n<p>De nombreux rapports, relay\u00e9s par la presse sp\u00e9cialis\u00e9e et de multiples <a href=\"https:\/\/www.topsante.com\/medecine\/environnement_et_sante\/vous-devriez-eviter-dacheter-des-fraises-provenant-de-ce-pays-dans-votre-supermarche-913418\" rel=\"noopener noreferrer\" target=\"_blank\">sites sant\u00e9<\/a>, rappellent l\u2019avantage comparatif des fraises de proximit\u00e9. Ces derni\u00e8res, soumises \u00e0 moins de traitements, achemin\u00e9es sur de plus courtes distances, arrivent plus rapidement dans les assiettes et pr\u00e9sentent g\u00e9n\u00e9ralement des taux de <strong>pesticides <\/strong>bien plus bas. Les fraises fran\u00e7aises, en particulier celles issues de circuits courts ou <strong>biologiques<\/strong>, sont souvent r\u00e9colt\u00e9es \u00e0 pleine maturit\u00e9 et respectent mieux la biodiversit\u00e9 locale. <\/p>\n<p>Axer l\u2019achat sur des vari\u00e9t\u00e9s locales en pleine saison, choisir des producteurs engag\u00e9s dans une charte environnementale ou utiliser des plateformes d\u2019AMAP (Associations pour le Maintien d\u2019une Agriculture Paysanne) permet de soutenir une \u00e9conomie circulaire tout en r\u00e9duisant l\u2019impact <strong>\u00e9cologique <\/strong>li\u00e9 au transport. Ce cercle vertueux, exp\u00e9riment\u00e9 par des communaut\u00e9s rurales et urbaines, donne aujourd\u2019hui des r\u00e9sultats concrets : moins de polluants dans l\u2019assiette, plus de qualit\u00e9 gustative et un b\u00e9n\u00e9fice r\u00e9el pour la sant\u00e9 collective.<\/p>\n<p>Acheter autrement : soutenir les producteurs engag\u00e9s et r\u00e9duire l\u2019empreinte \u00e9cologique des fraises<\/p>\n<p>Changer ses habitudes d\u2019achat ne repose pas uniquement sur la sant\u00e9 individuelle, mais constitue aussi une d\u00e9marche solidaire et collective. Opter pour les fraises des circuits courts, c\u2019est donner la priorit\u00e9 \u00e0 la qualit\u00e9, limiter l\u2019empreinte carbone du transport et encourager ceux qui cultivent sans usage abusif de pesticides. L\u2019essor d\u2019initiatives comme les paniers fermiers, les groupements d\u2019achats ou le retour aux march\u00e9s hebdomadaires le prouve : il existe une alternative concr\u00e8te, pl\u00e9biscit\u00e9e par nombre de citadins et ruraux.<\/p>\n<p> La multiplication des rappels de produits prouve que la vigilance collective a d\u00e9j\u00e0 un impact. Les t\u00e9moignages de producteurs locaux, fiers de leur d\u00e9marche environnementale, renforcent la confiance et tissent de nouveaux liens sociaux. S\u2019engager du c\u00f4t\u00e9 de ces agriculteurs, c\u2019est non seulement choisir une alimentation meilleure, mais aussi agir pour la vitalit\u00e9 des territoires et la sauvegarde de la biodiversit\u00e9.<\/p>\n","protected":false},"excerpt":{"rendered":"La majorit\u00e9 de ces fraises, en particulier celles issues de la r\u00e9gion andalouse de Huelva, sont au c\u0153ur&hellip;\n","protected":false},"author":2,"featured_media":295041,"comment_status":"","ping_status":"","sticky":false,"template":"","format":"standard","meta":{"footnotes":""},"categories":[1586],"tags":[17,11,9122,12082,2837,1777,674,1011,22406,27,12,5457,25,71,3333,43524],"class_list":{"0":"post-295040","1":"post","2":"type-post","3":"status-publish","4":"format-standard","5":"has-post-thumbnail","7":"category-europe","8":"tag-17","9":"tag-actualites","10":"tag-ces","11":"tag-deurope","12":"tag-dun","13":"tag-eu","14":"tag-europe","15":"tag-fr","16":"tag-fraises","17":"tag-france","18":"tag-news","19":"tag-pays","20":"tag-republique-francaise","21":"tag-sante","22":"tag-sont","23":"tag-venues"},"share_on_mastodon":{"url":"https:\/\/pubeurope.com\/@fr\/114968844413252333","error":""},"_links":{"self":[{"href":"https:\/\/www.europesays.com\/fr\/wp-json\/wp\/v2\/posts\/295040","targetHints":{"allow":["GET"]}}],"collection":[{"href":"https:\/\/www.europesays.com\/fr\/wp-json\/wp\/v2\/posts"}],"about":[{"href":"https:\/\/www.europesays.com\/fr\/wp-json\/wp\/v2\/types\/post"}],"author":[{"embeddable":true,"href":"https:\/\/www.europesays.com\/fr\/wp-json\/wp\/v2\/users\/2"}],"replies":[{"embeddable":true,"href":"https:\/\/www.europesays.com\/fr\/wp-json\/wp\/v2\/comments?post=295040"}],"version-history":[{"count":0,"href":"https:\/\/www.europesays.com\/fr\/wp-json\/wp\/v2\/posts\/295040\/revisions"}],"wp:featuredmedia":[{"embeddable":true,"href":"https:\/\/www.europesays.com\/fr\/wp-json\/wp\/v2\/media\/295041"}],"wp:attachment":[{"href":"https:\/\/www.europesays.com\/fr\/wp-json\/wp\/v2\/media?parent=295040"}],"wp:term":[{"taxonomy":"category","embeddable":true,"href":"https:\/\/www.europesays.com\/fr\/wp-json\/wp\/v2\/categories?post=295040"},{"taxonomy":"post_tag","embeddable":true,"href":"https:\/\/www.europesays.com\/fr\/wp-json\/wp\/v2\/tags?post=295040"}],"curies":[{"name":"wp","href":"https:\/\/api.w.org\/{rel}","templated":true}]}}