{"id":295042,"date":"2025-08-04T05:28:12","date_gmt":"2025-08-04T05:28:12","guid":{"rendered":"https:\/\/www.europesays.com\/fr\/295042\/"},"modified":"2025-08-04T05:28:12","modified_gmt":"2025-08-04T05:28:12","slug":"thierry-roland-gary-le-fils-quil-a-eu-avec-une-grande-figure-de-la-tele-a-fait-carriere-tres-loin-des-ecrans-dans-un-business-tres-francais","status":"publish","type":"post","link":"https:\/\/www.europesays.com\/fr\/295042\/","title":{"rendered":"Thierry Roland : Gary, le fils qu\u2019il a eu avec une grande figure de la t\u00e9l\u00e9, a fait carri\u00e8re tr\u00e8s loin des \u00e9crans dans un business tr\u00e8s fran\u00e7ais"},"content":{"rendered":"<p>            <img loading=\"lazy\" decoding=\"async\" src=\"https:\/\/www.europesays.com\/fr\/wp-content\/uploads\/2025\/04\/145-6602e1ce8ddc4-35x35-1.jpg\" class=\"author-article-picture\" width=\"35\" height=\"35\"\/><\/p>\n<p>                Par<br \/>\n                                    <a class=\"author-article-bio-link\" href=\"https:\/\/www.purepeople.com\/auteur\/lucie-gosselin_a145\" rel=\"nofollow noopener\" target=\"_blank\">Lucie Gosselin<\/a><br \/>\n                                                    | R\u00e9dactrice<\/p>\n<p>\n                Journaliste passionn\u00e9e, depuis plus de 10 ans, je r\u00e9alise des enqu\u00eates, des portraits, des reportages ou des interviews.\n            <\/p>\n<p>\n    Ce lundi 4 ao\u00fbt 2025, Thierry Roland aurait souffl\u00e9 ses 88 bougies. En disparaissant le 16 juin 2012, le journaliste star laissait derri\u00e8re lui un fils unique, Gary, qui n\u2019a pas suivi les traces de son c\u00e9l\u00e8bre papa pour se consacrer \u00e0 une toute autre passion, loin, tr\u00e8s loin du sport\u2026\n<\/p>\n<p>                            <img loading=\"lazy\" decoding=\"async\" class=\"player-thumbnail\" src=\"https:\/\/www.europesays.com\/fr\/wp-content\/uploads\/2025\/08\/9b37913fd2db3078-580x326-2.jpg\" width=\"580\" height=\"326\"\/><\/p>\n<p>                    Thierry Roland : Gary, le fils qu\u2019il a eu avec une grande figure de la t\u00e9l\u00e9, a fait carri\u00e8re tr\u00e8s loin des \u00e9crans dans un business tr\u00e8s fran\u00e7ais<\/p>\n<p>La suite apr\u00e8s la publicit\u00e9<\/p>\n<p>Cela fait d\u00e9j\u00e0 treize ans que <a href=\"https:\/\/www.purepeople.com\/people\/thierry-roland_p1435\" rel=\"nofollow noopener\" target=\"_blank\">Thierry Roland<\/a> s\u2019est \u00e9teint des suites d\u2019un AVC. Le 16 juin 2012, le c\u00e9l\u00e8bre commentateur sportif \u00e9teignait sa t\u00e9l\u00e9vision apr\u00e8s avoir regard\u00e9 un match de l\u2019\u00e9quipe de France. \u00ab\u00a0<strong>Il s\u2019est endormi et a fait un AVC vers trois heures du matin<\/strong>, racontait son ami et coll\u00e8gue Jacques Vendroux quelques jours apr\u00e8s le drame. Les m\u00e9decins ont essay\u00e9 de le r\u00e9animer et Thierry n\u2019est jamais reparti.\u00a0\u00bb<\/p>\n<p>Une fois l\u2019annonce de <a href=\"https:\/\/www.purepeople.com\/article\/thierry-roland-est-mort_a102235\/1\" rel=\"nofollow noopener\" target=\"_blank\">la mort de Thierry Roland<\/a> officialis\u00e9e dans les m\u00e9dias, confr\u00e8res, politiques, sportifs et artistes saluaient unanimement le journaliste passionn\u00e9. Interrog\u00e9 par BFMTV, <a href=\"https:\/\/www.purepeople.com\/people\/jean-michel-larque_p1295\" rel=\"nofollow noopener\" target=\"_blank\">Jean-Michel Larqu\u00e9<\/a> ne cachait pas <a href=\"https:\/\/www.purepeople.com\/article\/tpms-jean-michel-larque-tres-emu-en-revoyant-des-images-de-thierry-roland_a181780\/1\" rel=\"nofollow noopener\" target=\"_blank\">ses larmes<\/a> en d\u00e9clarant, en <a href=\"https:\/\/www.purepeople.com\/article\/mort-de-thierry-roland-hommage-de-jean-michel-larque-orphelin-et-en-pleurs_a102242\/1\" rel=\"nofollow noopener\" target=\"_blank\">sanglots<\/a> : \u00ab\u00a0Il se faisait une telle joie de reformer le tandem. <strong>Il est parti sans \u00e7a<\/strong> (Ils devaient <a href=\"https:\/\/www.purepeople.com\/article\/thierry-roland-jean-michel-larque-le-nouveau-retour-du-duo-mythique_a99878\/1\" rel=\"nofollow noopener\" target=\"_blank\">commenter ensemble l\u2019Euro 2012<\/a> pour M6, NDLR). Il se sentait partir, <a href=\"https:\/\/www.purepeople.com\/article\/thierry-roland-souffrant-et-prive-d-euro-donne-de-ses-nouvelles_a101727\/1\" rel=\"nofollow noopener\" target=\"_blank\">il se sentait faible<\/a>, il m\u2019avait dit que s\u2019il lui arrivait quelque chose il me regarderait de l\u00e0-haut depuis la grande prairie.\u00a0\u00bb<\/p>\n<p>Interrog\u00e9 par l\u2019AFP, <a href=\"https:\/\/www.purepeople.com\/people\/michel-platini_p1292\" rel=\"nofollow noopener\" target=\"_blank\">Michel Platini<\/a> d\u00e9clarait : \u00ab\u00a0C\u2019\u00e9tait la voix du foot pour des millions de personnes et <strong>c\u2019\u00e9tait mon ami<\/strong>. Thierry, c\u2019\u00e9tait aussi mon histoire, ma carri\u00e8re, mes victoires, une partie de ma vie.\u00a0\u00bb Alors pr\u00e9sident de la R\u00e9publique, <a href=\"https:\/\/www.purepeople.com\/people\/francois-hollande_p984\" rel=\"nofollow noopener\" target=\"_blank\">Fran\u00e7ois Hollande<\/a> tenait \u00ab\u00a0\u00e0 saluer la m\u00e9moire de ce grand commentateur sportif, reconnu par tous, qui a consacr\u00e9 toute sa vie, avec passion et talent, au football fran\u00e7ais. Le monde du sport et du football perd l\u2019un de ses plus populaires et ardents supporters.\u00a0\u00bb<\/p>\n<p>Autant <a href=\"https:\/\/www.purepeople.com\/article\/mort-de-thierry-roland-ses-proches-bouleverses-pour-un-dernier-hommage_a102517\/1\" rel=\"nofollow noopener\" target=\"_blank\">d&rsquo;hommages, de preuves d\u2019affection<\/a> et de respect qui ne pouvaient que toucher la r\u00e9alisatrice de t\u00e9l\u00e9vision <a href=\"https:\/\/www.purepeople.com\/article\/thierry-roland-sa-veuve-son-fils-m-pokora-reunis-pour-hommage-symbolique_a115073\/1\" rel=\"nofollow noopener\" target=\"_blank\">Fran\u00e7oise Boulain, veuve du commentateur sportif<\/a>, ainsi que Gary, fils unique du couple. Rencontr\u00e9 par Paris Match quatre ans apr\u00e8s le drame, <a href=\"https:\/\/www.purepeople.com\/article\/thierry-roland-sa-veuve-et-son-fils-se-confient-la-vie-etait-gaie-avec-lui_a189307\/1\" rel=\"nofollow noopener\" target=\"_blank\">m\u00e8re et fils \u00e9voquaient celui qui leur manquait terriblement. \u00ab\u00a0<\/a><strong>Il ne vivait pas son boulot comme un travail mais comme une passion<\/strong>. Alors qu\u2019on lui demande une photo ou un autographe pour \u00e7a, il trouvait que c\u2019\u00e9tait un peu d\u00e9mesur\u00e9, se souvenait Gary. Il voyageait, il voyait des amis ou ses idoles, il regardait les sports qu\u2019il aimait, il s\u2019\u00e9clatait. Il se consid\u00e9rait juste comme un grand gamin qui vivait de sa passion. \u00bb\u00a0<\/p>\n<p>Pour le fils unique, son papa \u00e9tait l\u2019incarnation de <strong>l\u2019anti-star<\/strong> malgr\u00e9 son immense popularit\u00e9. \u00ab\u00a0Il \u00e9tait beaucoup plus \u00e0 l\u2019aise dans les milieux plus simples que dans les milieux pseudo-mondains, se souvenait le jeune homme, alors \u00e2g\u00e9 de 32 ans. C\u2019est au contraire l\u00e0 qu\u2019il se for\u00e7ait. Il \u00e9tait plus jogging d\u00e9tente \u00e0 la maison que costard-cravate.\u00a0\u00bb<\/p>\n<p>Une simplicit\u00e9 \u00e0 la maison que confirmait Fran\u00e7oise Boulain aupr\u00e8s de l\u2019hebdomadaire. \u00ab\u00a0Il parlait \u00e0 tout le monde de la m\u00eame fa\u00e7on, racontait la veuve. Quand il allait chercher <a href=\"https:\/\/www.purepeople.com\/people\/bernadette-chirac_p1607\" rel=\"nofollow noopener\" target=\"_blank\">Bernadette Chirac<\/a> \u00e0 l\u2019\u00c9lys\u00e9e avec Jacques Vendroux pour se rendre \u00e0 des matches caritatifs pour Les Pi\u00e8ces jaunes, <strong>\u00e7a taillait et \u00e7a rigolait dans la voiture<\/strong>. Il \u00e9tait nature en toutes circonstances, sauf \u00e0 sa remise de L\u00e9gion d\u2019honneur parce qu\u2019il \u00e9tait intimid\u00e9 et \u00e9mu.\u00a0\u00bb<\/p>\n<p>Gary, le fils de Thierry Roland travaille dans le vin<\/p>\n<p>Lorsqu\u2019on lui demandait quel papa \u00e9tait Thierry Roland pour son fils Gary, ce dernier r\u00e9pondait : \u00ab\u00a0C\u2019\u00e9tait un papa tr\u00e8s pote. Il m\u2019a transmis sa passion pour le sport, les voyages, le cin\u00e9ma, le jeu aussi lorsque j\u2019\u00e9tais plus vieux. Il ne haussait jamais la voix, il \u00e9tait toujours d\u00e9tendu et toujours second degr\u00e9, <strong>c\u2019\u00e9tait la d\u00e9connade permanente<\/strong>. Je pense avoir h\u00e9rit\u00e9 de son habitude du second degr\u00e9.\u00a0\u00bb Une \u00ab\u00a0passion du sport\u00a0\u00bb qui ne poussera pas pour autant le jeune homme \u00e0 suivre le chemin trac\u00e9 par son c\u00e9l\u00e8bre paternel\u2026<\/p>\n<p>En 2010, deux ans avant la disparition de son papa, Gary Roland validait un MBA (Master of Business Administration) Hospitality \/ Administration \/ Management \u00e0 la prestigieuse \u00e9cole ESSEC Business School. Apr\u00e8s quelques ann\u00e9es en h\u00f4tellerie de luxe \u00e0 New York et une tentative de travailler dans l\u2019immobilier \u00e0 Paris, Gary se lan\u00e7ait un pari fou : <strong>vivre de sa passion pour\u2026 le vin<\/strong>. Il y a treize ans de cela, il cr\u00e9ait avec une certaine Cl\u00e9mence Beljean Class\u00e9s DiVins, une \u00ab\u00a0agence commerciale et de conseil dans les vins, champagnes et spiritueux\u00a0\u00bb, peut-on lire sur le site de la soci\u00e9t\u00e9. \u00ab\u00a0Elle (Cl\u00e9mence NDLR), r\u00eavant depuis sa plus tendre enfance d\u2019\u00eatre nez aupr\u00e8s de grandes maisons de parfumerie, y trouvera une certaine r\u00e9sonance, apprend-on concernant le duo \u00e0 la t\u00eate de la soci\u00e9t\u00e9. Lui (Gary, donc), en qu\u00eate d\u2019une \u00e9chappatoire \u00e0 un secteur de l\u2019immobilier chronophage et morose, se rappelant aux doux souvenirs de ses premi\u00e8res \u00e9motions sensorielles procur\u00e9es par les tr\u00e9sors de la cave familiale.\u00a0\u00bb<\/p>\n<p>\u00ab\u00a0Tr\u00e9sors\u00a0\u00bb que lui a laiss\u00e9s \u2013 entre autres \u2013 Thierry Roland en disparaissant cette affreuse nuit du 16 juin 2012. \u00ab\u00a0La nuit o\u00f9 il est parti, racontait Gary \u00e0 Paris Match, on s\u2019est parl\u00e9 aux alentours de 21 heures et il m\u2019a dit pour la premi\u00e8re fois, parce qu\u2019on se parlait tous les jours : <strong>On s\u2019appelle demain, tu viens me voir demain<\/strong> comme s\u2019il y avait un sentiment d\u2019urgence.\u00a0\u00bb Le lendemain, le papa n\u2019\u00e9tait plus l\u00e0, et Gary d\u00e9cidait de prendre sa vie en mains en d\u00e9veloppant son projet DiVins\u2026<\/p>\n<p>        <img decoding=\"async\" class=\"thumb-img-100 thumb-img\" src=\"https:\/\/www.europesays.com\/fr\/wp-content\/uploads\/2025\/08\/7390698-alex-goude-evoque-sa-relation-avec-thier-320x180-4.png\" alt=\"&quot;T'as voulu m'\u00e9liminer !&quot; : Thierry Roland furieux, a fr\u00f4l\u00e9 la mort \u00e0 cause d'un c\u00e9l\u00e8bre animateur !\" width=\"320\" height=\"180\" loading=\"lazy\" role=\"presentation\"\/><\/p>\n<p>                                            \u00ab\u00a0T&rsquo;as voulu m&rsquo;\u00e9liminer !\u00a0\u00bb : Thierry Roland furieux, a fr\u00f4l\u00e9 la mort \u00e0 cause d&rsquo;un c\u00e9l\u00e8bre animateur !<\/p>\n<p>        <img decoding=\"async\" class=\"thumb-img-100 thumb-img\" src=\"https:\/\/www.europesays.com\/fr\/wp-content\/uploads\/2025\/08\/445906-ppda-320x180-2.jpg\" alt=\"PPDA, Thierry Roland et Laurent Cabrol : D\u00e9couvrez leurs tr\u00e8s bons salaires pour la presse \u00e9crite !\" width=\"320\" height=\"180\" loading=\"lazy\" role=\"presentation\"\/><\/p>\n<p>                                            PPDA, Thierry Roland et Laurent Cabrol : D\u00e9couvrez leurs tr\u00e8s bons salaires pour la presse \u00e9crite !<\/p>\n<p>        <img decoding=\"async\" class=\"thumb-img-100 thumb-img\" src=\"https:\/\/www.europesays.com\/fr\/wp-content\/uploads\/2025\/08\/7196712-thierry-roland-en-tunisie-320x180-6.jpg\" alt=\"Thierry Roland : Cette improbable &quot;boulette&quot; lors de son mariage avec Fran\u00e7oise\" width=\"320\" height=\"180\" loading=\"lazy\" role=\"presentation\"\/><\/p>\n<p>                                            Thierry Roland : Cette improbable \u00ab\u00a0boulette\u00a0\u00bb lors de son mariage avec Fran\u00e7oise<\/p>\n","protected":false},"excerpt":{"rendered":"Par Lucie Gosselin | R\u00e9dactrice Journaliste passionn\u00e9e, depuis plus de 10 ans, je r\u00e9alise des enqu\u00eates, des portraits,&hellip;\n","protected":false},"author":2,"featured_media":295043,"comment_status":"","ping_status":"","sticky":false,"template":"","format":"standard","meta":{"footnotes":""},"categories":[1586],"tags":[11,1777,674,1779,1011,27,12,25,1778,364],"class_list":{"0":"post-295042","1":"post","2":"type-post","3":"status-publish","4":"format-standard","5":"has-post-thumbnail","7":"category-europe","8":"tag-actualites","9":"tag-eu","10":"tag-europe","11":"tag-european-union","12":"tag-fr","13":"tag-france","14":"tag-news","15":"tag-republique-francaise","16":"tag-ue","17":"tag-union-europeenne"},"share_on_mastodon":{"url":"https:\/\/pubeurope.com\/@fr\/114968848571360054","error":""},"_links":{"self":[{"href":"https:\/\/www.europesays.com\/fr\/wp-json\/wp\/v2\/posts\/295042","targetHints":{"allow":["GET"]}}],"collection":[{"href":"https:\/\/www.europesays.com\/fr\/wp-json\/wp\/v2\/posts"}],"about":[{"href":"https:\/\/www.europesays.com\/fr\/wp-json\/wp\/v2\/types\/post"}],"author":[{"embeddable":true,"href":"https:\/\/www.europesays.com\/fr\/wp-json\/wp\/v2\/users\/2"}],"replies":[{"embeddable":true,"href":"https:\/\/www.europesays.com\/fr\/wp-json\/wp\/v2\/comments?post=295042"}],"version-history":[{"count":0,"href":"https:\/\/www.europesays.com\/fr\/wp-json\/wp\/v2\/posts\/295042\/revisions"}],"wp:featuredmedia":[{"embeddable":true,"href":"https:\/\/www.europesays.com\/fr\/wp-json\/wp\/v2\/media\/295043"}],"wp:attachment":[{"href":"https:\/\/www.europesays.com\/fr\/wp-json\/wp\/v2\/media?parent=295042"}],"wp:term":[{"taxonomy":"category","embeddable":true,"href":"https:\/\/www.europesays.com\/fr\/wp-json\/wp\/v2\/categories?post=295042"},{"taxonomy":"post_tag","embeddable":true,"href":"https:\/\/www.europesays.com\/fr\/wp-json\/wp\/v2\/tags?post=295042"}],"curies":[{"name":"wp","href":"https:\/\/api.w.org\/{rel}","templated":true}]}}