{"id":295053,"date":"2025-08-04T05:37:12","date_gmt":"2025-08-04T05:37:12","guid":{"rendered":"https:\/\/www.europesays.com\/fr\/295053\/"},"modified":"2025-08-04T05:37:12","modified_gmt":"2025-08-04T05:37:12","slug":"motogp-lhorizon-dune-arrivee-de-bmw-en-2027-seloigne-la-decisions-strategique-na-pas-encore-ete-prise","status":"publish","type":"post","link":"https:\/\/www.europesays.com\/fr\/295053\/","title":{"rendered":"MotoGP, l\u2019horizon d\u2019une arriv\u00e9e de BMW en 2027 s\u2019\u00e9loigne : \u00ab\u00a0la d\u00e9cisions strat\u00e9gique n\u2019a pas encore \u00e9t\u00e9 prise\u00a0\u00bb"},"content":{"rendered":"<p><strong>Depuis des ann\u00e9es, la perspective d\u2019un engagement de BMW<br \/>\nMotorrad en MotoGP alimente les discussions dans le paddock.<br \/>\nPourtant, malgr\u00e9 quelques incursions techniques marginales \u2013<br \/>\nnotamment \u00e0 l\u2019\u00e9poque des CRT, o\u00f9 des \u00e9quipes clientes avaient<br \/>\nutilis\u00e9 des moteurs issus de la S1000RR \u2013 la marque allemande n\u2019a<br \/>\njamais franchi le pas d\u2019une entr\u00e9e officielle en tant que<br \/>\nconstructeur dans la cat\u00e9gorie reine.<\/strong><\/p>\n<p>Un pr\u00e9c\u00e9dent avait pourtant exist\u00e9, pass\u00e9 presque inaper\u00e7u. \u00c0<br \/>\nl\u2019aube des ann\u00e9es 2000, alors que les 500 cc deux-temps laissaient<br \/>\nplace aux 990 cc quatre-temps, <strong>BMW<\/strong> s\u2019\u00e9tait<br \/>\ndiscr\u00e8tement associ\u00e9 \u00e0 <strong>Oral Engineering<\/strong> pour<br \/>\nd\u00e9velopper un prototype propuls\u00e9 par un moteur trois cylindres de<br \/>\n215 chevaux. Une machine unique, aujourd\u2019hui conserv\u00e9e\u2026 dans le<br \/>\nbureau du PDG de BMW Motorrad, <a href=\"https:\/\/www.paddock-gp.com\/motogp-et-bmw-le-patron-markus-flasch-temporise-et-garde-ses-cartes-en-main\/\" rel=\"nofollow noopener\" target=\"_blank\"><br \/>\n<strong>Markus Flasch<\/strong><\/a>. Comme un troph\u00e9e d\u2019un r\u00eave qui<br \/>\nn\u2019a jamais vraiment vu le jour.<\/p>\n<p>Et pourtant, l\u2019espoir avait repris vie. En 2023, <strong>Markus<br \/>\nFlasch<\/strong> avait confirm\u00e9 des discussions avec <a href=\"https:\/\/www.paddock-gp.com\/motogp-carlos-ezpeleta-veut-seduire-au-dela-des-motards-nous-sommes-bien-plus-que-des-motos\/\" rel=\"nofollow noopener\" target=\"_blank\"><br \/>\n<strong>Carmelo Ezpeleta<\/strong><\/a>, le patron de<br \/>\n<strong>Dorna<\/strong>, sur les conditions d\u2019une possible entr\u00e9e.<br \/>\nLe calendrier semblait id\u00e9al : 2027, avec l\u2019arriv\u00e9e des nouveaux<br \/>\nmoteurs 850 cc et des pneus <strong>Pirelli<\/strong>, pouvait<br \/>\nrepr\u00e9senter une fen\u00eatre parfaite pour un nouvel acteur b\u00e9n\u00e9ficiant<br \/>\ndu syst\u00e8me de concessions. D\u2019autant plus que <strong>BMW<\/strong><br \/>\navait dans ses rangs une arme redoutable : <strong>Toprak<br \/>\nRazgatlioglu<\/strong>, champion du monde Superbike, figure<br \/>\nm\u00e9diatique et pilote charismatique capable de porter le projet<br \/>\nMotoGP sur ses \u00e9paules.<\/p>\n<p>Mais voil\u00e0 : <strong>Toprak<\/strong> est parti chez<br \/>\n<strong>PRAMAC Yamaha<\/strong>, laissant <strong>BMW<\/strong> sans<br \/>\nson ambassadeur naturel. Et avec lui, c\u2019est tout l\u2019\u00e9lan vers le<br \/>\nMotoGP qui semble avoir pris un coup d\u2019arr\u00eat. Interrog\u00e9 r\u00e9cemment<br \/>\npar Australian Motorcycle News, <strong>Markus Flasch<\/strong> a<br \/>\nfait le point avec une transparence inhabituelle : \u00ab <strong>le<br \/>\nsujet MotoGP est d\u00e9battu depuis longtemps chez<br \/>\nnous<\/strong>. Je peux vous assurer qu\u2019aucune d\u00e9cision<br \/>\nd\u00e9finitive n\u2019a \u00e9t\u00e9 prise \u00bb, d\u00e9clare-t-il. Une d\u00e9claration<br \/>\nlourde de sous-entendus.<\/p>\n<p><img loading=\"lazy\" decoding=\"async\" class=\"aligncenter size-full wp-image-1233993\" src=\"https:\/\/www.europesays.com\/fr\/wp-content\/uploads\/2025\/08\/BMW-M1000-RR2.jpg\" alt=\"Toprak Razgatlioglu\" width=\"745\" height=\"390\"  \/><\/p>\n<p><strong>BMW : \u00ab\u00a0le<br \/>\nSuperbike n\u2019est pas un mauvais championnat, mais il reste trop<br \/>\neurop\u00e9en \u00bb<\/strong><\/p>\n<p>La raison de ce flou ? Elle est essentiellement budg\u00e9taire et<br \/>\nstrat\u00e9gique. <strong>Flasch<\/strong> ne cache pas qu\u2019un engagement<br \/>\nen MotoGP repr\u00e9senterait un saut financier bien sup\u00e9rieur \u00e0 celui<br \/>\ndu championnat WorldSBK, dans lequel la marque est actuellement<br \/>\nengag\u00e9e avec la M1000RR. \u00ab Avant de d\u00e9finir un chemin<br \/>\ntechnique, <strong>il faut prendre la d\u00e9cision<br \/>\nstrat\u00e9gique<\/strong>. Et cette d\u00e9cision n\u2019a pas encore \u00e9t\u00e9<br \/>\nprise \u00bb, insiste-t-il.<\/p>\n<p>Pire : \u00e0 ce jour, aucune \u00e9quipe chez <strong>BMW<\/strong> ne<br \/>\ntravaille concr\u00e8tement sur un projet <a href=\"https:\/\/www.motogp.com\/en\" rel=\"nofollow noopener\" target=\"_blank\">MotoGP<\/a>. Ce qui rend<br \/>\nmath\u00e9matiquement impossible une entr\u00e9e en 2027. \u00ab Ce n\u2019est pas<br \/>\nun horizon r\u00e9aliste pour nous \u00bb, reconna\u00eet<br \/>\n<strong>Flasch<\/strong>. Il affirme n\u00e9anmoins que<br \/>\n<strong>BMW<\/strong> continue de \u00ab travailler sur sa strat\u00e9gie<br \/>\nen comp\u00e9tition \u00bb, en consid\u00e9rant toutes les options : MotoGP,<br \/>\nWorldSBK, voire le tout-terrain.<\/p>\n<p>En parall\u00e8le, il critique ouvertement le championnat Superbike,<br \/>\ndans lequel <strong>BMW<\/strong> reste malgr\u00e9 tout tr\u00e8s actif : \u00ab<br \/>\nce n\u2019est pas un mauvais championnat, mais il reste trop<br \/>\neurop\u00e9en \u00bb, regrette-t-il, sugg\u00e9rant un manque d\u2019impact<br \/>\nmondial.<\/p>\n<p>Conclusion : <strong>BMW<\/strong> demande du temps. \u00ab Encore<br \/>\nquelques mois \u00bb pour trancher sur sa position. En attendant,<br \/>\nla grille MotoGP continuera de se composer des cinq constructeurs<br \/>\nactuels : <strong>Ducati, Aprilia, KTM, Yamaha<\/strong> et<br \/>\n<strong>Honda<\/strong>. Et le r\u00eave d\u2019un sixi\u00e8me g\u00e9ant, venu<br \/>\nd\u2019Allemagne, devra patienter\u2026 ou dispara\u00eetre, une fois encore, dans<br \/>\nles tiroirs du bureau de <strong>Markus Flasch<\/strong>.<\/p>\n<p><img loading=\"lazy\" decoding=\"async\" class=\"aligncenter\" src=\"https:\/\/www.europesays.com\/fr\/wp-content\/uploads\/2025\/08\/6556f43556346543.jpg\" alt=\"343434\" width=\"879\" height=\"740\"\/><\/p>\n<p>\u00a0<\/p>\n","protected":false},"excerpt":{"rendered":"Depuis des ann\u00e9es, la perspective d\u2019un engagement de BMW Motorrad en MotoGP alimente les discussions dans le paddock.&hellip;\n","protected":false},"author":2,"featured_media":295054,"comment_status":"","ping_status":"","sticky":false,"template":"","format":"standard","meta":{"footnotes":""},"categories":[1413],"tags":[1011,27,1457,1456,60],"class_list":{"0":"post-295053","1":"post","2":"type-post","3":"status-publish","4":"format-standard","5":"has-post-thumbnail","7":"category-moto","8":"tag-fr","9":"tag-france","10":"tag-moto","11":"tag-motocycle","12":"tag-sports"},"share_on_mastodon":{"url":"https:\/\/pubeurope.com\/@fr\/114968883641081339","error":""},"_links":{"self":[{"href":"https:\/\/www.europesays.com\/fr\/wp-json\/wp\/v2\/posts\/295053","targetHints":{"allow":["GET"]}}],"collection":[{"href":"https:\/\/www.europesays.com\/fr\/wp-json\/wp\/v2\/posts"}],"about":[{"href":"https:\/\/www.europesays.com\/fr\/wp-json\/wp\/v2\/types\/post"}],"author":[{"embeddable":true,"href":"https:\/\/www.europesays.com\/fr\/wp-json\/wp\/v2\/users\/2"}],"replies":[{"embeddable":true,"href":"https:\/\/www.europesays.com\/fr\/wp-json\/wp\/v2\/comments?post=295053"}],"version-history":[{"count":0,"href":"https:\/\/www.europesays.com\/fr\/wp-json\/wp\/v2\/posts\/295053\/revisions"}],"wp:featuredmedia":[{"embeddable":true,"href":"https:\/\/www.europesays.com\/fr\/wp-json\/wp\/v2\/media\/295054"}],"wp:attachment":[{"href":"https:\/\/www.europesays.com\/fr\/wp-json\/wp\/v2\/media?parent=295053"}],"wp:term":[{"taxonomy":"category","embeddable":true,"href":"https:\/\/www.europesays.com\/fr\/wp-json\/wp\/v2\/categories?post=295053"},{"taxonomy":"post_tag","embeddable":true,"href":"https:\/\/www.europesays.com\/fr\/wp-json\/wp\/v2\/tags?post=295053"}],"curies":[{"name":"wp","href":"https:\/\/api.w.org\/{rel}","templated":true}]}}