{"id":295055,"date":"2025-08-04T05:38:21","date_gmt":"2025-08-04T05:38:21","guid":{"rendered":"https:\/\/www.europesays.com\/fr\/295055\/"},"modified":"2025-08-04T05:38:21","modified_gmt":"2025-08-04T05:38:21","slug":"troisieme-en-finlande-sebastien-ogier-poursuit-sa-quete-dun-neuvieme-titre-de-champion-du-monde-lequipe","status":"publish","type":"post","link":"https:\/\/www.europesays.com\/fr\/295055\/","title":{"rendered":"Troisi\u00e8me en Finlande, S\u00e9bastien Ogier poursuit sa qu\u00eate d&#039;un neuvi\u00e8me titre de champion du monde &#8211; L&#039;\u00c9quipe"},"content":{"rendered":"<ol>\n<li><a href=\"https:\/\/news.google.com\/rss\/articles\/CBMi4wFBVV95cUxPTHpySzhQODc1WnNwd1RTd3BzMWR4LVFCMTlYek9sTmM1S2RXMG5qXzdoMGNCTDVfalNGRnprb21pWHZ5OUZUakdHVkh1RE5SeHJxTzlqMEZ0RExVS1NNblFxUFFGTDRCZlFLS1BYTGlHbHRLZnRuZy1WelpFdnBMWi1VZngzemVSenZSRnRReXdVTU5SMWtxNzg1QkluTmlXOWRtOGVtSkZVNXZKV0VsODA0R1JtelJZcl8xOEQ2S0pkUHZLRG1iX2s2R3hiMklsWUt3U1RBdTFfSlY5V243QU5YUQ?oc=5\" target=\"_blank\" rel=\"nofollow noopener\">Troisi\u00e8me en Finlande, S\u00e9bastien Ogier poursuit sa qu\u00eate d&rsquo;un neuvi\u00e8me titre de champion du monde<\/a>&nbsp;&nbsp;L&rsquo;\u00c9quipe<\/li>\n<li><a href=\"https:\/\/news.google.com\/rss\/articles\/CBMihgJBVV95cUxNMkpiQmU0MmFoOTlvUmNWcDJLQTlEZWQzVUFjR2hoOFdyRFZ1OHMxc3RWanctaVRyckxsc3ZNWW15MGRUZW1QS2dzRU1DMVdxUWZyN2RJWHR1UnpKdTh6QVlVTmpOazZfcGk2TFJqV09nRnlXQ2w0SkxTeS1UYXZxNjNjQWYyWlNTSDBLeU1sdGpEazFDWUFpNDY2dFNsR1dWRWNydXIzbXdHVkRBUloydjFyMHhRQzVVVUZTejFBWGgzRnpnelZxSlZaaUZNazNIclJ4OXpkX2EzZHQ5eEh6bkR3TWptdUZDbGdTXzAzMkRTYVdDajRiVmRpWWNtUUhRczN3U3pR?oc=5\" target=\"_blank\" rel=\"nofollow noopener\">WRC. \u00ab Ce n\u2019est plus du rallye ! \u00bb : le gros coup de gueule du champion du monde Thierry Neuville<\/a>&nbsp;&nbsp;Ouest-France<\/li>\n<li><a href=\"https:\/\/news.google.com\/rss\/articles\/CBMiygFBVV95cUxNREZMSVM5V1lVN0VSWkJpd2U5WWFvVDRTUVNHaGVKY0d6Zy1aWW1wcjd5Y1IzQ3pkZjMwMzc3dVRHcnRyd2F5NUdqb0FSUnZfNWhuYkNoYXE5MTNkSk91c214UVpPMW0wSUVrWlJKak45OWt5TndXYjQyLUhVakQ4WkktZ2I3T3RjaUV6NklzZEJMR2JVRkZGMmc2OUF1aW94dnpnaWFvNElYamdWQlN6RXp3SW5aSUlhekFWUFY4MUVKbjkwZ3VBYXF30gHIAUFVX3lxTE8wYWxzTkNlSC00X3BXMjRGMnVTMjFaamVDS0JBVmFjQ05YdHZlOS1wUko0cWo0T2FKMDBqZGFqLUtyTW9MSE1ab0Z3MFFmNlcxYXo1TzRmOVFuTDRUT3RfYURHaWpoa3VoOHlhVi0xOE9Za2drd2RKeXFONE1zZk9CSmV5cExkdmVsemloNVNuZFdROHJTczk0Mkg1aEpWVEdlS2VCMjhQemZjVlhwRHNvRkNZMXAyczEta1RVbThYa18xaVBOaTBO?oc=5\" target=\"_blank\" rel=\"nofollow noopener\">Rallye &#8211; WRC &#8211; Finlande : Ogier mis sous pression par Evans<\/a>&nbsp;&nbsp;Orange Actualit\u00e9s | Sports<\/li>\n<li><a href=\"https:\/\/news.google.com\/rss\/articles\/CBMihwJBVV95cUxOZ3ZnQ3pwc2RVYVcyTXNIREE4bG5OQWhIeE1OVkx0U05GUGJMVXlkUGxIZVRncTVTbVpteFFYQ2FKVFZ4Wm9GZU1wN3g0bm1GZlVFZDNYYzBvMWI1ZzlkTi1sSktZa01KbTBxc2N4cTc3ck1LZ0F1TE1uSVU5SW1CYTZ2UFpBTU83TmxkVm1ERmJoSE1SN3J0THFhaEhtVDZXVHJoUC1Ya2h6YndoSHhXeDlYRnJJMDFRcXYzaEdJVHJBT3JvRmFYVFBFNmJ1QV9EYTZoa3RtMEgyd0swNENmTmhpb1dFVzEwUW50Njk3RUtrRXdid2RWZXNMakw1TGVHY21oQ1RGbw?oc=5\" target=\"_blank\" rel=\"nofollow noopener\">Rovanper\u00e4 en survol, Ogier sur le podium<\/a>&nbsp;&nbsp;Eurosport<\/li>\n<li><a href=\"https:\/\/news.google.com\/rss\/articles\/CBMixwFBVV95cUxQYWRISk1XWllJMEEtTGhGTE13aThvSHNrMkxWZGlJRVRRcncwYm1ZbVhqNXRpbXFENjFDMmFhQVBPRGpMcXhZYUpBSU5KREhHaUF3LUk2UGNlX0tMcmFBZXZoSlNfZnhwd3ByMUc5YUt1Y081cE5sLVhXbmRaLURVMHFQNXduTzllaWJLWTFZRW5JUkJoYkE1WlV4c0ZNUDliR2ROWTFQVGVIbWN0MU5hMmFFLThGWEJ1d2V6clpDTnFoNzFvSGhZ?oc=5\" target=\"_blank\" rel=\"nofollow noopener\">Rallye : Arthur P\u00e9lamourgues et Bastien Pouget se relancent en Finlande<\/a>&nbsp;&nbsp;Centre Presse Aveyron<\/li>\n<\/ol>\n","protected":false},"excerpt":{"rendered":"Troisi\u00e8me en Finlande, S\u00e9bastien Ogier poursuit sa qu\u00eate d&rsquo;un neuvi\u00e8me titre de champion du monde&nbsp;&nbsp;L&rsquo;\u00c9quipe WRC. \u00ab Ce&hellip;\n","protected":false},"author":2,"featured_media":295056,"comment_status":"","ping_status":"","sticky":false,"template":"","format":"standard","meta":{"footnotes":""},"categories":[1412],"tags":[1451,1452,1453,1454,1455,1011,27,60],"class_list":{"0":"post-295055","1":"post","2":"type-post","3":"status-publish","4":"format-standard","5":"has-post-thumbnail","7":"category-f1","8":"tag-f1","9":"tag-formula-1","10":"tag-formula1","11":"tag-formule-1","12":"tag-formule1","13":"tag-fr","14":"tag-france","15":"tag-sports"},"share_on_mastodon":{"url":"https:\/\/pubeurope.com\/@fr\/114968887531387890","error":""},"_links":{"self":[{"href":"https:\/\/www.europesays.com\/fr\/wp-json\/wp\/v2\/posts\/295055","targetHints":{"allow":["GET"]}}],"collection":[{"href":"https:\/\/www.europesays.com\/fr\/wp-json\/wp\/v2\/posts"}],"about":[{"href":"https:\/\/www.europesays.com\/fr\/wp-json\/wp\/v2\/types\/post"}],"author":[{"embeddable":true,"href":"https:\/\/www.europesays.com\/fr\/wp-json\/wp\/v2\/users\/2"}],"replies":[{"embeddable":true,"href":"https:\/\/www.europesays.com\/fr\/wp-json\/wp\/v2\/comments?post=295055"}],"version-history":[{"count":0,"href":"https:\/\/www.europesays.com\/fr\/wp-json\/wp\/v2\/posts\/295055\/revisions"}],"wp:featuredmedia":[{"embeddable":true,"href":"https:\/\/www.europesays.com\/fr\/wp-json\/wp\/v2\/media\/295056"}],"wp:attachment":[{"href":"https:\/\/www.europesays.com\/fr\/wp-json\/wp\/v2\/media?parent=295055"}],"wp:term":[{"taxonomy":"category","embeddable":true,"href":"https:\/\/www.europesays.com\/fr\/wp-json\/wp\/v2\/categories?post=295055"},{"taxonomy":"post_tag","embeddable":true,"href":"https:\/\/www.europesays.com\/fr\/wp-json\/wp\/v2\/tags?post=295055"}],"curies":[{"name":"wp","href":"https:\/\/api.w.org\/{rel}","templated":true}]}}