{"id":295061,"date":"2025-08-04T05:41:10","date_gmt":"2025-08-04T05:41:10","guid":{"rendered":"https:\/\/www.europesays.com\/fr\/295061\/"},"modified":"2025-08-04T05:41:10","modified_gmt":"2025-08-04T05:41:10","slug":"jean-reno-marina-fois-dany-boon-les-secrets-de-jean-paul-pour-prendre-des-selfies-avec-les-stars","status":"publish","type":"post","link":"https:\/\/www.europesays.com\/fr\/295061\/","title":{"rendered":"Jean Reno, Marina Fo\u00efs, Dany Boon&#8230; Les secrets de Jean-Paul pour prendre des selfies avec les stars"},"content":{"rendered":"<p>            Par<br \/>\n        <strong><br \/>\n            <a href=\"https:\/\/actu.fr\/auteur\/eaube\" title=\"Consulter tous les articles de Elo\u00efse Aub\u00e9\" target=\"_blank\" rel=\"noopener\">Elo\u00efse Aub\u00e9<\/a><br \/>\n        <\/strong><\/p>\n<p>        Publi\u00e9 le<\/p>\n<p>            3 ao\u00fbt 2025 \u00e0 17h54        <\/p>\n<p>\u00ab\u2009Regarde l\u00e0 avec Marianne James qui me prend dans ses bras\u2009\u00bb, \u00ab\u2009Oh et l\u00e0, avec Artus, il \u00e9tait vraiment sympa lui\u2009\u00bb\u2026 En regardant les albums photos qu\u2019il a fi\u00e8rement apport\u00e9s jusqu\u2019au <a href=\"https:\/\/actu.fr\/normandie\/le-havre_76351\" target=\"_blank\" rel=\"noopener\">Havre<\/a>, Jean-Paul Caumont se rem\u00e9more tous<strong> ces instants pass\u00e9s avec des c\u00e9l\u00e9brit\u00e9s<\/strong>. Car l\u00e0 est son passe-temps\u2009: rencontrer des stars et prendre des photos avec elles. Il nous d\u00e9voile ses secrets.<\/p>\n<p>\u00ab\u2009C\u2019est devenu un vrai passe-temps\u2009\u00bb<\/p>\n<p class=\" wall-content\">Pour cet habitant de <a href=\"https:\/\/actu.fr\/normandie\/fecamp_76259\" target=\"_blank\" rel=\"noopener\">F\u00e9camp<\/a>, agent de s\u00e9curit\u00e9 \u00e0 la centrale de Paluel (Seine-Maritime), <strong>croiser les stars est devenue une passion<\/strong>. Tout d\u00e9marre en 2007, au moment du tournage du film Disco au\u00a0Havre, o\u00f9 il est figurant. Sur place, il croise la star du film\u2009: Franck Dubosc.<\/p>\n<blockquote class=\"ac-article-quote wall-content\">\n<p>Je l&rsquo;ai rencontr\u00e9 et je me suis dit que c&rsquo;\u00e9tait super sympa. J&rsquo;ai toujours voulu voir l&rsquo;envers du d\u00e9cor du cin\u00e9ma. C&rsquo;est devenu un vrai passe-temps, j&rsquo;oublie tous mes soucis !<\/p>\n<p>    <strong>Jean-Paul Caumont <\/strong>\n            <\/p><\/blockquote>\n<p>    <a href=\"https:\/\/www.facebook.com\/plugins\/post.php?href=https%3A%2F%2Fwww.facebook.com%2Fjeanpaul.caumont%2Fposts%2Fpfbid0KXMpGuuTFbwAFjtMNATPrby1BK7F6aRMDTyCEK23xf7dnkNdkD7pXbhDe5HoNEv6l&amp;show_text=true&amp;width=350\" title=\"Ouvrie le lien\" target=\"_blank\" rel=\"noopener\">Cliquez ici pour visualiser le contenu<\/a><\/p>\n<p class=\" wall-content\">Et depuis il encha\u00eene. Les spectacles d\u2019humour, les festivals de cin\u00e9ma \u00e0 Deauville et \u00e0 Cabourg, les concerts, sans oublier la figuration dans certains longs et courts m\u00e9trages. \u00ab\u2009J\u2019ai \u00e9t\u00e9 figurant dans <a href=\"https:\/\/actu.fr\/normandie\/_76\/au-cinema-on-voulait-tout-casser-film-tourne-en-seine-maritime_552659.html\" target=\"_blank\" rel=\"noopener\">le film avec Kad Merad<\/a> On voulait tout casser, puis avec Virginie Efira dans le film Sibyl, <a href=\"https:\/\/actu.fr\/normandie\/dieppe_76217\/cannes-2019-scenes-film-virginie-efira-ont-ete-tournees-pres-dieppe_23984543.html\" target=\"_blank\" rel=\"noopener\">tourn\u00e9 au\u00a0Tr\u00e9port<\/a>.\u2009\u00bb<\/p>\n<p>Patience et hasard de la vie<\/p>\n<p class=\" wall-content\">Pour ce quinquag\u00e9naire, il ne s\u2019agit pas de suivre \u00e0 tout prix les c\u00e9l\u00e9brit\u00e9s partout o\u00f9 elles passent. Mais bien de les attendre \u00e0 la sortie d\u2019un spectacle. \u00ab\u2009Je vais par exemple souvent au th\u00e9\u00e2tre \u00e0 l\u2019Ouest \u00e0 Rouen, o\u00f9 il y a une bonne programmation.\u2009\u00bb Parfois m\u00eame, le hasard fait bien les choses.<\/p>\n<blockquote class=\"ac-article-quote wall-content\">\n<p>Le jour du concert de Louis Bertignac, je discutais avec un monsieur et il s&rsquo;av\u00e8re que c&rsquo;\u00e9tait son producteur. Dans la discussion, il m&rsquo;a demand\u00e9 si je voulais le rencontrer et hop, je l&rsquo;ai vu !<\/p>\n<p>    <strong>Jean-Paul Caumont<\/strong>\n            <\/p><\/blockquote>\n<p class=\" wall-content\">M\u00eame chose \u00e0 Dieppe o\u00f9, en discutant simplement avec la directrice d\u2019une salle de spectacle, il a fini par trinquer avec l\u2019acteur Bruno Solo.<\/p>\n<p>    <a href=\"https:\/\/www.facebook.com\/plugins\/post.php?href=https%3A%2F%2Fwww.facebook.com%2Fjeanpaul.caumont%2Fposts%2Fpfbid0K9WyiNxXaXCqBcm9E4T5yPgZ3ovuMEGuYPCTZ1MTQP2c1pKd3yuuLKjTaGAvSUnAl&amp;show_text=true&amp;width=350\" title=\"Ouvrie le lien\" target=\"_blank\" rel=\"noopener\">Cliquez ici pour visualiser le contenu<\/a><\/p>\n<p>Des rencontres marquantes<\/p>\n<p class=\" wall-content\"><strong>Beno\u00eet Poelvoorde, Jamel Debbouze, Tony Parker, Jean-Pierre Daroussin, Marina Fo\u00efs, Jean-Paul Rouve, Thierry Lhermitte<\/strong>\u2026 Dans son palmar\u00e8s \u2013 puisqu\u2019il essaie d\u2019en rencontrer tous les mois principalement en Normandie \u2013 il y a certains souvenirs qui l\u2019ont marqu\u00e9. Comme sa rencontre avec l\u2019acteur Jean Reno ou avec Albert Dupontel : \u00ab\u2009L\u00e0, j\u2019\u00e9tais vraiment impressionn\u00e9 car je suis un grand fan\u2009\u00bb. Puis avec Dany Boon, Elie Semoun et l\u2019humoriste Artus : \u00ab\u2009Ils sont vraiment tr\u00e8s gentils et accessibles\u2009\u00bb.<\/p>\n<p class=\" wall-content\">Son secret\u2009? Du bagout, de la patience et surtout \u00ab\u2009ne pas les agresser. Il ne faut pas \u00eatre hyst\u00e9rique et leur demander simplement une photo\u2009\u00bb.<\/p>\n<p>    <a href=\"https:\/\/www.facebook.com\/plugins\/post.php?href=https%3A%2F%2Fwww.facebook.com%2Fjeanpaul.caumont%2Fposts%2Fpfbid0KXMpGuuTFbwAFjtMNATPrby1BK7F6aRMDTyCEK23xf7dnkNdkD7pXbhDe5HoNEv6l&amp;show_text=true&amp;width=350\" title=\"Ouvrie le lien\" target=\"_blank\" rel=\"noopener\">Cliquez ici pour visualiser le contenu<\/a><\/p>\n<p class=\" wall-content\">Si sur la plupart de ses photos souvenirs, les c\u00e9l\u00e9brit\u00e9s sont souriantes, il s\u2019en souvient d\u2019une ou deux un peu moins accessibles. Comme Vincent Lindon \u00ab\u00a0qui est rest\u00e9 poli en me tendant la main mais m\u2019a dit qu\u2019il n\u2019aimait pas les photos\u00a0\u00bb. Idem pour le chanteur Patrick Bruel qui ne semblait \u00ab\u00a0pas trop avoir le temps\u00a0\u00bb.<\/p>\n<p class=\" wall-content\">Jean-Paul paie tous ses spectacles. M\u00eame si quand on n\u2019aime, on ne compte pas, le budget pour assister \u00e0 certains \u00e9v\u00e8nements est important. D\u2019autant qu\u2019\u00ab\u2009une grosse partie du temps libre est consacr\u00e9e \u00e0 \u00e7a\u2009\u00bb. Mais n\u2019en d\u00e9plaise, \u00ab\u2009je suis comme un gosse quand je fais \u00e7a\u2009\u00bb.<\/p>\n<p>Suivez l\u2019actualit\u00e9 du\u00a0Havre sur notre <a href=\"https:\/\/www.whatsapp.com\/channel\/0029VaFqJYE8aKvLBwVrEe0o\" target=\"_blank\" rel=\"noopener\">cha\u00eene WhatsApp<\/a> et sur notre <a href=\"https:\/\/www.tiktok.com\/@76actu.fr?lang=fr\" target=\"_blank\" rel=\"noopener\">compte TikTok<\/a><\/p>\n<p class=\" wall-content\">Suivez toute l\u2019actualit\u00e9 de vos villes et m\u00e9dias favoris en vous inscrivant \u00e0 <a href=\"https:\/\/moncompte.actu.fr\" title=\"D\u00e9couvez Mon Actu\" rel=\"nofollow noopener\" data-trk=\"{&quot;cta&quot;:{&quot;action&quot;:&quot;https:\\\/\\\/moncompte.actu.fr&quot;,&quot;category&quot;:&quot;mon compte&quot;,&quot;from&quot;:&quot;article footer&quot;,&quot;name&quot;:&quot;Mon actu&quot;,&quot;type&quot;:&quot;cta&quot;}}\" target=\"_blank\">Mon Actu<\/a>.<\/p>\n<p>                    <script async src=\"\/\/www.tiktok.com\/embed.js\"><\/script><\/p>\n","protected":false},"excerpt":{"rendered":"Par Elo\u00efse Aub\u00e9 Publi\u00e9 le 3 ao\u00fbt 2025 \u00e0 17h54 \u00ab\u2009Regarde l\u00e0 avec Marianne James qui me prend&hellip;\n","protected":false},"author":2,"featured_media":295062,"comment_status":"","ping_status":"","sticky":false,"template":"","format":"standard","meta":{"footnotes":""},"categories":[1359],"tags":[650,58,59,43526,1011,27,1757,973,1314],"class_list":{"0":"post-295061","1":"post","2":"type-post","3":"status-publish","4":"format-standard","5":"has-post-thumbnail","7":"category-people","8":"tag-cinema","9":"tag-divertissement","10":"tag-entertainment","11":"tag-festival-deauville","12":"tag-fr","13":"tag-france","14":"tag-insolite","15":"tag-people","16":"tag-series"},"share_on_mastodon":{"url":"https:\/\/pubeurope.com\/@fr\/114968899262030049","error":""},"_links":{"self":[{"href":"https:\/\/www.europesays.com\/fr\/wp-json\/wp\/v2\/posts\/295061","targetHints":{"allow":["GET"]}}],"collection":[{"href":"https:\/\/www.europesays.com\/fr\/wp-json\/wp\/v2\/posts"}],"about":[{"href":"https:\/\/www.europesays.com\/fr\/wp-json\/wp\/v2\/types\/post"}],"author":[{"embeddable":true,"href":"https:\/\/www.europesays.com\/fr\/wp-json\/wp\/v2\/users\/2"}],"replies":[{"embeddable":true,"href":"https:\/\/www.europesays.com\/fr\/wp-json\/wp\/v2\/comments?post=295061"}],"version-history":[{"count":0,"href":"https:\/\/www.europesays.com\/fr\/wp-json\/wp\/v2\/posts\/295061\/revisions"}],"wp:featuredmedia":[{"embeddable":true,"href":"https:\/\/www.europesays.com\/fr\/wp-json\/wp\/v2\/media\/295062"}],"wp:attachment":[{"href":"https:\/\/www.europesays.com\/fr\/wp-json\/wp\/v2\/media?parent=295061"}],"wp:term":[{"taxonomy":"category","embeddable":true,"href":"https:\/\/www.europesays.com\/fr\/wp-json\/wp\/v2\/categories?post=295061"},{"taxonomy":"post_tag","embeddable":true,"href":"https:\/\/www.europesays.com\/fr\/wp-json\/wp\/v2\/tags?post=295061"}],"curies":[{"name":"wp","href":"https:\/\/api.w.org\/{rel}","templated":true}]}}