{"id":295063,"date":"2025-08-04T05:43:22","date_gmt":"2025-08-04T05:43:22","guid":{"rendered":"https:\/\/www.europesays.com\/fr\/295063\/"},"modified":"2025-08-04T05:43:22","modified_gmt":"2025-08-04T05:43:22","slug":"la-foire-aux-livres-damnesty-international","status":"publish","type":"post","link":"https:\/\/www.europesays.com\/fr\/295063\/","title":{"rendered":"La foire aux livres d\u2019Amnesty international"},"content":{"rendered":"<p>Amnesty International est de retour salle Rohan de l\u2019espace P\u00e9lico pour sa traditionnelle foire aux livres du 5 au 7 ao\u00fbt.<\/p>\n<p>Les amateurs de lecture, que ce soit de romans policiers, de romans de terroir, de documentaires, de livres d\u2019art, d\u2019ouvrages de science-fiction, de manuels de droit ou d\u2019\u00e9conomie, trouveront de quoi faire le plein \u00e0 des prix tr\u00e8s comp\u00e9titifs. Anduziens, touristes ou r\u00e9sidents des villages environnants seront sans doute au rendez-vous, un encouragement pour les organisateurs qui s\u2019investissent ann\u00e9e apr\u00e8s ann\u00e9e pour r\u00e9colter quelques subsides destin\u00e9s \u00e0 venir en aide aux personnes priv\u00e9es de libert\u00e9, aux jeunes en difficult\u00e9 face aux r\u00e9seaux sociaux ou aux victimes des guerres.<\/p>\n<p>Il sera possible de d\u00e9poser des livres en bon \u00e9tat qui seront r\u00e9cup\u00e9r\u00e9s par l\u2019association. Afin de faciliter la mise en place et le rangement des livres \u00e0 l\u2019issue de la foire, les b\u00e9n\u00e9voles accueilleront toutes les bonnes volont\u00e9s qui disposent d\u2019un peu de temps et d\u2019\u00e9nergie. Il suffit de contacter <a href=\"https:\/\/www.midilibre.fr\/2025\/08\/04\/mailto:ales@amnestyfrance.fr\" rel=\"nofollow noopener\" target=\"_blank\">ales@amnestyfrance.fr<\/a>.<\/p>\n<p>La foire aux livres est ouverte au public mardi 5, de 9 heures \u00e0 23 heures, mercredi 6, de 9 heures \u00e0 19 h 30 et jeudi 7 de 9 heures \u00e0 14 heures.<\/p>\n","protected":false},"excerpt":{"rendered":"Amnesty International est de retour salle Rohan de l\u2019espace P\u00e9lico pour sa traditionnelle foire aux livres du 5&hellip;\n","protected":false},"author":2,"featured_media":295064,"comment_status":"","ping_status":"","sticky":false,"template":"","format":"standard","meta":{"footnotes":""},"categories":[1357],"tags":[1379,58,59,1011,27,1380],"class_list":{"0":"post-295063","1":"post","2":"type-post","3":"status-publish","4":"format-standard","5":"has-post-thumbnail","7":"category-livres","8":"tag-books","9":"tag-divertissement","10":"tag-entertainment","11":"tag-fr","12":"tag-france","13":"tag-livres"},"share_on_mastodon":{"url":"https:\/\/pubeurope.com\/@fr\/114968907255785264","error":""},"_links":{"self":[{"href":"https:\/\/www.europesays.com\/fr\/wp-json\/wp\/v2\/posts\/295063","targetHints":{"allow":["GET"]}}],"collection":[{"href":"https:\/\/www.europesays.com\/fr\/wp-json\/wp\/v2\/posts"}],"about":[{"href":"https:\/\/www.europesays.com\/fr\/wp-json\/wp\/v2\/types\/post"}],"author":[{"embeddable":true,"href":"https:\/\/www.europesays.com\/fr\/wp-json\/wp\/v2\/users\/2"}],"replies":[{"embeddable":true,"href":"https:\/\/www.europesays.com\/fr\/wp-json\/wp\/v2\/comments?post=295063"}],"version-history":[{"count":0,"href":"https:\/\/www.europesays.com\/fr\/wp-json\/wp\/v2\/posts\/295063\/revisions"}],"wp:featuredmedia":[{"embeddable":true,"href":"https:\/\/www.europesays.com\/fr\/wp-json\/wp\/v2\/media\/295064"}],"wp:attachment":[{"href":"https:\/\/www.europesays.com\/fr\/wp-json\/wp\/v2\/media?parent=295063"}],"wp:term":[{"taxonomy":"category","embeddable":true,"href":"https:\/\/www.europesays.com\/fr\/wp-json\/wp\/v2\/categories?post=295063"},{"taxonomy":"post_tag","embeddable":true,"href":"https:\/\/www.europesays.com\/fr\/wp-json\/wp\/v2\/tags?post=295063"}],"curies":[{"name":"wp","href":"https:\/\/api.w.org\/{rel}","templated":true}]}}