{"id":295067,"date":"2025-08-04T05:45:12","date_gmt":"2025-08-04T05:45:12","guid":{"rendered":"https:\/\/www.europesays.com\/fr\/295067\/"},"modified":"2025-08-04T05:45:12","modified_gmt":"2025-08-04T05:45:12","slug":"rene-angelil-jaloux-de-jean-jacques-goldman-cette-scene-intime-jamais-racontee","status":"publish","type":"post","link":"https:\/\/www.europesays.com\/fr\/295067\/","title":{"rendered":"Ren\u00e9 Ang\u00e9lil jaloux de Jean-Jacques Goldman ? Cette sc\u00e8ne intime jamais racont\u00e9e"},"content":{"rendered":"<p>En 1995, l\u2019album D\u2019eux a marqu\u00e9 une \u00e9tape majeure, r\u00e9sultant de la collaboration entre Jean-Jacques Goldman et C\u00e9line Dion. Totalement s\u00e9duit par le talent vocal de la chanteuse canadienne, Goldman la pla\u00e7ait parmi les plus grandes voix de la plan\u00e8te. Comme le souligne Erick Benzi, son ami et producteur, dans La Tribune Dimanche du 3 ao\u00fbt 2025, il la classait \u00ab\u00a0dans le top 5 des grandes vocalistes mondiales, avec Aretha Franklin, son idole absolue, Barbra Streisand, Mariah Carey et Whitney Houston\u00a0\u00bb.<\/p>\n<p>Cette rencontre artistique, port\u00e9e par une passion sans faille, s\u2019est transform\u00e9e en v\u00e9ritable obsession, selon le m\u00eame hebdomadaire. \u00ab\u00a0Il est vraiment \u00e0 l&rsquo;origine de cette rencontre, avoue son ami. <strong>Jean-Jacques Goldman \u00e9tait tomb\u00e9 amoureux de sa voix<\/strong>\u00ab\u00a0. Une d\u00e9votion qui a donn\u00e9 naissance \u00e0 un projet musical embl\u00e9matique.<\/p>\n<p>Jean-Jacques Goldman, l\u2019architecte discret du succ\u00e8s de C\u00e9line Dion<\/p>\n<p>En 1995, sur le plateau d\u2019Envoy\u00e9 sp\u00e9cial, Jean-Jacques Goldman confiait : \u00ab\u00a0C\u2019est un projet qui m\u2019int\u00e9ressait, \u00e0 peu pr\u00e8s le seul auquel je r\u00eavais. J\u2019avais vraiment envie de travailler pour cette fille-l\u00e0 en particulier\u00a0\u00bb. Il se voyait capable de sublimer sa voix et d\u2019en faire une star mondiale. \u00ab\u00a0J\u2019avais l\u2019impression de savoir ce qu\u2019il lui fallait (&#8230;)<a href=\"https:\/\/www.closermag.fr\/people\/celine-dion-rene-angelil-jaloux-de-jean-jacques-goldman-cette-scene-intime-jamais-racontee-3568876\" rel=\"nofollow noopener\" target=\"_blank\" data-ylk=\"slk:Lire la suite sur Closer;elm:context_link;itc:0;sec:content-canvas\" class=\"link \">Lire la suite sur Closer<\/a><a href=\"https:\/\/www.closermag.fr\/people\/les-beckham-a-saint-tropez-victoria-se-serait-bien-passee-de-cette-prise-de-parole-acide-de-la-maitresse-presumee-de-david-3568939\" rel=\"nofollow noopener\" target=\"_blank\" data-ylk=\"slk:Les Beckham \u00e0 Saint-Tropez : Victoria se serait bien pass\u00e9e de cette prise de parole acide de la ma\u00eetresse pr\u00e9sum\u00e9e de David;elm:context_link;itc:0;sec:content-canvas\" class=\"link \">Les Beckham \u00e0 Saint-Tropez : Victoria se serait bien pass\u00e9e de cette prise de parole acide de la ma\u00eetresse pr\u00e9sum\u00e9e de David<\/a><br \/><a href=\"https:\/\/www.closermag.fr\/people\/bertrand-cantat-assassine-une-femme-une-star-de-la-chanson-dit-les-termes-3568930\" rel=\"nofollow noopener\" target=\"_blank\" data-ylk=\"slk:Bertrand Cantat : \u201cassassin\u00e9 une femme !\u201d, une star de la chanson dit les termes;elm:context_link;itc:0;sec:content-canvas\" class=\"link \">Bertrand Cantat : \u201cassassin\u00e9 une femme !\u201d, une star de la chanson dit les termes<\/a><br \/><a href=\"https:\/\/www.closermag.fr\/people\/luana-belmondo-longtemps-boudee-par-laeticia-hallyday-elle-a-retrouve-sa-place-aupres-de-jade-3568922\" rel=\"nofollow noopener\" target=\"_blank\" data-ylk=\"slk:Luana Belmondo : longtemps boud\u00e9e par Laeticia Hallyday, elle a retrouv\u00e9 sa place aupr\u00e8s de Jade;elm:context_link;itc:0;sec:content-canvas\" class=\"link \">Luana Belmondo : longtemps boud\u00e9e par Laeticia Hallyday, elle a retrouv\u00e9 sa place aupr\u00e8s de Jade<\/a><br \/><a href=\"https:\/\/www.closermag.fr\/people\/heureusement-que-iris-mittenaere-se-fait-tailler-un-costard-par-christophe-beaugrand-3568917\" rel=\"nofollow noopener\" target=\"_blank\" data-ylk=\"slk:&quot;Heureusement que\u2026&quot; : Iris Mittenaere se fait tailler un costard par Christophe Beaugrand;elm:context_link;itc:0;sec:content-canvas\" class=\"link \">\u00ab\u00a0Heureusement que\u2026\u00a0\u00bb : Iris Mittenaere se fait tailler un costard par Christophe Beaugrand<\/a><br \/><a href=\"https:\/\/www.closermag.fr\/people\/alain-delon-pas-le-meme-homme-a-douchy-les-habitants-racontent-son-autre-facette-3568914\" rel=\"nofollow noopener\" target=\"_blank\" data-ylk=\"slk:Alain Delon, &quot;pas le m\u00eame homme \u00e0 Douchy&quot; : les habitants racontent son autre facette;elm:context_link;itc:0;sec:content-canvas\" class=\"link \">Alain Delon, \u00ab\u00a0pas le m\u00eame homme \u00e0 Douchy\u00a0\u00bb : les habitants racontent son autre facette<\/a><\/p>\n","protected":false},"excerpt":{"rendered":"En 1995, l\u2019album D\u2019eux a marqu\u00e9 une \u00e9tape majeure, r\u00e9sultant de la collaboration entre Jean-Jacques Goldman et C\u00e9line&hellip;\n","protected":false},"author":2,"featured_media":295068,"comment_status":"","ping_status":"","sticky":false,"template":"","format":"standard","meta":{"footnotes":""},"categories":[1355],"tags":[7043,58,59,43527,1011,27,3102,1361,873],"class_list":{"0":"post-295067","1":"post","2":"type-post","3":"status-publish","4":"format-standard","5":"has-post-thumbnail","7":"category-musique","8":"tag-celine-dion","9":"tag-divertissement","10":"tag-entertainment","11":"tag-erick-benzi","12":"tag-fr","13":"tag-france","14":"tag-la-tribune-dimanche","15":"tag-music","16":"tag-musique"},"share_on_mastodon":{"url":"https:\/\/pubeurope.com\/@fr\/114968915082386871","error":""},"_links":{"self":[{"href":"https:\/\/www.europesays.com\/fr\/wp-json\/wp\/v2\/posts\/295067","targetHints":{"allow":["GET"]}}],"collection":[{"href":"https:\/\/www.europesays.com\/fr\/wp-json\/wp\/v2\/posts"}],"about":[{"href":"https:\/\/www.europesays.com\/fr\/wp-json\/wp\/v2\/types\/post"}],"author":[{"embeddable":true,"href":"https:\/\/www.europesays.com\/fr\/wp-json\/wp\/v2\/users\/2"}],"replies":[{"embeddable":true,"href":"https:\/\/www.europesays.com\/fr\/wp-json\/wp\/v2\/comments?post=295067"}],"version-history":[{"count":0,"href":"https:\/\/www.europesays.com\/fr\/wp-json\/wp\/v2\/posts\/295067\/revisions"}],"wp:featuredmedia":[{"embeddable":true,"href":"https:\/\/www.europesays.com\/fr\/wp-json\/wp\/v2\/media\/295068"}],"wp:attachment":[{"href":"https:\/\/www.europesays.com\/fr\/wp-json\/wp\/v2\/media?parent=295067"}],"wp:term":[{"taxonomy":"category","embeddable":true,"href":"https:\/\/www.europesays.com\/fr\/wp-json\/wp\/v2\/categories?post=295067"},{"taxonomy":"post_tag","embeddable":true,"href":"https:\/\/www.europesays.com\/fr\/wp-json\/wp\/v2\/tags?post=295067"}],"curies":[{"name":"wp","href":"https:\/\/api.w.org\/{rel}","templated":true}]}}