{"id":295069,"date":"2025-08-04T05:46:11","date_gmt":"2025-08-04T05:46:11","guid":{"rendered":"https:\/\/www.europesays.com\/fr\/295069\/"},"modified":"2025-08-04T05:46:11","modified_gmt":"2025-08-04T05:46:11","slug":"un-grand-mechant-du-mcu-fait-un-retour-inattendu-apres-trois-ans-dabsence","status":"publish","type":"post","link":"https:\/\/www.europesays.com\/fr\/295069\/","title":{"rendered":"Un grand m\u00e9chant du MCU fait un retour inattendu apr\u00e8s trois ans d\u2019absence"},"content":{"rendered":"<p class=\"chapo\">Apr\u00e8s trois ans d\u2019absence, l\u2019un des antagonistes les plus marquants de l\u2019univers cin\u00e9matographique Marvel vient de r\u00e9appara\u00eetre de fa\u00e7on inattendue. Ce retour suscite l\u2019enthousiasme des fans et relance de nombreuses sp\u00e9culations sur la suite des intrigues.<\/p>\n<p>Tl;dr<\/p>\n<ul>\n<li>Killmonger revient dans Eyes of Wakanda.<\/li>\n<li>L\u2019artefact du film change l\u2019histoire du MCU.<\/li>\n<li>Tous les \u00e9pisodes sont sur Disney+.<\/li>\n<\/ul>\n<p>Un retour inattendu dans l\u2019univers Marvel<\/p>\n<p>C\u2019est un nom que les fans n\u2019oublient pas : <strong>Killmonger<\/strong>, antagoniste marquant de <a href=\"https:\/\/www.24matins.fr\/en-hommage-a-chadwick-boseman-black-panther-diffuse-ce-soir-sur-tf1-1228630\" rel=\"nofollow noopener\" target=\"_blank\">Black Panther<\/a>, refait surface l\u00e0 o\u00f9 on ne l\u2019attendait plus. Trois ans apr\u00e8s sa derni\u00e8re apparition, ce personnage complexe et redout\u00e9 enrichit \u00e0 nouveau la mythologie du <strong>MCU<\/strong>. Cette fois, c\u2019est la s\u00e9rie anim\u00e9e Eyes of Wakanda, diffus\u00e9e sur Disney+, qui lui offre un retour retentissant. \u00c0 travers quatre \u00e9pisodes, le show revisite plusieurs moments-cl\u00e9s de l\u2019histoire du Wakanda en suivant les traces des War Dogs, son agence secr\u00e8te.<\/p>\n<p>L\u2019artefact au c\u0153ur de tous les enjeux<\/p>\n<p>L\u2019intrigue prend une tournure d\u00e9cisive avec \u00ab The Last Panther \u00bb, dernier \u00e9pisode o\u00f9 l\u2019on retrouve le prince Tafari et le War Dog Kuda, missionn\u00e9s en 1896 pour r\u00e9cup\u00e9rer une hache en vibranium vol\u00e9e. Cette arme n\u2019est autre que celle subtilis\u00e9e par Killmonger dans le mus\u00e9e lors de son entr\u00e9e fracassante dans le premier film. Rapidement, la narration d\u00e9voile que ce simple objet joue un r\u00f4le bien plus crucial qu\u2019il n\u2019y para\u00eet. Sa disparition aurait pu emp\u00eacher non seulement l\u2019av\u00e8nement de Killmonger mais bouleverser tout le destin du Wakanda et, par ricochet, celui de la Terre.<\/p>\n<p>Des cons\u00e9quences majeures pour le MCU<\/p>\n<p>Quelques faits cl\u00e9s permettent d\u2019appr\u00e9hender toute la port\u00e9e de cette r\u00e9v\u00e9lation\u202f:<\/p>\n<ul>\n<li>Si la hache reste perdue en 1896, jamais Killmonger ne mettra la main dessus.<\/li>\n<li>Cela signifie que les \u00e9v\u00e9nements du film ne se produiraient pas\u202f: Wakanda resterait ferm\u00e9 au monde.<\/li>\n<li>Une terrible invasion extraterrestre men\u00e9e par la Horde an\u00e9antirait finalement la plan\u00e8te sans l\u2019aide du Wakanda.<\/li>\n<\/ul>\n<p>Heureusement, alert\u00e9s par une visiteuse venue du futur \u2013 ultime Black Panther \u2013, Tafari et Kuda remettent l\u2019artefact \u00e0 sa place. La boucle temporelle se referme ainsi : une sc\u00e8ne anim\u00e9e reproduit fid\u00e8lement celle o\u00f9 Killmonger contemple les artefacts du mus\u00e9e.<\/p>\n<p>Killmonger\u00a0: plus central que jamais<\/p>\n<p>Au-del\u00e0 d\u2019un simple retour fan-service, cette nouvelle narration hisse Killmonger parmi les figures essentielles de l\u2019univers Marvel. \u00c0 l\u2019instar d\u2019un Loki devenu \u00ab\u202fDieu des R\u00e9cits\u202f\u00bb ou d\u2019un Thanos dont le \u00ab\u202fSnap\u202f\u00bb fa\u00e7onne encore toutes les intrigues, il s\u2019impose comme un v\u00e9ritable pivot de la chronologie Marvel. Loin d\u2019affaiblir sa l\u00e9gende, ces apparitions r\u00e9centes \u2013 dans <a href=\"https:\/\/www.24matins.fr\/sur-le-tournage-une-star-marvel-decouvre-par-surprise-quelle-participe-a-un-film-avengers-1391157\" rel=\"nofollow noopener\" target=\"_blank\">What If\u2026?<\/a>, Wakanda Forever, puis aujourd\u2019hui \u2013 renforcent son impact sur tout le MCU.<\/p>\n<p>Tous les \u00e9pisodes de <strong>Eyes of Wakanda<\/strong> sont disponibles d\u00e8s maintenant sur Disney+.<\/p>\n","protected":false},"excerpt":{"rendered":"Apr\u00e8s trois ans d\u2019absence, l\u2019un des antagonistes les plus marquants de l\u2019univers cin\u00e9matographique Marvel vient de r\u00e9appara\u00eetre de&hellip;\n","protected":false},"author":2,"featured_media":295070,"comment_status":"","ping_status":"","sticky":false,"template":"","format":"standard","meta":{"footnotes":""},"categories":[1354],"tags":[58,59,1346,1011,27,1360],"class_list":{"0":"post-295069","1":"post","2":"type-post","3":"status-publish","4":"format-standard","5":"has-post-thumbnail","7":"category-films","8":"tag-divertissement","9":"tag-entertainment","10":"tag-films","11":"tag-fr","12":"tag-france","13":"tag-movies"},"share_on_mastodon":{"url":"https:\/\/pubeurope.com\/@fr\/114968918917394220","error":""},"_links":{"self":[{"href":"https:\/\/www.europesays.com\/fr\/wp-json\/wp\/v2\/posts\/295069","targetHints":{"allow":["GET"]}}],"collection":[{"href":"https:\/\/www.europesays.com\/fr\/wp-json\/wp\/v2\/posts"}],"about":[{"href":"https:\/\/www.europesays.com\/fr\/wp-json\/wp\/v2\/types\/post"}],"author":[{"embeddable":true,"href":"https:\/\/www.europesays.com\/fr\/wp-json\/wp\/v2\/users\/2"}],"replies":[{"embeddable":true,"href":"https:\/\/www.europesays.com\/fr\/wp-json\/wp\/v2\/comments?post=295069"}],"version-history":[{"count":0,"href":"https:\/\/www.europesays.com\/fr\/wp-json\/wp\/v2\/posts\/295069\/revisions"}],"wp:featuredmedia":[{"embeddable":true,"href":"https:\/\/www.europesays.com\/fr\/wp-json\/wp\/v2\/media\/295070"}],"wp:attachment":[{"href":"https:\/\/www.europesays.com\/fr\/wp-json\/wp\/v2\/media?parent=295069"}],"wp:term":[{"taxonomy":"category","embeddable":true,"href":"https:\/\/www.europesays.com\/fr\/wp-json\/wp\/v2\/categories?post=295069"},{"taxonomy":"post_tag","embeddable":true,"href":"https:\/\/www.europesays.com\/fr\/wp-json\/wp\/v2\/tags?post=295069"}],"curies":[{"name":"wp","href":"https:\/\/api.w.org\/{rel}","templated":true}]}}