{"id":295074,"date":"2025-08-04T05:50:10","date_gmt":"2025-08-04T05:50:10","guid":{"rendered":"https:\/\/www.europesays.com\/fr\/295074\/"},"modified":"2025-08-04T05:50:10","modified_gmt":"2025-08-04T05:50:10","slug":"un-ar-a-2-e-vers-une-region-oubliee","status":"publish","type":"post","link":"https:\/\/www.europesays.com\/fr\/295074\/","title":{"rendered":"un AR \u00e0 2\u202f\u20ac vers une r\u00e9gion oubli\u00e9e"},"content":{"rendered":"<p>\u00c0 une \u00e9poque o\u00f9 les budgets des vacances sont souvent limit\u00e9s en raison des nombreuses augmentations de co\u00fbts, une nouvelle offre ferroviaire transforme la mani\u00e8re dont les gens voyagent dans les Hauts-de-France. Cette initiative unique, baptis\u00e9e \u00e9TER, propose des billets de train aller-retour pour seulement 2 euros. Une r\u00e9elle aubaine pour tous ceux qui souhaitent d\u00e9couvrir cette r\u00e9gion souvent sous-estim\u00e9e par les voyageurs. Laissez-vous guider \u00e0 travers cette incroyable offre qui change la donne pour le tourisme local.<\/p>\n<p>Une offre all\u00e9chante qui place les Hauts-de-France sur la carte touristique<\/p>\n<p>Propos\u00e9e par la SNCF en partenariat avec la r\u00e9gion des Hauts-de-France, l\u2019offre \u00e9TER est une r\u00e9ponse audacieuse pour rendre le voyage en train accessible \u00e0 tous. Avec 200 000 billets disponibles, dont une nouvelle vague de 50 000 \u00e0 partir du 22 juillet, cette initiative r\u00e9volutionne l\u2019accessibilit\u00e9 du train. De longues files d\u2019attente devant les gares montrent combien cette offre est populaire. Les voyageurs ont acc\u00e8s \u00e0 38 destinations, telles que les stations baln\u00e9aires de Dunkerque et Boulogne-sur-Mer, ainsi que les tr\u00e9sors int\u00e9rieurs comme Amiens et Arras. Que ce soit pour une excursion d\u2019un jour ou pour un week-end prolong\u00e9, cette offre garantit un voyage \u00e0 petit prix vers des lieux de charme.<\/p>\n<p>Le train et au-del\u00e0 : une exp\u00e9rience compl\u00e8te pour les explorateurs<\/p>\n<p>L\u2019attrait de l\u2019offre \u00e9TER ne se limite pas aux billets de train \u00e0 prix r\u00e9duit. Les voyageurs b\u00e9n\u00e9ficient \u00e9galement d\u2019un acc\u00e8s aux cars interurbains gratuits du lundi au vendredi, moyennant un suppl\u00e9ment d\u2019un euro le week-end. Ce syst\u00e8me intermodal assure une couverture compl\u00e8te de la r\u00e9gion, facilitant les voyages vers des destinations qui autrement auraient pu sembler inaccessibles. En faisant le choix du train, les passagers contribuent \u00e9galement \u00e0 r\u00e9duire leur empreinte carbone, renfor\u00e7ant ainsi leur engagement pour un tourisme durable.<\/p>\n<p>Des activit\u00e9s estivales pour une immersion totale<\/p>\n<p>En plus des \u00e9conomies r\u00e9alis\u00e9es sur le transport, l\u2019offre inclut un acc\u00e8s \u00e0 une riche programmation culturelle. Festivals, concerts, et divers \u00e9v\u00e9nements animent la r\u00e9gion tout l\u2019\u00e9t\u00e9, offrant aux voyageurs une exp\u00e9rience touristique riche et diversifi\u00e9e. Cette combinaison de transport abordable et d\u2019activit\u00e9s vari\u00e9es fait des Hauts-de-France une destination \u00e0 ne pas manquer pour toutes les g\u00e9n\u00e9rations.<\/p>\n<p>Comment cette offre dynamique stimule l\u2019\u00e9conomie locale<\/p>\n<p>Outre les nombreux avantages pour les voyageurs, l\u2019offre \u00e9TER a aussi un impact positif sur l\u2019\u00e9conomie locale. Elle encourage les citoyens des Hauts-de-France et des r\u00e9gions avoisinantes \u00e0 consommer localement, soutenant ainsi les commerces, restaurants et entreprises locales. En favorisant le d\u00e9placement \u00e0 l\u2019int\u00e9rieur de la r\u00e9gion, l\u2019initiative contribue \u00e0 dynamiser les villes et villages qui b\u00e9n\u00e9ficient d\u2019une augmentation de la fr\u00e9quentation touristique.<\/p>\n<p>Une chance pour les familles et les jeunes de red\u00e9couvrir leur r\u00e9gion<\/p>\n<p>Face \u00e0 la hausse du co\u00fbt de la vie, les familles cherchent des moyens abordables de sortir et de se divertir. L\u2019offre \u00e9TER permet aux jeunes, aux familles et aux retrait\u00e9s de partir \u00e0 la d\u00e9couverte de leur r\u00e9gion \u00e0 moindre co\u00fbt. R\u00e9duire les frais de transport ouvre des opportunit\u00e9s pour explorer les tr\u00e9sors locaux et participer \u00e0 des activit\u00e9s culturelles qui, autrement, auraient pu \u00eatre \u00e9vit\u00e9es en raison de leur co\u00fbt.<\/p>\n<p>Cons\u00e9quences \u00e9cologiques positives et sensibilisation accrue<\/p>\n<p>En plus d\u2019avoir un impact \u00e9conomique direct, l\u2019offre soutient les objectifs \u00e9cologiques en diminuant la d\u00e9pendance \u00e0 la voiture individuelle. La sensibilisation croissante \u00e0 l\u2019\u00e9gard de l\u2019environnement motive de plus en plus de personnes \u00e0 choisir des moyens de transport alternatifs. En proposant une option de voyage \u00e0 faible co\u00fbt et \u00e9cologique, les Hauts-de-France deviennent un exemple \u00e0 suivre pour d\u2019autres r\u00e9gions.<\/p>\n<p>Un accueil enthousiaste et une popularit\u00e9 grandissante : l\u2019avenir de l\u2019offre \u00e9TER<\/p>\n<p>L\u2019offre \u00e9TER est salu\u00e9e par les voyageurs et les autorit\u00e9s locales pour sa capacit\u00e9 \u00e0 rendre le voyage plus inclusif. Alors que l\u2019\u00e9t\u00e9 avance, la demande pour cette offre ne cesse de cro\u00eetre, faisant des \u00e9mules parmi les passionn\u00e9s de d\u00e9couvertes locales. L\u2019avenir de l\u2019offre semble prometteur, avec des perspectives de renforcement et d\u2019extension vers d\u2019autres p\u00e9riodes de l\u2019ann\u00e9e. Le succ\u00e8s retentissant de cette initiative pourrait bien inspirer d\u2019autres r\u00e9gions \u00e0 suivre cet exemple, \u00e9veillant des aspirations nouvelles pour des voyages abordables et \u00e9cologiques.<\/p>\n<p>Articles sur la m\u00eame destination<\/p>\n","protected":false},"excerpt":{"rendered":"\u00c0 une \u00e9poque o\u00f9 les budgets des vacances sont souvent limit\u00e9s en raison des nombreuses augmentations de co\u00fbts,&hellip;\n","protected":false},"author":2,"featured_media":295075,"comment_status":"","ping_status":"","sticky":false,"template":"","format":"standard","meta":{"footnotes":""},"categories":[7],"tags":[1011,27,811,5235,43,40,41,39,42,44,926],"class_list":{"0":"post-295074","1":"post","2":"type-post","3":"status-publish","4":"format-standard","5":"has-post-thumbnail","7":"category-sciences-et-technologies","8":"tag-fr","9":"tag-france","10":"tag-hauts-de-france","11":"tag-offre","12":"tag-science","13":"tag-science-and-technology","14":"tag-sciences","15":"tag-sciences-et-technologies","16":"tag-technologies","17":"tag-technology","18":"tag-train"},"share_on_mastodon":{"url":"https:\/\/pubeurope.com\/@fr\/114968934755030231","error":""},"_links":{"self":[{"href":"https:\/\/www.europesays.com\/fr\/wp-json\/wp\/v2\/posts\/295074","targetHints":{"allow":["GET"]}}],"collection":[{"href":"https:\/\/www.europesays.com\/fr\/wp-json\/wp\/v2\/posts"}],"about":[{"href":"https:\/\/www.europesays.com\/fr\/wp-json\/wp\/v2\/types\/post"}],"author":[{"embeddable":true,"href":"https:\/\/www.europesays.com\/fr\/wp-json\/wp\/v2\/users\/2"}],"replies":[{"embeddable":true,"href":"https:\/\/www.europesays.com\/fr\/wp-json\/wp\/v2\/comments?post=295074"}],"version-history":[{"count":0,"href":"https:\/\/www.europesays.com\/fr\/wp-json\/wp\/v2\/posts\/295074\/revisions"}],"wp:featuredmedia":[{"embeddable":true,"href":"https:\/\/www.europesays.com\/fr\/wp-json\/wp\/v2\/media\/295075"}],"wp:attachment":[{"href":"https:\/\/www.europesays.com\/fr\/wp-json\/wp\/v2\/media?parent=295074"}],"wp:term":[{"taxonomy":"category","embeddable":true,"href":"https:\/\/www.europesays.com\/fr\/wp-json\/wp\/v2\/categories?post=295074"},{"taxonomy":"post_tag","embeddable":true,"href":"https:\/\/www.europesays.com\/fr\/wp-json\/wp\/v2\/tags?post=295074"}],"curies":[{"name":"wp","href":"https:\/\/api.w.org\/{rel}","templated":true}]}}