{"id":295078,"date":"2025-08-04T05:52:11","date_gmt":"2025-08-04T05:52:11","guid":{"rendered":"https:\/\/www.europesays.com\/fr\/295078\/"},"modified":"2025-08-04T05:52:11","modified_gmt":"2025-08-04T05:52:11","slug":"reunion-durgence-du-conseil-de-securite-de-lonu-sur-la-question-des-otages-israeliens","status":"publish","type":"post","link":"https:\/\/www.europesays.com\/fr\/295078\/","title":{"rendered":"r\u00e9union d\u2019urgence du Conseil de s\u00e9curit\u00e9 de l\u2019ONU sur la question des otages isra\u00e9liens"},"content":{"rendered":"<p>Danny Danon, ambassadeur d\u2019Isra\u00ebl aux Nations Unies, a annonc\u00e9 cette r\u00e9union sur les r\u00e9seaux sociaux, quelques jours apr\u00e8s la publication de vid\u00e9os montrant deux otages isra\u00e9liens tr\u00e8s affaiblis.<\/p>\n<p class=\"fig-paragraph\">Le Conseil de s\u00e9curit\u00e9 de l&rsquo;ONU va tenir mardi une r\u00e9union d&rsquo;urgence sur la question des otages \u00e0 Gaza, a annonc\u00e9 dimanche l&rsquo;ambassadeur d&rsquo;Isra\u00ebl, alors que l&rsquo;indignation grandit quant \u00e0 leur sort dans l&rsquo;enclave ravag\u00e9e par la guerre et menac\u00e9e de famine.<\/p>\n<p class=\"fig-paragraph\">Danny Danon, ambassadeur d&rsquo;Isra\u00ebl aux Nations Unies, a annonc\u00e9 cette r\u00e9union sur les r\u00e9seaux sociaux, quelques jours apr\u00e8s la publication de vid\u00e9os montrant deux otages isra\u00e9liens tr\u00e8s affaiblis. M. Danon a pr\u00e9cis\u00e9 que le Conseil allait \u00abse r\u00e9unir ce mardi pour une r\u00e9union d&rsquo;urgence sur la situation d\u00e9sastreuse des otages \u00e0 Gaza\u00bb.<\/p>\n<p>                                    <a class=\"fig-a11y-skip a11y-hidden\" href=\"#fig-a11y-skip-main-inarticle\"><br \/>\n        Passer la publicit\u00e9<br \/>\n    <\/a><\/p>\n<p class=\"fig-paragraph\">La publication depuis jeudi par le mouvement islamiste palestinien et son alli\u00e9 du Jihad islamique de trois vid\u00e9os montrant ces deux otages isra\u00e9liens tr\u00e8s affaiblis ont provoqu\u00e9 un vif \u00e9moi et raviv\u00e9 en Isra\u00ebl le d\u00e9bat sur la n\u00e9cessit\u00e9 d&rsquo;arriver au plus vite \u00e0 un accord pour lib\u00e9rer ces captifs, enlev\u00e9s lors de l&rsquo;attaque sans pr\u00e9c\u00e9dent du Hamas en Isra\u00ebl du 7 octobre 2023.<\/p>\n<p>\u00abL\u2019ouverture de corridors humanitaires\u00bb<\/p>\n<p class=\"fig-paragraph\">Le Premier ministre isra\u00e9lien Benyamin Netanyahou a sollicit\u00e9 dimanche l&rsquo;aide du Comit\u00e9 international de la Croix-Rouge (CICR) \u00abpour fournir de la nourriture\u00bb et \u00abun traitement m\u00e9dical\u00bb aux otages. Peu apr\u00e8s, la branche arm\u00e9e du Hamas a affirm\u00e9 \u00eatre pr\u00eate \u00e0 r\u00e9pondre \u00abpositivement\u00bb \u00e0 toute demande du CICR, mais a exig\u00e9 au pr\u00e9alable \u00abl&rsquo;ouverture de corridors humanitaires (&#8230;) pour le passage de nourriture et de m\u00e9dicaments\u00bb dans la bande de Gaza.<\/p>\n<p class=\"fig-paragraph\">Les Brigades Qassam \u00abne privent pas d\u00e9lib\u00e9r\u00e9ment les prisonniers de nourriture\u00bb, a soutenu le mouvement, ajoutant que les otages \u00abne recevront aucun traitement de faveur tant que se poursuivront le blocus et la politique de famine\u00bb.<\/p>\n<p class=\"fig-paragraph\">Les vid\u00e9os publi\u00e9es par le Hamas font r\u00e9f\u00e9rence \u00e0 la situation humanitaire catastrophique dans la bande de Gaza. Le territoire palestinien, totalement d\u00e9pendant de l&rsquo;aide humanitaire, est menac\u00e9 d&rsquo;une \u00abfamine g\u00e9n\u00e9ralis\u00e9e\u00bb, selon l&rsquo;ONU. Les organisations internationales d\u00e9noncent des entraves r\u00e9p\u00e9t\u00e9es des autorit\u00e9s isra\u00e9liennes qui alimentent le d\u00e9sordre. Selon des sources humanitaires et des experts l&rsquo;aide, qui arrive au compte-goutte, est aussi pill\u00e9e par des gangs dans le plus grand chaos.<\/p>\n<p class=\"fig-paragraph\">L&rsquo;attaque du 7-Octobre a entra\u00een\u00e9 c\u00f4t\u00e9 isra\u00e9lien la mort de 1.219 personnes, en majorit\u00e9 des civils, selon un d\u00e9compte de l&rsquo;AFP r\u00e9alis\u00e9 \u00e0 partir de donn\u00e9es officielles. Les repr\u00e9sailles isra\u00e9liennes ont fait au moins 60.332 morts \u00e0 Gaza, en majorit\u00e9 des civils, selon les donn\u00e9es du minist\u00e8re de la Sant\u00e9 du Hamas, jug\u00e9es fiables par l&rsquo;ONU. Sur les 251 personnes enlev\u00e9es le 7-Octobre, 49 restent retenues \u00e0 Gaza &#8211; dont 27 d\u00e9clar\u00e9es mortes par l&rsquo;arm\u00e9e isra\u00e9lienne &#8211; apr\u00e8s deux tr\u00eaves ayant permis la lib\u00e9ration des autres.<\/p>\n","protected":false},"excerpt":{"rendered":"Danny Danon, ambassadeur d\u2019Isra\u00ebl aux Nations Unies, a annonc\u00e9 cette r\u00e9union sur les r\u00e9seaux sociaux, quelques jours apr\u00e8s&hellip;\n","protected":false},"author":2,"featured_media":295079,"comment_status":"","ping_status":"","sticky":false,"template":"","format":"standard","meta":{"footnotes":""},"categories":[5],"tags":[11,3259,1011,27,665,14,12,3521,28],"class_list":{"0":"post-295078","1":"post","2":"type-post","3":"status-publish","4":"format-standard","5":"has-post-thumbnail","7":"category-international","8":"tag-actualites","9":"tag-conflit-israelo-palestinien","10":"tag-fr","11":"tag-france","12":"tag-gaza","13":"tag-international","14":"tag-news","15":"tag-onu","16":"tag-world"},"share_on_mastodon":{"url":"https:\/\/pubeurope.com\/@fr\/114968942565745158","error":""},"_links":{"self":[{"href":"https:\/\/www.europesays.com\/fr\/wp-json\/wp\/v2\/posts\/295078","targetHints":{"allow":["GET"]}}],"collection":[{"href":"https:\/\/www.europesays.com\/fr\/wp-json\/wp\/v2\/posts"}],"about":[{"href":"https:\/\/www.europesays.com\/fr\/wp-json\/wp\/v2\/types\/post"}],"author":[{"embeddable":true,"href":"https:\/\/www.europesays.com\/fr\/wp-json\/wp\/v2\/users\/2"}],"replies":[{"embeddable":true,"href":"https:\/\/www.europesays.com\/fr\/wp-json\/wp\/v2\/comments?post=295078"}],"version-history":[{"count":0,"href":"https:\/\/www.europesays.com\/fr\/wp-json\/wp\/v2\/posts\/295078\/revisions"}],"wp:featuredmedia":[{"embeddable":true,"href":"https:\/\/www.europesays.com\/fr\/wp-json\/wp\/v2\/media\/295079"}],"wp:attachment":[{"href":"https:\/\/www.europesays.com\/fr\/wp-json\/wp\/v2\/media?parent=295078"}],"wp:term":[{"taxonomy":"category","embeddable":true,"href":"https:\/\/www.europesays.com\/fr\/wp-json\/wp\/v2\/categories?post=295078"},{"taxonomy":"post_tag","embeddable":true,"href":"https:\/\/www.europesays.com\/fr\/wp-json\/wp\/v2\/tags?post=295078"}],"curies":[{"name":"wp","href":"https:\/\/api.w.org\/{rel}","templated":true}]}}