{"id":295084,"date":"2025-08-04T05:55:12","date_gmt":"2025-08-04T05:55:12","guid":{"rendered":"https:\/\/www.europesays.com\/fr\/295084\/"},"modified":"2025-08-04T05:55:12","modified_gmt":"2025-08-04T05:55:12","slug":"je-navais-rien-pour-voler-jai-juste-regarde-dans-le-parking","status":"publish","type":"post","link":"https:\/\/www.europesays.com\/fr\/295084\/","title":{"rendered":"\u00ab\u00a0Je n\u2019avais rien pour voler, j\u2019ai juste regard\u00e9 dans le parking \u00bb"},"content":{"rendered":"<p>\u00ab\u00a0Monsieur le juge, je n\u2019ai rien \u00e0 voir. C\u2019est un malentendu. J\u2019ai vu deux gars partir dans une camionnette. Moi, je n\u2019avais rien pour voler. La curiosit\u00e9 est un vilain d\u00e9faut, j\u2019ai juste regard\u00e9 dans le parking\u2026\u00a0\u00bb<\/p>\n<p>Le pr\u00e9sident a bien du mal \u00e0 couper Walid (pr\u00e9nom d\u2019emprunt) dans son \u00e9lan. En visioconf\u00e9rence depuis le centre p\u00e9nitentiaire de La Talaudi\u00e8re, l\u2019homme de 51 ans est intarissable.<\/p>\n<p>  Il veut sortir de prison pour soigner sa maman de 83 ans<\/p>\n<p>Le juge finit par avoir le dessus. \u00ab\u00a0\u00c7a, c\u2019est le fond du dossier. Aujourd\u2019hui, nous voulons juste savoir pourquoi vous faites une demande de remise en libert\u00e9. \u00bb<\/p>\n<p>L\u2019int\u00e9ress\u00e9 red\u00e9marre. \u00ab\u00a0Pour aider ma maman. Elle a 83 ans, est handicap\u00e9e et vit seule. Je dois lui apporter des soins. Elle risque de partir du jour au lendemain. Et puis, je devais commencer \u00e0 travailler en juillet\u00a0!\u00a0\u00bb<\/p>\n<p>Oui, mais voil\u00e0. Le quinquag\u00e9naire doit \u00eatre jug\u00e9\u00a0<a href=\"https:\/\/www.leprogres.fr\/faits-divers-justice\/2024\/08\/08\/au-coeur-d-une-comparution-immediate-stress-et-adrenaline\" target=\"_blank\" rel=\"noopener\">en comparution imm\u00e9diate<\/a>\u00a0pour tentative de vol. Les faits se sont produits fin juin, dans une entreprise st\u00e9phanoise.<\/p>\n<p>Walid a \u00e9t\u00e9 trouv\u00e9 sur place par les forces de l\u2019ordre, mais conteste sa participation. Il a \u00e9t\u00e9 plac\u00e9 en d\u00e9tention provisoire dans l\u2019attente de son proc\u00e8s, \u00ab\u00a0pour \u00e9viter le renouvellement de l\u2019infraction, d\u2019autant qu\u2019il est en r\u00e9cidive\u00a0\u00bb. Dix-neuf mentions au casier\u2026<\/p>\n<p>Sans surprise, la demande est rejet\u00e9e. Walid reste en prison jusqu\u2019\u00e0 son proc\u00e8s. Dans dix jours.<\/p>\n","protected":false},"excerpt":{"rendered":"\u00ab\u00a0Monsieur le juge, je n\u2019ai rien \u00e0 voir. C\u2019est un malentendu. J\u2019ai vu deux gars partir dans une&hellip;\n","protected":false},"author":2,"featured_media":295085,"comment_status":"","ping_status":"","sticky":false,"template":"","format":"standard","meta":{"footnotes":""},"categories":[9653],"tags":[1111,11,2430,271,272,7539,1777,674,274,107,1011,27,3367,12,25,4001,7538],"class_list":{"0":"post-295084","1":"post","2":"type-post","3":"status-publish","4":"format-standard","5":"has-post-thumbnail","7":"category-saint-etienne","8":"tag-actu","9":"tag-actualites","10":"tag-auvergne-rhone-alpes","11":"tag-crime","12":"tag-delit-et-contravention","13":"tag-edition-loire-sud","14":"tag-eu","15":"tag-europe","16":"tag-faits-divers-justice","17":"tag-fil-info","18":"tag-fr","19":"tag-france","20":"tag-loire","21":"tag-news","22":"tag-republique-francaise","23":"tag-saint-etienne","24":"tag-saint-etienne-ville"},"share_on_mastodon":{"url":"https:\/\/pubeurope.com\/@fr\/114968954322593897","error":""},"_links":{"self":[{"href":"https:\/\/www.europesays.com\/fr\/wp-json\/wp\/v2\/posts\/295084","targetHints":{"allow":["GET"]}}],"collection":[{"href":"https:\/\/www.europesays.com\/fr\/wp-json\/wp\/v2\/posts"}],"about":[{"href":"https:\/\/www.europesays.com\/fr\/wp-json\/wp\/v2\/types\/post"}],"author":[{"embeddable":true,"href":"https:\/\/www.europesays.com\/fr\/wp-json\/wp\/v2\/users\/2"}],"replies":[{"embeddable":true,"href":"https:\/\/www.europesays.com\/fr\/wp-json\/wp\/v2\/comments?post=295084"}],"version-history":[{"count":0,"href":"https:\/\/www.europesays.com\/fr\/wp-json\/wp\/v2\/posts\/295084\/revisions"}],"wp:featuredmedia":[{"embeddable":true,"href":"https:\/\/www.europesays.com\/fr\/wp-json\/wp\/v2\/media\/295085"}],"wp:attachment":[{"href":"https:\/\/www.europesays.com\/fr\/wp-json\/wp\/v2\/media?parent=295084"}],"wp:term":[{"taxonomy":"category","embeddable":true,"href":"https:\/\/www.europesays.com\/fr\/wp-json\/wp\/v2\/categories?post=295084"},{"taxonomy":"post_tag","embeddable":true,"href":"https:\/\/www.europesays.com\/fr\/wp-json\/wp\/v2\/tags?post=295084"}],"curies":[{"name":"wp","href":"https:\/\/api.w.org\/{rel}","templated":true}]}}