{"id":295090,"date":"2025-08-04T06:00:16","date_gmt":"2025-08-04T06:00:16","guid":{"rendered":"https:\/\/www.europesays.com\/fr\/295090\/"},"modified":"2025-08-04T06:00:16","modified_gmt":"2025-08-04T06:00:16","slug":"surveillant-de-plage-cest-etre-au-coeur-de-lete-rencontre-avec-florian-saisonnier-qui-veille-sur-les-baigneurs-a-six-fours","status":"publish","type":"post","link":"https:\/\/www.europesays.com\/fr\/295090\/","title":{"rendered":"\u00ab\u00a0Surveillant de plage, c\u2019est \u00eatre au c\u0153ur de l\u2019\u00e9t\u00e9\u00a0\u00bb: rencontre avec Florian, saisonnier qui veille sur les baigneurs \u00e0 Six-Fours"},"content":{"rendered":"<p>\u00ab\u00a0Ce qui est frappant depuis le d\u00e9but de l\u2019\u00e9t\u00e9, c\u2019est qu\u2019il y a beaucoup plus de d\u00e9buts de noyades que les ann\u00e9es pr\u00e9c\u00e9dentes. On est donc d\u2019autant plus vigilants!\u00a0\u00bb Florian Zurletti, 22 ans, est en premi\u00e8re ligne, tous les matins, au poste de secours principal de la plage de Bonnegr\u00e2ce \u00e0 Six-Fours.<\/p>\n<p>Chapeau sur la t\u00eate, lunettes de soleil, gilet fluo et short rouge: on ne peut pas le manquer sur le sable. C\u2019est justement le but: \u00eatre vu de tous pour pouvoir intervenir \u00e0 tout moment. \u00ab\u00a0Nous disposons de trente-cinq saisonniers tr\u00e8s pros cette ann\u00e9e auxquels il faut ajouter sept CRS et deux fonctionnaires de la police municipale pour surveiller le long littoral de Six-Fours\u00a0\u00bb, rappelle Jonathan Maire, responsable des plages. \u00ab\u00a0Au total, la commune dispose de six postes de secours o\u00f9 les sauveteurs se relaient tous les jours de la saison.\u00a0\u00bb<\/p>\n<p>Comp\u00e9tition, interventions, pr\u00e9vention<\/p>\n<p>Florian est de ceux-l\u00e0. C\u2019est sa cinqui\u00e8me saison cet \u00e9t\u00e9 et il ne s\u2019en lasse pas. \u00ab\u00a0Je pratique le sauvetage en comp\u00e9tition et la natation. J\u2019adore \u00e7a! Cette ann\u00e9e, mon contrat de surveillant de baignade court de mai \u00e0 septembre. On fait beaucoup d\u2019interventions mais aussi de la pr\u00e9vention aupr\u00e8s des baigneurs\u00a0\u00bb, raconte-t-il.<\/p>\n<p>\u00c0 pied ou en bateau, il dispense ses conseils aux vacanciers. D\u2019autant que le littoral de Six-Fours a ceci de particulier, il est sujet aux vagues assez fortes qui peuvent surprendre les d\u00e9butants. \u00a0\u00bb On explique aux gens qu\u2019il faut faire attention aux courants et \u00e0 la marche qui se trouve au bord de la plage et plonge d\u2019un coup en profondeur ici.\u00a0\u00bb<\/p>\n<p>Sauvetage de baigneurs et secours en mer rythment son quotidien. \u00ab\u00a0Les amateurs de wingfoil sont nombreux ici. Certains ne parviennent pas \u00e0 rejoindre la plage. Il faut alors aller les chercher.\u00a0\u00bb Idem pour les surfeurs qui pr\u00e9sument de leurs forces et se retrouvent coinc\u00e9s au large!<\/p>\n<p>Un enfant de deux ans sauv\u00e9 de la noyade<\/p>\n<p>Qu\u2019aime-t-il dans son job? \u00ab\u00a0Surveillant de plage, c\u2019est \u00eatre au c\u0153ur de l\u2019\u00e9t\u00e9, au contact des gens pour les aider. La plupart du temps, il s\u2019agit de bobologie, de malaises dans l\u2019eau ou d\u2019essoufflements. Mais, pour \u00e9viter que tout s\u2019aggrave, il faut agir vite.\u00a0\u00bb Ses souvenirs les plus marquants? \u00ab\u00a0Je me souviens d\u2019avoir secouru un enfant de deux ans qui avait \u00e9chapp\u00e9 \u00e0 la vigilance de ses parents. Il \u00e9tait perdu dans l\u2019eau et, par chance, on est intervenu \u00e0 temps.\u00a0\u00bb<\/p>\n<p>Cette mission de surveillant de baignade permet \u00e0 Florian de financer ses \u00e9tudes de kin\u00e9sith\u00e9rapeute. \u00ab\u00a0Normalement, 2025 est ma derni\u00e8re saison car, ensuite, je serai dipl\u00f4m\u00e9.\u00a0\u00bb En attendant, il dispose, avec ses camarades sauveteurs, d\u2019un zodiac au mouillage et d\u2019une planche XXL sur le bord de la plage pour intervenir dans l\u2019eau des premi\u00e8res heures de la matin\u00e9e jusqu\u2019au soir. Et dans les rares moments de calme dont b\u00e9n\u00e9ficient les surveillants de baignade, les m\u00eames questions reviennent en boucle au poste de secours: \u00ab\u00a0A quelle temp\u00e9rature est l\u2019eau? Pas trop froide? Ou bien: Y a-t-il des m\u00e9duses aujourd\u2019hui?\u00a0\u00bb Une eau bleu lagon et aucune m\u00e9duse en vue \u00e0 Six-Fours: l\u2019\u00e9t\u00e9 peut continuer!<\/p>\n","protected":false},"excerpt":{"rendered":"\u00ab\u00a0Ce qui est frappant depuis le d\u00e9but de l\u2019\u00e9t\u00e9, c\u2019est qu\u2019il y a beaucoup plus de d\u00e9buts de&hellip;\n","protected":false},"author":2,"featured_media":295091,"comment_status":"","ping_status":"","sticky":false,"template":"","format":"standard","meta":{"footnotes":""},"categories":[9619],"tags":[1111,11,1777,674,1011,27,12,882,25,2310,3366],"class_list":{"0":"post-295090","1":"post","2":"type-post","3":"status-publish","4":"format-standard","5":"has-post-thumbnail","7":"category-toulon","8":"tag-actu","9":"tag-actualites","10":"tag-eu","11":"tag-europe","12":"tag-fr","13":"tag-france","14":"tag-news","15":"tag-provence-alpes-cote-dazur","16":"tag-republique-francaise","17":"tag-toulon","18":"tag-vie-locale"},"share_on_mastodon":{"url":"https:\/\/pubeurope.com\/@fr\/114968973964188778","error":""},"_links":{"self":[{"href":"https:\/\/www.europesays.com\/fr\/wp-json\/wp\/v2\/posts\/295090","targetHints":{"allow":["GET"]}}],"collection":[{"href":"https:\/\/www.europesays.com\/fr\/wp-json\/wp\/v2\/posts"}],"about":[{"href":"https:\/\/www.europesays.com\/fr\/wp-json\/wp\/v2\/types\/post"}],"author":[{"embeddable":true,"href":"https:\/\/www.europesays.com\/fr\/wp-json\/wp\/v2\/users\/2"}],"replies":[{"embeddable":true,"href":"https:\/\/www.europesays.com\/fr\/wp-json\/wp\/v2\/comments?post=295090"}],"version-history":[{"count":0,"href":"https:\/\/www.europesays.com\/fr\/wp-json\/wp\/v2\/posts\/295090\/revisions"}],"wp:featuredmedia":[{"embeddable":true,"href":"https:\/\/www.europesays.com\/fr\/wp-json\/wp\/v2\/media\/295091"}],"wp:attachment":[{"href":"https:\/\/www.europesays.com\/fr\/wp-json\/wp\/v2\/media?parent=295090"}],"wp:term":[{"taxonomy":"category","embeddable":true,"href":"https:\/\/www.europesays.com\/fr\/wp-json\/wp\/v2\/categories?post=295090"},{"taxonomy":"post_tag","embeddable":true,"href":"https:\/\/www.europesays.com\/fr\/wp-json\/wp\/v2\/tags?post=295090"}],"curies":[{"name":"wp","href":"https:\/\/api.w.org\/{rel}","templated":true}]}}