{"id":295101,"date":"2025-08-04T06:12:11","date_gmt":"2025-08-04T06:12:11","guid":{"rendered":"https:\/\/www.europesays.com\/fr\/295101\/"},"modified":"2025-08-04T06:12:11","modified_gmt":"2025-08-04T06:12:11","slug":"un-ete-bien-anime-pour-les-ados","status":"publish","type":"post","link":"https:\/\/www.europesays.com\/fr\/295101\/","title":{"rendered":"un \u00e9t\u00e9 bien anim\u00e9 pour les ados"},"content":{"rendered":"<p>\u00c0 Reichstett, le mois de juillet a d\u00e9marr\u00e9 avec les premiers inscrits qui ont am\u00e9nag\u00e9, d\u00e9cor\u00e9 et investi une petite maison accol\u00e9e au centre de loisirs et son jardin partag\u00e9. L\u00e9o Heupel, l\u2019animateur jeunesse, leur a donn\u00e9 les bases de la peinture et du bricolage et, petit \u00e0 petit, le local a pris forme. \u00ab Nous am\u00e9nageons un espace de projets et de libert\u00e9, explique l\u2019animateur. L\u2019objectif pour les jeunes est de trouver un lieu, de partager des activit\u00e9s, d\u2019organiser des sorties tous ensemble dans une bonne ambiance.\u00bb<\/p>\n<p>\u00abLes soir\u00e9es,\u00a0 c\u2019est encore mieux\u00bb<\/p>\n<p>Les bricoleurs du jour, Osman, Marley, Am\u00e9lia, B\u00e9rat, C\u00e9sario, L\u00e9a et Alban manient la scie et tapent sur les clous pour monter un panneau d\u2019affichage. Ils se retrouvent l\u2019\u00e9t\u00e9, pour une, deux journ\u00e9es ou plus, \u00e0 l\u2019occasion de cr\u00eapes parties, de sorties au plan d\u2019eau, de tournois, ou tout simplement pour bavarder et rigoler dans un local fait pour eux.<\/p>\n<p>Alban vient au local presque tous les jours : \u00ab J\u2019aime quand on est tous ensemble pour un jeu vid\u00e9o, une partie de baby-foot ou de jeu de soci\u00e9t\u00e9, et les soir\u00e9es, c\u2019est encore mieux. On a d\u00e9cor\u00e9 tous ensemble les murs du local et c\u2019est vraiment du beau travail. Maintenant on sait se servir de pinceaux, d\u2019une scie et d\u2019un marteau\u00a0!\u00a0\u00bb<\/p>\n<p>Apr\u00e8s l\u2019\u00e9t\u00e9 et pour le retour en classe, l\u2019animateur a d\u00e9j\u00e0 des projets pour les mercredis et des after school, de quoi prolonger le dynamisme et l\u2019\u00e9lan de l\u2019\u00e9t\u00e9. Mais d\u2019ici l\u00e0, les activit\u00e9s et les sorties continuent jusqu\u2019au 15 ao\u00fbt !<\/p>\n<p class=\"note\">Du 7 juillet au 15 ao\u00fbt, sur inscription. Contact: L\u00e9o Heupel, 06 66 07 90 86 ou animationjeunesse. reichstett@fdmjc-alsace.fr\u00a0 Le programme est disponible en mairie, \u00e0 la m\u00e9diath\u00e8que, au local jeune et sur la page Facebook.<\/p>\n","protected":false},"excerpt":{"rendered":"\u00c0 Reichstett, le mois de juillet a d\u00e9marr\u00e9 avec les premiers inscrits qui ont am\u00e9nag\u00e9, d\u00e9cor\u00e9 et investi&hellip;\n","protected":false},"author":2,"featured_media":295102,"comment_status":"","ping_status":"","sticky":false,"template":"","format":"standard","meta":{"footnotes":""},"categories":[2820],"tags":[1111,11,1687,2880,1777,674,107,1011,27,775,12,7092,25,640],"class_list":{"0":"post-295101","1":"post","2":"type-post","3":"status-publish","4":"format-standard","5":"has-post-thumbnail","7":"category-strasbourg","8":"tag-actu","9":"tag-actualites","10":"tag-culture-loisirs","11":"tag-edition-strasbourg","12":"tag-eu","13":"tag-europe","14":"tag-fil-info","15":"tag-fr","16":"tag-france","17":"tag-grand-est","18":"tag-news","19":"tag-reichstett","20":"tag-republique-francaise","21":"tag-strasbourg"},"share_on_mastodon":{"url":"https:\/\/pubeurope.com\/@fr\/114969021222373260","error":""},"_links":{"self":[{"href":"https:\/\/www.europesays.com\/fr\/wp-json\/wp\/v2\/posts\/295101","targetHints":{"allow":["GET"]}}],"collection":[{"href":"https:\/\/www.europesays.com\/fr\/wp-json\/wp\/v2\/posts"}],"about":[{"href":"https:\/\/www.europesays.com\/fr\/wp-json\/wp\/v2\/types\/post"}],"author":[{"embeddable":true,"href":"https:\/\/www.europesays.com\/fr\/wp-json\/wp\/v2\/users\/2"}],"replies":[{"embeddable":true,"href":"https:\/\/www.europesays.com\/fr\/wp-json\/wp\/v2\/comments?post=295101"}],"version-history":[{"count":0,"href":"https:\/\/www.europesays.com\/fr\/wp-json\/wp\/v2\/posts\/295101\/revisions"}],"wp:featuredmedia":[{"embeddable":true,"href":"https:\/\/www.europesays.com\/fr\/wp-json\/wp\/v2\/media\/295102"}],"wp:attachment":[{"href":"https:\/\/www.europesays.com\/fr\/wp-json\/wp\/v2\/media?parent=295101"}],"wp:term":[{"taxonomy":"category","embeddable":true,"href":"https:\/\/www.europesays.com\/fr\/wp-json\/wp\/v2\/categories?post=295101"},{"taxonomy":"post_tag","embeddable":true,"href":"https:\/\/www.europesays.com\/fr\/wp-json\/wp\/v2\/tags?post=295101"}],"curies":[{"name":"wp","href":"https:\/\/api.w.org\/{rel}","templated":true}]}}