{"id":295103,"date":"2025-08-04T06:13:13","date_gmt":"2025-08-04T06:13:13","guid":{"rendered":"https:\/\/www.europesays.com\/fr\/295103\/"},"modified":"2025-08-04T06:13:13","modified_gmt":"2025-08-04T06:13:13","slug":"un-festival-de-musique-pense-pour-tous-les-publics-bientot-organise-a-strasbourg","status":"publish","type":"post","link":"https:\/\/www.europesays.com\/fr\/295103\/","title":{"rendered":"Un festival de musique pens\u00e9 pour tous les publics bient\u00f4t organis\u00e9 \u00e0 Strasbourg"},"content":{"rendered":"<p>            Par<br \/>\n        <strong><br \/>\n            <a href=\"https:\/\/actu.fr\/auteur\/ivan-capecchi\" title=\"Consulter tous les articles de Ivan CAPECCHI\" rel=\"nofollow noopener\" target=\"_blank\">Ivan CAPECCHI<\/a><br \/>\n        <\/strong><\/p>\n<p>        Publi\u00e9 le<\/p>\n<p>            4 ao\u00fbt 2025 \u00e0 7h02        <\/p>\n<p>Le <strong>festival Fluctuations<\/strong> se tiendra du <strong>vendredi 22 au dimanche 24 ao\u00fbt 2025<\/strong> au <strong>Phare Citadelle<\/strong> \u00e0 <strong>Strasbourg<\/strong>, enti\u00e8rement mobilis\u00e9 pour l\u2019occasion.<\/p>\n<p>Trois jours de musique, d\u00e9bats et d\u00e9couvertes<\/p>\n<p class=\" wall-content\">L\u2019\u00e9v\u00e9nement s\u2019articulera autour de deux grandes sc\u00e8nes musicales, qui accueilleront une <strong>programmation pop, hip-hop et \u00e9lectro<\/strong>, avec des sc\u00e8nes anim\u00e9es par les collectifs Ch\u00e2teau Perch\u00e9 et Longevity.\u00a0<\/p>\n<p class=\" wall-content\">En parall\u00e8le des <a href=\"https:\/\/actu.fr\/loisirs-culture\/concert\" rel=\"nofollow noopener\" target=\"_blank\">concerts<\/a>, le festival proposera deux sc\u00e8nes d\u00e9di\u00e9es aux <strong>d\u00e9bats<\/strong> sur des th\u00e8mes <strong>d\u2019actualit\u00e9<\/strong> comme la <strong>biodiversit\u00e9<\/strong>, la <strong>justice sociale<\/strong> ou encore la <strong>d\u00e9mocratie<\/strong>. Un <strong>village des solutions<\/strong> mettra en avant <strong>associations<\/strong>, <strong>cr\u00e9ateurs<\/strong> et <strong>ateliers participatifs<\/strong>.<\/p>\n<p>Un \u00e9v\u00e9nement pens\u00e9 pour tous les publics<\/p>\n<p class=\" wall-content\">Le site comprendra aussi un <strong>food court durable<\/strong>, un<strong> espace familles<\/strong> et une <strong>p\u00e9niche<\/strong>, transform\u00e9e en <strong>lieu de d\u00e9tente<\/strong> et d\u2019<a href=\"https:\/\/actu.fr\/tag\/animations\" rel=\"nofollow noopener\" target=\"_blank\">animations<\/a> culturelles tout au long du week-end.<\/p>\n<p>Horaires d\u2019ouverture : vendredi 22 ao\u00fbt, de 12h \u00e0 1h \/ samedi 23 ao\u00fbt, de 12h \u00e0 1h \/ dimanche 24 ao\u00fbt, de 12h \u00e0 23h. Prix libre. <a href=\"https:\/\/www.fluctuations.eu\/strasbourg\" rel=\"nofollow noopener\" target=\"_blank\">Billetterie ici<\/a>.<\/p>\n<p class=\" wall-content\">Suivez toute l\u2019actualit\u00e9 de vos villes et m\u00e9dias favoris en vous inscrivant \u00e0 <a href=\"https:\/\/moncompte.actu.fr\" title=\"D\u00e9couvez Mon Actu\" rel=\"nofollow noopener\" data-trk=\"{&quot;cta&quot;:{&quot;action&quot;:&quot;https:\\\/\\\/moncompte.actu.fr&quot;,&quot;category&quot;:&quot;mon compte&quot;,&quot;from&quot;:&quot;article footer&quot;,&quot;name&quot;:&quot;Mon actu&quot;,&quot;type&quot;:&quot;cta&quot;}}\" target=\"_blank\">Mon Actu<\/a>.<\/p>\n","protected":false},"excerpt":{"rendered":"Par Ivan CAPECCHI Publi\u00e9 le 4 ao\u00fbt 2025 \u00e0 7h02 Le festival Fluctuations se tiendra du vendredi 22&hellip;\n","protected":false},"author":2,"featured_media":295104,"comment_status":"","ping_status":"","sticky":false,"template":"","format":"standard","meta":{"footnotes":""},"categories":[2820],"tags":[1111,11,1063,1697,1777,674,1011,27,775,1652,873,12,25,640],"class_list":{"0":"post-295103","1":"post","2":"type-post","3":"status-publish","4":"format-standard","5":"has-post-thumbnail","7":"category-strasbourg","8":"tag-actu","9":"tag-actualites","10":"tag-animations","11":"tag-concert","12":"tag-eu","13":"tag-europe","14":"tag-fr","15":"tag-france","16":"tag-grand-est","17":"tag-loisirs-culture","18":"tag-musique","19":"tag-news","20":"tag-republique-francaise","21":"tag-strasbourg"},"share_on_mastodon":{"url":"https:\/\/pubeurope.com\/@fr\/114969025070526501","error":""},"_links":{"self":[{"href":"https:\/\/www.europesays.com\/fr\/wp-json\/wp\/v2\/posts\/295103","targetHints":{"allow":["GET"]}}],"collection":[{"href":"https:\/\/www.europesays.com\/fr\/wp-json\/wp\/v2\/posts"}],"about":[{"href":"https:\/\/www.europesays.com\/fr\/wp-json\/wp\/v2\/types\/post"}],"author":[{"embeddable":true,"href":"https:\/\/www.europesays.com\/fr\/wp-json\/wp\/v2\/users\/2"}],"replies":[{"embeddable":true,"href":"https:\/\/www.europesays.com\/fr\/wp-json\/wp\/v2\/comments?post=295103"}],"version-history":[{"count":0,"href":"https:\/\/www.europesays.com\/fr\/wp-json\/wp\/v2\/posts\/295103\/revisions"}],"wp:featuredmedia":[{"embeddable":true,"href":"https:\/\/www.europesays.com\/fr\/wp-json\/wp\/v2\/media\/295104"}],"wp:attachment":[{"href":"https:\/\/www.europesays.com\/fr\/wp-json\/wp\/v2\/media?parent=295103"}],"wp:term":[{"taxonomy":"category","embeddable":true,"href":"https:\/\/www.europesays.com\/fr\/wp-json\/wp\/v2\/categories?post=295103"},{"taxonomy":"post_tag","embeddable":true,"href":"https:\/\/www.europesays.com\/fr\/wp-json\/wp\/v2\/tags?post=295103"}],"curies":[{"name":"wp","href":"https:\/\/api.w.org\/{rel}","templated":true}]}}