{"id":295107,"date":"2025-08-04T06:16:28","date_gmt":"2025-08-04T06:16:28","guid":{"rendered":"https:\/\/www.europesays.com\/fr\/295107\/"},"modified":"2025-08-04T06:16:28","modified_gmt":"2025-08-04T06:16:28","slug":"saint-sebastien-sur-loire-des-artistes-circassiens-en-representation-au-square-jean-moulin-le","status":"publish","type":"post","link":"https:\/\/www.europesays.com\/fr\/295107\/","title":{"rendered":"Saint-S\u00e9bastien-sur-Loire. Des artistes circassiens en repr\u00e9sentation au square Jean Moulin le"},"content":{"rendered":"<p>L\u2019association s\u00e9bastiennaise organise un spectacle des arts de la rue avec des artistes circassiens. Ces derniers font une tourn\u00e9e \u00e0 v\u00e9lo. Ils vont se produire la 20\u00a0ao\u00fbt au square Jean Moulin (rue Pasteur). Le trio circassien Florent Chevalier, Th\u00e9o et Lucas Enriquez unissent motocycles et port\u00e9es acrobatiques. Le spectacle est baptis\u00e9 \u00ab\u00a0Monique du projet du coin\u00a0\u00bb.<\/p>\n<p>Le spectacle a lieu le mercredi 20\u00a0ao\u00fbt \u00e0 19\u00a0h et ouvert \u00e0 tous.<\/p>\n<p>Contact\u00a0:\u00a0contact@noseruesdemain.fr\u00a0\u00bb<\/p>\n<p>\u00a0<\/p>\n","protected":false},"excerpt":{"rendered":"L\u2019association s\u00e9bastiennaise organise un spectacle des arts de la rue avec des artistes circassiens. Ces derniers font une&hellip;\n","protected":false},"author":2,"featured_media":295108,"comment_status":"","ping_status":"","sticky":false,"template":"","format":"standard","meta":{"footnotes":""},"categories":[2818],"tags":[4307,1111,11,2863,2937,43529,1777,674,1011,27,13392,6774,26918,766,12,2636,21490,25,3272,3524,31310],"class_list":{"0":"post-295107","1":"post","2":"type-post","3":"status-publish","4":"format-standard","5":"has-post-thumbnail","7":"category-nantes","8":"tag-4307","9":"tag-actu","10":"tag-actualites","11":"tag-aout","12":"tag-artistes","13":"tag-circassiens","14":"tag-eu","15":"tag-europe","16":"tag-fr","17":"tag-france","18":"tag-jean","19":"tag-mercredi","20":"tag-moulin","21":"tag-nantes","22":"tag-news","23":"tag-pays-de-la-loire","24":"tag-representation","25":"tag-republique-francaise","26":"tag-saint-nazaire","27":"tag-saint-sebastien-sur-loire","28":"tag-square"},"share_on_mastodon":{"url":"https:\/\/pubeurope.com\/@fr\/114969036935677319","error":""},"_links":{"self":[{"href":"https:\/\/www.europesays.com\/fr\/wp-json\/wp\/v2\/posts\/295107","targetHints":{"allow":["GET"]}}],"collection":[{"href":"https:\/\/www.europesays.com\/fr\/wp-json\/wp\/v2\/posts"}],"about":[{"href":"https:\/\/www.europesays.com\/fr\/wp-json\/wp\/v2\/types\/post"}],"author":[{"embeddable":true,"href":"https:\/\/www.europesays.com\/fr\/wp-json\/wp\/v2\/users\/2"}],"replies":[{"embeddable":true,"href":"https:\/\/www.europesays.com\/fr\/wp-json\/wp\/v2\/comments?post=295107"}],"version-history":[{"count":0,"href":"https:\/\/www.europesays.com\/fr\/wp-json\/wp\/v2\/posts\/295107\/revisions"}],"wp:featuredmedia":[{"embeddable":true,"href":"https:\/\/www.europesays.com\/fr\/wp-json\/wp\/v2\/media\/295108"}],"wp:attachment":[{"href":"https:\/\/www.europesays.com\/fr\/wp-json\/wp\/v2\/media?parent=295107"}],"wp:term":[{"taxonomy":"category","embeddable":true,"href":"https:\/\/www.europesays.com\/fr\/wp-json\/wp\/v2\/categories?post=295107"},{"taxonomy":"post_tag","embeddable":true,"href":"https:\/\/www.europesays.com\/fr\/wp-json\/wp\/v2\/tags?post=295107"}],"curies":[{"name":"wp","href":"https:\/\/api.w.org\/{rel}","templated":true}]}}