{"id":295109,"date":"2025-08-04T06:17:47","date_gmt":"2025-08-04T06:17:47","guid":{"rendered":"https:\/\/www.europesays.com\/fr\/295109\/"},"modified":"2025-08-04T06:17:47","modified_gmt":"2025-08-04T06:17:47","slug":"mercato-fc-nantes-les-canaris-vont-se-faire-preter-un-ailier-droit-de-laz-alkmaar-sport-5","status":"publish","type":"post","link":"https:\/\/www.europesays.com\/fr\/295109\/","title":{"rendered":"Mercato FC Nantes. Les Canaris vont se faire pr\u00eater un ailier droit de l\u2019AZ Alkmaar . Sport"},"content":{"rendered":"<p>Le mercato s\u2019acc\u00e9l\u00e8re du c\u00f4t\u00e9 du FC Nantes. Alors que les Canaris ont enregistr\u00e9 cette semaine l\u2019arriv\u00e9e des deux Sud-Cor\u00e9ens, Hong et Kwon, les Nantais sont en passe d\u2019obtenir le pr\u00eat, avec option d\u2019achat, de l\u2019ailier droit de l\u2019AZ Alkmaar (Pays-Bas), Mayckel Lahdo, annonce Fabrizio Romano ce dimanche 3\u00a0ao\u00fbt sur X.<\/p>\n<p>21\u00a0matches pour 3\u00a0buts aux Pays-Bas<\/p>\n<p>Une information qu\u2019Ouest-France est en mesure de confirmer. La saison derni\u00e8re, l\u2019ailier de 22\u00a0ans a disput\u00e9 21\u00a0matches pour trois buts en Eredivisie. <a href=\"https:\/\/nantes.maville.com\/sport\/detail_-mercato.-moses-simon-quitte-le-fc-nantes-pour-le-paris-fc-_8-6859563_actu.Htm\" target=\"_self\" rel=\"noopener\">Du fait du d\u00e9part de Moses Simon<\/a>, le FC Nantes avait cibl\u00e9 un renfort sur les ailes. Avec les espoirs su\u00e9dois, Mayckel Lahdo compte sept s\u00e9lections pour deux buts.<\/p>\n<p>Aux Pays-Bas, le joueur form\u00e9 \u00e0 l\u2019Hammarby IF, en Su\u00e8de, sort d\u2019une saison pleine avec l\u2019AZ Alkmaar. Il s\u2019est notamment hiss\u00e9 en huiti\u00e8me de finale de l\u2019Europa Ligue face au futur vainqueur de la comp\u00e9tition : Tottenham.<\/p>\n<p>Au niveau du championnat, l\u2019AZ a termin\u00e9 cinqui\u00e8me d\u2019Eredivisie, derri\u00e8re Utrecht.<\/p>\n<p>\u00a0<\/p>\n","protected":false},"excerpt":{"rendered":"Le mercato s\u2019acc\u00e9l\u00e8re du c\u00f4t\u00e9 du FC Nantes. Alors que les Canaris ont enregistr\u00e9 cette semaine l\u2019arriv\u00e9e des&hellip;\n","protected":false},"author":2,"featured_media":293744,"comment_status":"","ping_status":"","sticky":false,"template":"","format":"standard","meta":{"footnotes":""},"categories":[2818],"tags":[1111,11,3809,1465,1777,674,63,1011,27,1792,1922,766,12,2636,25,479,3728,517,1470],"class_list":{"0":"post-295109","1":"post","2":"type-post","3":"status-publish","4":"format-standard","5":"has-post-thumbnail","7":"category-nantes","8":"tag-actu","9":"tag-actualites","10":"tag-ball","11":"tag-basket","12":"tag-eu","13":"tag-europe","14":"tag-football","15":"tag-fr","16":"tag-france","17":"tag-handball","18":"tag-info","19":"tag-nantes","20":"tag-news","21":"tag-pays-de-la-loire","22":"tag-republique-francaise","23":"tag-rugby","24":"tag-saint-malo","25":"tag-sport","26":"tag-volley"},"share_on_mastodon":{"url":"https:\/\/pubeurope.com\/@fr\/114969044917281977","error":""},"_links":{"self":[{"href":"https:\/\/www.europesays.com\/fr\/wp-json\/wp\/v2\/posts\/295109","targetHints":{"allow":["GET"]}}],"collection":[{"href":"https:\/\/www.europesays.com\/fr\/wp-json\/wp\/v2\/posts"}],"about":[{"href":"https:\/\/www.europesays.com\/fr\/wp-json\/wp\/v2\/types\/post"}],"author":[{"embeddable":true,"href":"https:\/\/www.europesays.com\/fr\/wp-json\/wp\/v2\/users\/2"}],"replies":[{"embeddable":true,"href":"https:\/\/www.europesays.com\/fr\/wp-json\/wp\/v2\/comments?post=295109"}],"version-history":[{"count":0,"href":"https:\/\/www.europesays.com\/fr\/wp-json\/wp\/v2\/posts\/295109\/revisions"}],"wp:featuredmedia":[{"embeddable":true,"href":"https:\/\/www.europesays.com\/fr\/wp-json\/wp\/v2\/media\/293744"}],"wp:attachment":[{"href":"https:\/\/www.europesays.com\/fr\/wp-json\/wp\/v2\/media?parent=295109"}],"wp:term":[{"taxonomy":"category","embeddable":true,"href":"https:\/\/www.europesays.com\/fr\/wp-json\/wp\/v2\/categories?post=295109"},{"taxonomy":"post_tag","embeddable":true,"href":"https:\/\/www.europesays.com\/fr\/wp-json\/wp\/v2\/tags?post=295109"}],"curies":[{"name":"wp","href":"https:\/\/api.w.org\/{rel}","templated":true}]}}