{"id":295128,"date":"2025-08-04T06:30:13","date_gmt":"2025-08-04T06:30:13","guid":{"rendered":"https:\/\/www.europesays.com\/fr\/295128\/"},"modified":"2025-08-04T06:30:13","modified_gmt":"2025-08-04T06:30:13","slug":"donald-trump-confirme-une-visite-de-son-emissaire-witkoff-en-russie-mercredi-ou-jeudi","status":"publish","type":"post","link":"https:\/\/www.europesays.com\/fr\/295128\/","title":{"rendered":"Donald Trump confirme une visite de son \u00e9missaire Witkoff en Russie \u00ab\u00a0mercredi ou jeudi\u00a0\u00bb"},"content":{"rendered":"<p class=\"c-chapo \">\n  Cette visite intervient alors que l&rsquo;ultimatum lanc\u00e9 par le pr\u00e9sident am\u00e9ricain au pr\u00e9sident russe, Vladimir Poutine, \u00e0 qui il a donn\u00e9 \u00ab\u00a010 jours\u00a0\u00bb pour mettre un terme \u00e0 la guerre en Ukraine, touche \u00e0 sa fin dans mercredi.\n<\/p>\n<p>            lire plus tard<\/p>\n<p id=\"dialog__title\" class=\"dialog__title\">Pour sauvegarder cet article, connectez-vous ou cr\u00e9ez un compte franceinfo<\/p>\n<p class=\"dialog__description\">Sans paiement. Sans abonnement.<\/p>\n<p>        Fermer la fen\u00eatre d\u2019activation des notifications France Info<\/p>\n<p>            cr\u00e9er votre compte<\/p>\n<p>            se connecter<\/p>\n<p>        Fermer la fen\u00eatre de pr\u00e9sentation<\/p>\n<p>    <img loading=\"lazy\" decoding=\"async\" class=\"signature__image lazyload\" width=\"100\" height=\"100\" data- alt=\"\" src=\"https:\/\/www.europesays.com\/fr\/wp-content\/uploads\/2025\/05\/64a68815cd1a7_placeholder-36b69ec8.png\"\/><\/p>\n<p>    Publi\u00e9 le 04\/08\/2025 06:23<\/p>\n<p>        Temps de lecture : 2min<\/p>\n<p>    <img decoding=\"async\"  alt=\"L'\u00e9missaire de Donald Trump, Steve Witkoff, \u00e0 la Maison Blanche, \u00e0 Washington, le 28 mai 2025. (ANDREW HARNIK \/ GETTY IMAGES NORTH AMERICA \/ AFP)\" width=\"432\" height=\"243\" src=\"https:\/\/www.europesays.com\/fr\/wp-content\/uploads\/2025\/08\/063-2217514767-689035808e3c0219842207.jpg\" fetchpriority=\"high\"\/><\/p>\n<p>      L&rsquo;\u00e9missaire de Donald Trump, Steve Witkoff, \u00e0 la Maison Blanche, \u00e0 Washington, le 28 mai 2025. (ANDREW HARNIK \/ GETTY IMAGES NORTH AMERICA \/ AFP)<\/p>\n<p><a href=\"https:\/\/www.franceinfo.fr\/monde\/proche-orient\/israel-palestine\/l-emissaire-de-donald-trump-se-rendra-vendredi-dans-la-bande-de-gaza-ravagee-par-la-guerre_7410385.html\" rel=\"nofollow noopener\" target=\"_blank\">Apr\u00e8s le Proche-Orient<\/a>, l&rsquo;\u00e9missaire de Donald Trump va se rendre en Russie. Apr\u00e8s avoir <a href=\"https:\/\/www.franceinfo.fr\/monde\/europe\/manifestations-en-ukraine\/guerre-en-ukraine-donald-trump-previent-qu-il-sanctionnera-la-russie-si-elle-ne-met-pas-fin-au-conflit-d-ici-dix-jours_7406617.html\" rel=\"nofollow noopener\" target=\"_blank\">fix\u00e9 un ultimatum au pr\u00e9sident russe<\/a> pour mettre fin \u00e0 la guerre en Ukraine, le pr\u00e9sident am\u00e9ricain a confirm\u00e9, dimanche 3 ao\u00fbt, la visite de son envoy\u00e9 sp\u00e9cial en Russie \u00ab\u00a0mercredi ou jeudi\u00a0\u00bb.\u00a0Le pr\u00e9sident russe Vladimir Poutine a d\u00e9j\u00e0 rencontr\u00e9 Steve Witkoff \u00e0 plusieurs reprises \u00e0 Moscou, avant que les efforts de Donald Trump pour r\u00e9tablir les relations avec le Kremlin ne soient brusquement interrompus.<\/p>\n<p>Aux journalistes qui lui demandaient quel serait le message de son \u00e9missaire \u00e0 Moscou et s&rsquo;il y avait quelque chose que la Russie pouvait faire pour \u00e9viter les sanctions, Donald Trump a r\u00e9pondu : \u00ab\u00a0Oui, conclure un accord pour que les gens cessent d&rsquo;\u00eatre tu\u00e9s.\u00a0\u00bb<\/p>\n<p>Donald Trump a \u00e9galement d\u00e9clar\u00e9 que deux sous-marins nucl\u00e9aires dont il avait ordonn\u00e9 le d\u00e9ploiement \u00e0 la suite d&rsquo;une dispute en ligne avec l&rsquo;ancien pr\u00e9sident russe Dmitri Medvedev se trouvaient d\u00e9sormais \u00ab\u00a0dans la r\u00e9gion\u00a0\u00bb. Il n&rsquo;a cependant pas pr\u00e9cis\u00e9 s&rsquo;il s&rsquo;agissait de sous-marins \u00e0 propulsion nucl\u00e9aire ou de sous-marins \u00e9quip\u00e9s d&rsquo;ogives nucl\u00e9aires. Il n&rsquo;a pas non plus donn\u00e9 de d\u00e9tails sur les lieux exacts de leur d\u00e9ploiement, tenus secrets par l&rsquo;arm\u00e9e am\u00e9ricaine.<\/p>\n<p>Cette d\u00e9monstration de force intervient alors que Donald Trump a fix\u00e9 \u00e0 la fin de cette semaine la date limite \u00e0 laquelle la Russie devra prendre des mesures pour mettre fin \u00e0 la guerre en Ukraine, sous peine de nouvelles sanctions non pr\u00e9cis\u00e9es. Le pr\u00e9sident am\u00e9ricain a \u00e9galement menac\u00e9 d&rsquo;infliger des \u00ab\u00a0droits de douane secondaires\u00a0\u00bb aux pays qui continuent de faire commerce avec la Russie, tels que la Chine et l&rsquo;Inde.<\/p>\n<p class=\"related-tags__title\" role=\"heading\" aria-level=\"2\">les mots-cl\u00e9s associ\u00e9s \u00e0 cet article\n    <\/p>\n","protected":false},"excerpt":{"rendered":"Cette visite intervient alors que l&rsquo;ultimatum lanc\u00e9 par le pr\u00e9sident am\u00e9ricain au pr\u00e9sident russe, Vladimir Poutine, \u00e0 qui&hellip;\n","protected":false},"author":2,"featured_media":295129,"comment_status":"","ping_status":"","sticky":false,"template":"","format":"standard","meta":{"footnotes":""},"categories":[1888],"tags":[1111,1928,11,1927,1777,674,1011,27,12,1926,626,1925,25],"class_list":{"0":"post-295128","1":"post","2":"type-post","3":"status-publish","4":"format-standard","5":"has-post-thumbnail","7":"category-paris","8":"tag-actu","9":"tag-actu-paris","10":"tag-actualites","11":"tag-actualites-paris","12":"tag-eu","13":"tag-europe","14":"tag-fr","15":"tag-france","16":"tag-news","17":"tag-news-paris","18":"tag-paris","19":"tag-paris-news","20":"tag-republique-francaise"},"share_on_mastodon":{"url":"https:\/\/pubeurope.com\/@fr\/114969092028779148","error":""},"_links":{"self":[{"href":"https:\/\/www.europesays.com\/fr\/wp-json\/wp\/v2\/posts\/295128","targetHints":{"allow":["GET"]}}],"collection":[{"href":"https:\/\/www.europesays.com\/fr\/wp-json\/wp\/v2\/posts"}],"about":[{"href":"https:\/\/www.europesays.com\/fr\/wp-json\/wp\/v2\/types\/post"}],"author":[{"embeddable":true,"href":"https:\/\/www.europesays.com\/fr\/wp-json\/wp\/v2\/users\/2"}],"replies":[{"embeddable":true,"href":"https:\/\/www.europesays.com\/fr\/wp-json\/wp\/v2\/comments?post=295128"}],"version-history":[{"count":0,"href":"https:\/\/www.europesays.com\/fr\/wp-json\/wp\/v2\/posts\/295128\/revisions"}],"wp:featuredmedia":[{"embeddable":true,"href":"https:\/\/www.europesays.com\/fr\/wp-json\/wp\/v2\/media\/295129"}],"wp:attachment":[{"href":"https:\/\/www.europesays.com\/fr\/wp-json\/wp\/v2\/media?parent=295128"}],"wp:term":[{"taxonomy":"category","embeddable":true,"href":"https:\/\/www.europesays.com\/fr\/wp-json\/wp\/v2\/categories?post=295128"},{"taxonomy":"post_tag","embeddable":true,"href":"https:\/\/www.europesays.com\/fr\/wp-json\/wp\/v2\/tags?post=295128"}],"curies":[{"name":"wp","href":"https:\/\/api.w.org\/{rel}","templated":true}]}}