{"id":295130,"date":"2025-08-04T06:31:13","date_gmt":"2025-08-04T06:31:13","guid":{"rendered":"https:\/\/www.europesays.com\/fr\/295130\/"},"modified":"2025-08-04T06:31:13","modified_gmt":"2025-08-04T06:31:13","slug":"paris-terrasse-interdite-record-damendes-materiel-saisi-un-gerant-de-bars-au-coeur-dun-bras-de-fer-rue-ramey","status":"publish","type":"post","link":"https:\/\/www.europesays.com\/fr\/295130\/","title":{"rendered":"Paris\u00a0: terrasse interdite, record d\u2019amendes, mat\u00e9riel saisi\u2026 Un g\u00e9rant de bars au c\u0153ur d\u2019un bras de fer rue Ramey"},"content":{"rendered":"<p class=\"paragraph text_align_left lp-f-body-02\">Pourtant, depuis plus de deux ans maintenant, certains disent vivre un enfer. Dans leur viseur, Slimane Beloucif, le g\u00e9rant de cinq \u00e9tablissements dans cette rue. Arriv\u00e9 en 2019 en reprenant le Dikkenek, celui qui \u00e9tait jusque-l\u00e0 install\u00e9 dans <a href=\"https:\/\/www.leparisien.fr\/paris-75\/ne-lappelez-plus-rue-de-la-soif-a-paris-la-rue-de-lappe-se-rachete-une-reputation-02-08-2025-WFQAMI6KNBAOLKCEJXFQAMM7LA.php\" target=\"_blank\" rel=\"noreferrer nofollow noopener\">la festive rue de Lappe<\/a> (XIe), n\u2019a pas dig\u00e9r\u00e9 ni compris voir son \u00ab petit \u00bb droit de terrasse refus\u00e9. \u00ab Alors que le pr\u00e9c\u00e9dent g\u00e9rant en avait une \u00bb, se souvient-il.<\/p>\n","protected":false},"excerpt":{"rendered":"Pourtant, depuis plus de deux ans maintenant, certains disent vivre un enfer. Dans leur viseur, Slimane Beloucif, le&hellip;\n","protected":false},"author":2,"featured_media":295131,"comment_status":"","ping_status":"","sticky":false,"template":"","format":"standard","meta":{"footnotes":""},"categories":[1888],"tags":[1111,1928,11,1927,1777,674,1011,27,1944,12,1926,626,1925,25],"class_list":{"0":"post-295130","1":"post","2":"type-post","3":"status-publish","4":"format-standard","5":"has-post-thumbnail","7":"category-paris","8":"tag-actu","9":"tag-actu-paris","10":"tag-actualites","11":"tag-actualites-paris","12":"tag-eu","13":"tag-europe","14":"tag-fr","15":"tag-france","16":"tag-ma-ville","17":"tag-news","18":"tag-news-paris","19":"tag-paris","20":"tag-paris-news","21":"tag-republique-francaise"},"share_on_mastodon":{"url":"https:\/\/pubeurope.com\/@fr\/114969095987317652","error":""},"_links":{"self":[{"href":"https:\/\/www.europesays.com\/fr\/wp-json\/wp\/v2\/posts\/295130","targetHints":{"allow":["GET"]}}],"collection":[{"href":"https:\/\/www.europesays.com\/fr\/wp-json\/wp\/v2\/posts"}],"about":[{"href":"https:\/\/www.europesays.com\/fr\/wp-json\/wp\/v2\/types\/post"}],"author":[{"embeddable":true,"href":"https:\/\/www.europesays.com\/fr\/wp-json\/wp\/v2\/users\/2"}],"replies":[{"embeddable":true,"href":"https:\/\/www.europesays.com\/fr\/wp-json\/wp\/v2\/comments?post=295130"}],"version-history":[{"count":0,"href":"https:\/\/www.europesays.com\/fr\/wp-json\/wp\/v2\/posts\/295130\/revisions"}],"wp:featuredmedia":[{"embeddable":true,"href":"https:\/\/www.europesays.com\/fr\/wp-json\/wp\/v2\/media\/295131"}],"wp:attachment":[{"href":"https:\/\/www.europesays.com\/fr\/wp-json\/wp\/v2\/media?parent=295130"}],"wp:term":[{"taxonomy":"category","embeddable":true,"href":"https:\/\/www.europesays.com\/fr\/wp-json\/wp\/v2\/categories?post=295130"},{"taxonomy":"post_tag","embeddable":true,"href":"https:\/\/www.europesays.com\/fr\/wp-json\/wp\/v2\/tags?post=295130"}],"curies":[{"name":"wp","href":"https:\/\/api.w.org\/{rel}","templated":true}]}}