{"id":295132,"date":"2025-08-04T06:32:17","date_gmt":"2025-08-04T06:32:17","guid":{"rendered":"https:\/\/www.europesays.com\/fr\/295132\/"},"modified":"2025-08-04T06:32:17","modified_gmt":"2025-08-04T06:32:17","slug":"comment-la-prison-de-la-sante-a-paris-gere-t-elle-les-vagues-de-fortes-chaleurs","status":"publish","type":"post","link":"https:\/\/www.europesays.com\/fr\/295132\/","title":{"rendered":"comment la prison de la Sant\u00e9 \u00e0 Paris g\u00e8re-t-elle les vagues de fortes chaleurs\u00a0?"},"content":{"rendered":"<p>            Par<br \/>\n        <strong><br \/>\n            <a href=\"https:\/\/actu.fr\/auteur\/antoine-blanchet\" title=\"Consulter tous les articles de Antoine Blanchet\" target=\"_blank\" rel=\"noopener\">Antoine Blanchet<\/a><br \/>\n        <\/strong><\/p>\n<p>        Publi\u00e9 le<\/p>\n<p>            4 ao\u00fbt 2025 \u00e0 6h08        <\/p>\n<p>En haut du couloir, une verri\u00e8re. Une chaleur aux allures tropicales se diffuse dans le corridor de la <a href=\"https:\/\/actu.fr\/ile-de-france\/paris_75056\/des-detenus-de-la-sante-a-paris-formes-a-la-photo-lors-de-rencontres-uniques-c-est-un-projet-enorme_61982124.html\" target=\"_blank\" rel=\"noopener\">prison de la Sant\u00e9<\/a> \u00e0 <a href=\"https:\/\/actu.fr\/paris\/\" target=\"_blank\" rel=\"noopener\">Paris<\/a> ce jeudi 24 juillet 2025. Si le climat de la journ\u00e9e est temp\u00e9r\u00e9, quelles sont les conditions de d\u00e9tention durant les <a href=\"https:\/\/actu.fr\/tag\/canicule\" target=\"_blank\" rel=\"noopener\">vagues de canicule<\/a>, dont la derni\u00e8re en date a touch\u00e9 la capitale en d\u00e9but de mois ? C\u2019est guid\u00e9e par cette interrogation que la d\u00e9put\u00e9e de Paris<strong>\u00a0L\u00e9a Balage El Mariky<\/strong> (Les \u00c9cologistes) s\u2019est rendue au sein de la maison d\u2019arr\u00eat pour effectuer une visite parlementaire inopin\u00e9e.\u00a0<\/p>\n<p>100\u2009% des d\u00e9tenus expos\u00e9s aux canicules<\/p>\n<p class=\" wall-content\">Derri\u00e8re ce questionnement, une \u00e9tude r\u00e9alis\u00e9e par l\u2019association <strong>Notre Affaire \u00e0 Tous<\/strong> en juillet 2024 et <a href=\"https:\/\/oip.org\/analyse\/lenfermement-massif-doit-etre-revu-face-aux-consequences-du-changement-climatique\/\" target=\"_blank\" rel=\"noopener\">relay\u00e9e par l\u2019Observatoire international des prisons (OIP)<\/a>. Selon l\u2019association, qui a men\u00e9 ses analyses dans l\u2019ensemble des prisons fran\u00e7aises, c\u2019est <strong>100\u2009% des d\u00e9tenus qui sont expos\u00e9s aux vagues de chaleur<\/strong> et canicule.\u00a0<\/p>\n<p class=\" wall-content\">De nombreux facteurs viennent en effet faire courir des risques. \u00ab\u00a0Les fen\u00eatres cass\u00e9es rendent impossible l\u2019a\u00e9ration de la cellule ou leur fermeture aux heures les plus chaudes (\u2026) les horaires des promenades sont rarement adapt\u00e9s, tout comme la conception m\u00eame des cours de promenade\u00a0\u00bb, \u00e9gr\u00e8ne l\u2019association. Dans certains \u00e9tablissements visit\u00e9s par l\u2019OIP en 2023, plusieurs d\u00e9tenus d\u00e9crivaient des journ\u00e9es harassantes avec des cellules compar\u00e9es \u00e0 des \u00ab\u00a0fours\u00a0\u00bb.\u00a0<\/p>\n<p>Une douche par cellule\u00a0<\/p>\n<p class=\" wall-content\">Parmi les centres p\u00e9nitentiaires de l\u2019hexagone, la prison de la Sant\u00e9 n\u2019est toutefois pas la plus mauvaise \u00e9l\u00e8ve. R\u00e9nov\u00e9e en 2019, la maison d\u2019arr\u00eat est l\u2019une des rares<strong> \u00e0 avoir install\u00e9 des douches<\/strong> au sein des diff\u00e9rentes cellules. \u00ab\u00a0Les d\u00e9tenus peuvent les utiliser toute la journ\u00e9e en p\u00e9riode de canicule pour se rafra\u00eechir\u00a0\u00bb, explique la cheffe d\u2019\u00e9tablissement par int\u00e9rim (le directeur de la Sant\u00e9 \u00e9tait en cong\u00e9 lors de la visite parlementaire ndlr). Les robinets diffusent aussi en permanence de l\u2019eau fra\u00eeche, ce qui permet aux occupants de s\u2019hydrater. Une vraie am\u00e9lioration compar\u00e9e \u00e0 d\u2019autres \u00e9tablissements o\u00f9 les douches, collectives, sont limit\u00e9es \u00e0 trois jours par semaine.\u00a0<\/p>\n<p class=\" wall-content\">Cependant, ces installations ne sont pas parfaites. \u00ab\u00a0Les douches fonctionnent via un bouton poussoir et on n\u2019a pas la possibilit\u00e9 de modifier la temp\u00e9rature quand on le souhaite. Il faut faire une demande\u00a0\u00bb, nous explique un d\u00e9tenu.\u00a0<\/p>\n<p>Des protocoles mis en place\u00a0<\/p>\n<p class=\" wall-content\">L\u2019administration p\u00e9nitentiaire l\u2019assure : des mesures sont prises \u00e0 chaque \u00e9pisode de canicule, tant pour les agents que pour les d\u00e9tenus. \u00ab\u00a0Tous les ans, nous avons des notes de service \u00e0 ce sujet. Pour les agents, nous fournissons des points d\u2019eau et si des agents vont dans des endroits \u00e9loign\u00e9s de la prison, on leur fournit des bouteilles d\u2019eau\u00a0\u00bb, d\u00e9taille la cheffe d\u2019\u00e9tablissement. Concernant les d\u00e9tenus, l\u2019administration p\u00e9nitentiaire veille \u00e0 l\u2019aide des plus d\u00e9munis. \u00ab\u00a0Les indigents, qui sont au nombre de 400, re\u00e7oivent un bob pour se prot\u00e9ger du soleil et<strong> 1,5 d\u2019eau potable tous les jours<\/strong>\u00ab\u00a0, poursuit, la directrice par int\u00e9rim.\u00a0<\/p>\n<p>Une in\u00e9galit\u00e9 d\u2019acc\u00e8s\u00a0<\/p>\n<p class=\" wall-content\">Pour les prisonniers, le nerf de la guerre face aux canicules, c\u2019est la cantine. Cette derni\u00e8re permet \u00e0 ceux qui en ont les moyens d\u2019acqu\u00e9rir des denr\u00e9es ou des objets afin de faciliter leur vie quotidienne. En p\u00e9riode de canicule, il est possible d\u2019obtenir <strong>des ventilateurs<\/strong>, qui sont r\u00e9cup\u00e9r\u00e9s une fois la vague de chaleur pass\u00e9e. Ces derniers co\u00fbtent une vingtaine d\u2019euros. Une somme honn\u00eate, mais que les nombreux indigents ne peuvent d\u00e9penser. M\u00eame chose pour la cr\u00e8me solaire. Cette derni\u00e8re co\u00fbte 17 euros. Des brumisateurs sont aussi disponibles pour 4 euros.\u00a0<\/p>\n<p>\u00ab\u00a0Il n\u2019y a pas trop d\u2019air\u00a0\u00bb<\/p>\n<p class=\" wall-content\">\u00ab\u00a0Le vrai probl\u00e8me, ce ne sont pas les UV, c\u2019est la chaleur\u00a0\u00bb, assure un prisonnier interrog\u00e9 par la d\u00e9put\u00e9e lors de la visite. Les petites cellules de 9 m\u00b2 sont difficiles \u00e0 rafra\u00eechir. \u00ab\u00a0La nuit, c\u2019est compliqu\u00e9\u00a0\u00bb, relate ce m\u00eame d\u00e9tenu. Dans plusieurs des cellules, des draps mouill\u00e9s sont accroch\u00e9s aux fen\u00eatres afin d\u2019emp\u00eacher le soleil de passer. \u00ab\u00a0La pratique est habituellement interdite, mais elle est tol\u00e9r\u00e9e pendant les fortes chaleurs\u00a0\u00bb, indique une membre de l\u2019administration p\u00e9nitentiaire. Des thermom\u00e8tres seraient aussi pr\u00e9sents pour contr\u00f4ler de mani\u00e8re ponctuelle la temp\u00e9rature dans les cellules. Malgr\u00e9 les demandes de la d\u00e9put\u00e9e, les chiffres relev\u00e9s ne sont pas communiqu\u00e9s.\u00a0\u00a0<\/p>\n<p class=\" wall-content\">\u00c0 cette chaleur pr\u00e9sente <a href=\"https:\/\/actu.fr\/ile-de-france\/nanterre_92050\/surpopulation-carcerale-le-cri-d-alarme-historique-des-avocats-d-ile-de-france-a-l-approche-des-jo_60940098.html\" target=\"_blank\" rel=\"noopener\">s\u2019ajoute la surpopulation<\/a>. La prison de la Sant\u00e9 ne fait pas exception dans le milieu carc\u00e9ral. Au sein de l\u2019\u00e9tablissement de 707 places, les cellules sont doubl\u00e9es avec un second lit, voire tripl\u00e9es avec un matelas. \u00ab\u00a0Ce jeudi 24 juillet, <strong>il y a 109 matelas au sol\u00a0\u00bb<\/strong>, indique la cheffe d\u2019\u00e9tablissement par int\u00e9rim.\u00a0<\/p>\n<p class=\" wall-content\">L\u2019une des cellules avec matelas a pu \u00eatre visit\u00e9e par L\u00e9a Balage El Mariky dans le quartier de la maison d\u2019arr\u00eat. \u00ab\u00a0C\u2019est compliqu\u00e9. La cellule est petite et il n\u2019y a pas trop d\u2019air. C\u2019est difficile de cuisiner aussi, car la plaque de cuisson est dans la cellule. Ce qui chauffe encore plus. La nuit, on essaie de dormir le plus tard possible. Heureusement, un de mes cod\u00e9tenus a pu cantiner un ventilateur\u00a0\u00bb, d\u00e9taille l\u2019un des occupants.\u00a0<\/p>\n<p>Des lieux de promenade variables\u00a0<\/p>\n<p class=\" wall-content\">De mani\u00e8re quotidienne, les d\u00e9tenus de maison d\u2019arr\u00eat <strong>peuvent effectuer une promenade au sein de lieux d\u00e9di\u00e9s<\/strong>. Ces derni\u00e8res durent deux heures par jour. Lors des canicules, les horaires peuvent varier pour \u00e9viter les pics de chaleur. \u00ab\u00a0Nous n\u2019avons pas eu besoin, car ici, elles commencent \u00e0 partir de 14h30, ce qui est en dehors des p\u00e9riodes de pics de chaleur\u00a0\u00bb, affirme une membre de l\u2019administration. \u00ab\u00a0Pourtant, \u00e0 Paris, les horaires conseill\u00e9es lors des canicules, c\u2019est apr\u00e8s 18 heures\u00a0\u00bb, r\u00e9torque L\u00e9a Balage El Mariky. Une horaire tardive impossible \u00e0 mettre en place, reconnaissent les employ\u00e9s de la Sant\u00e9.\u00a0<\/p>\n<p class=\" wall-content\">S\u2019ils sont \u00e9quip\u00e9s de pr\u00e9aux, les espaces de promenade restent enti\u00e8rement b\u00e9tonn\u00e9s. Une vraie source de chaleur lors des canicules. Exception notable : le <strong>QB1<\/strong>, d\u00e9di\u00e9 <a href=\"https:\/\/actu.fr\/ile-de-france\/villepinte_93078\/prison-de-villepinte-qu-est-ce-que-le-module-respect-qui-a-fait-baisser-la-violence_60224660.html\" target=\"_blank\" rel=\"noopener\">au module \u00ab\u00a0Respect\u00a0\u00bb<\/a>. Il s\u2019agit d\u2019une incarc\u00e9ration, o\u00f9 les d\u00e9tenus, qui rentrent sur dossier, peuvent sortir de leurs cellules une bonne partie de la journ\u00e9e. En contrepartie, ils doivent s\u2019impliquer dans la vie du b\u00e2timent. Dans l\u2019espace d\u00e9di\u00e9 \u00e0 la promenade de ces 102 prisonniers, la pr\u00e9sence de v\u00e9g\u00e9tation permet une plus grande fra\u00eecheur. Des ruches d\u2019apiculture y sont m\u00eame pr\u00e9sentes.\u00a0<\/p>\n<p class=\" wall-content\">Suivez toute l\u2019actualit\u00e9 de vos villes et m\u00e9dias favoris en vous inscrivant \u00e0 <a href=\"https:\/\/moncompte.actu.fr\" title=\"D\u00e9couvez Mon Actu\" rel=\"nofollow noopener\" data-trk=\"{&quot;cta&quot;:{&quot;action&quot;:&quot;https:\\\/\\\/moncompte.actu.fr&quot;,&quot;category&quot;:&quot;mon compte&quot;,&quot;from&quot;:&quot;article footer&quot;,&quot;name&quot;:&quot;Mon actu&quot;,&quot;type&quot;:&quot;cta&quot;}}\" target=\"_blank\">Mon Actu<\/a>.<\/p>\n","protected":false},"excerpt":{"rendered":"Par Antoine Blanchet Publi\u00e9 le 4 ao\u00fbt 2025 \u00e0 6h08 En haut du couloir, une verri\u00e8re. Une chaleur&hellip;\n","protected":false},"author":2,"featured_media":295133,"comment_status":"","ping_status":"","sticky":false,"template":"","format":"standard","meta":{"footnotes":""},"categories":[1888],"tags":[11,6698,1777,674,118,1011,27,12,626,899,25],"class_list":{"0":"post-295132","1":"post","2":"type-post","3":"status-publish","4":"format-standard","5":"has-post-thumbnail","7":"category-paris","8":"tag-actualites","9":"tag-canicule","10":"tag-eu","11":"tag-europe","12":"tag-faits-divers","13":"tag-fr","14":"tag-france","15":"tag-news","16":"tag-paris","17":"tag-prisons","18":"tag-republique-francaise"},"share_on_mastodon":{"url":"https:\/\/pubeurope.com\/@fr\/114969100560657862","error":""},"_links":{"self":[{"href":"https:\/\/www.europesays.com\/fr\/wp-json\/wp\/v2\/posts\/295132","targetHints":{"allow":["GET"]}}],"collection":[{"href":"https:\/\/www.europesays.com\/fr\/wp-json\/wp\/v2\/posts"}],"about":[{"href":"https:\/\/www.europesays.com\/fr\/wp-json\/wp\/v2\/types\/post"}],"author":[{"embeddable":true,"href":"https:\/\/www.europesays.com\/fr\/wp-json\/wp\/v2\/users\/2"}],"replies":[{"embeddable":true,"href":"https:\/\/www.europesays.com\/fr\/wp-json\/wp\/v2\/comments?post=295132"}],"version-history":[{"count":0,"href":"https:\/\/www.europesays.com\/fr\/wp-json\/wp\/v2\/posts\/295132\/revisions"}],"wp:featuredmedia":[{"embeddable":true,"href":"https:\/\/www.europesays.com\/fr\/wp-json\/wp\/v2\/media\/295133"}],"wp:attachment":[{"href":"https:\/\/www.europesays.com\/fr\/wp-json\/wp\/v2\/media?parent=295132"}],"wp:term":[{"taxonomy":"category","embeddable":true,"href":"https:\/\/www.europesays.com\/fr\/wp-json\/wp\/v2\/categories?post=295132"},{"taxonomy":"post_tag","embeddable":true,"href":"https:\/\/www.europesays.com\/fr\/wp-json\/wp\/v2\/tags?post=295132"}],"curies":[{"name":"wp","href":"https:\/\/api.w.org\/{rel}","templated":true}]}}