{"id":295140,"date":"2025-08-04T06:36:13","date_gmt":"2025-08-04T06:36:13","guid":{"rendered":"https:\/\/www.europesays.com\/fr\/295140\/"},"modified":"2025-08-04T06:36:13","modified_gmt":"2025-08-04T06:36:13","slug":"ubs-solde-un-dossier-aux-usa-pour-300-millions-de-dollars","status":"publish","type":"post","link":"https:\/\/www.europesays.com\/fr\/295140\/","title":{"rendered":"UBS solde un dossier aux USA pour 300 millions de dollars"},"content":{"rendered":"<p>Crise des subprimes \u2013 <\/p>\n<p>UBS solde un dossier aux USA pour 300 millions de dollars<\/p>\n<p class=\"ContentHead_lead____SsS link_regular__O0hk0 link_externalicon-big__ZdPgo link_externalicon__qcwXs\">La banque aux trois cl\u00e9s devra payer au d\u00e9partement am\u00e9ricain de la Justice pour cl\u00f4turer un cas de Credit Suisse sur des cr\u00e9dits hypoth\u00e9caires.<\/p>\n<p>Publi\u00e9 aujourd\u2019hui \u00e0 07h38<\/p>\n<p><img decoding=\"async\" loading=\"eager\" fetchpriority=\"high\" src=\"https:\/\/www.europesays.com\/fr\/wp-content\/uploads\/2025\/08\/BtUwciAKqOb8AgRDxZA6T3.png\" alt=\"Entr\u00e9e vitr\u00e9e de la banque avec logos UBS et Credit Suisse, personne utilisant un distributeur automatique \u00e0 l\u2019int\u00e9rieur.\" title=\"Entr\u00e9e vitr\u00e9e de la banque avec logos UBS et Credit Suisse, personne utilisant un distributeur automatique \u00e0 l\u2019int\u00e9rieur.\" class=\"ResponsiveImage_root__ZDz10 responsive-image\" style=\"background-color:#B4BEBE\"\/><\/p>\n<p>UBS solde un cas de Credit Suisse en lien avec des cr\u00e9dits hypoth\u00e9caires (subprimes).<\/p>\n<p>Keystone<\/p>\n<p>Abonnez-vous d\u00e8s maintenant et profitez de la fonction de lecture audio.<a href=\"https:\/\/bottalk.io\/\" class=\"BottalkPaywall_bottalklink__KDtuf\" target=\"_blank\" rel=\"noreferrer nofollow noopener\">BotTalk<\/a><\/p>\n<p class=\"ArticleParagraph_root__lhFZo ArticleContainer_content-width__FRl7F link_focus__0ZMwx link_externalicon-big__ZdPgo link_externalicon__qcwXs ArticleElement_article-element__q93eL\">La banque <a class=\"HtmlText_root__A1OSq\" href=\"https:\/\/www.24heures.ch\/ubs-obtient-un-rabais-de-54-millions-sur-lamende-de-credit-suisse-463510138518\" rel=\"nofollow noopener\" target=\"_blank\">UBS<\/a> a convenu de s\u2019acquitter d\u2019une ardoise de 300 millions de dollars (241 millions de francs) au <a class=\"HtmlText_root__A1OSq\" href=\"https:\/\/www.24heures.ch\/credit-suisse-services-ubs-passe-un-accord-pour-eviter-les-poursuites-americaines-875375735476\" rel=\"nofollow noopener\" target=\"_blank\">d\u00e9partement de la Justice des Etats-Unis<\/a> (DoJ) pour solder un cas r\u00e9siduel de Credit Suisse dans le dossier des produits financiers adoss\u00e9s \u00e0 des cr\u00e9dits hypoth\u00e9caires (subprimes).<\/p>\n<p class=\"ArticleParagraph_root__lhFZo ArticleContainer_content-width__FRl7F link_focus__0ZMwx link_externalicon-big__ZdPgo link_externalicon__qcwXs ArticleElement_article-element__q93eL\">La man\u0153uvre aura r\u00e9gl\u00e9 les derniers reliquats de ce dossier, apr\u00e8s un accord initial pass\u00e9 par feu la banque aux deux voiles avec la justice am\u00e9ricaine en 2017, souligne sa repreneuse dans un communiqu\u00e9 lundi.<\/p>\n<p class=\"ArticleParagraph_root__lhFZo ArticleContainer_content-width__FRl7F link_focus__0ZMwx link_externalicon-big__ZdPgo link_externalicon__qcwXs ArticleElement_article-element__q93eL\">L\u2019\u00e9tablissement aux trois cl\u00e9s se dit \u00abravi\u00bb d\u2019avoir sold\u00e9 un dossier suppl\u00e9mentaire h\u00e9rit\u00e9 de la reprise de <a class=\"HtmlText_root__A1OSq\" href=\"https:\/\/www.24heures.ch\/la-justice-europeenne-maintient-son-amende-contre-ubs-606892242263\" rel=\"nofollow noopener\" target=\"_blank\">Credit Suisse<\/a> et laisse augurer un impact positif sur sa banque de d\u00e9faisance de la dissolution d\u2019une provision aff\u00e9rente.<\/p>\n<p class=\"DynamicTeaser_boxtitle__B6piN\">UBS face \u00e0 l\u2019apr\u00e8s-Credit Suisse<\/p>\n<p>Newsletter<\/p>\n<p>\u00abDerni\u00e8res nouvelles\u00bb<\/p>\n<p>Vous voulez rester au top de l\u2019info? \u00ab24 heures\u00bb vous propose deux rendez-vous par jour, pour ne rien rater de ce qui se passe dans votre Canton, en Suisse ou dans le monde.<\/p>\n<p><a class=\"NewsletterBox_more__FNemz link_underlinelink__K5Zr0\" href=\"https:\/\/www.24heures.ch\/nos-newsletters\" rel=\"nofollow noopener\" target=\"_blank\">Autres newsletters<\/a><\/p>\n<p>Se connecter<\/p>\n<p class=\"ArticleContainer_agencies__g6Lpj ArticleContainer_content-width__FRl7F\">ATS<\/p>\n<p class=\"Feedback_root__fr_Mi ArticleContainer_content-width__FRl7F\">Vous avez trouv\u00e9 une erreur?<a href=\"mailto:tes_correction@tamedia.ch?subject=Avis%20d'erreur%20%7C%20UBS%20solde%20un%20dossier%20aux%20USA%20pour%20300%20millions%20de%20dollars&amp;body=J'ai%20trouv%C3%A9%20une%20erreur%20dans%20cet%20article%3A%20https%3A%2F%2Fwww.24heures.ch%2Fubs-solde-un-dossier-aux-usa-pour-300-millions-de-dollars-259143685192\" class=\"Feedback_feedbacklink__VyDCi link_underlinelink__K5Zr0\">Merci de nous la signaler.<\/a><\/p>\n<p>3 commentaires<\/p>\n","protected":false},"excerpt":{"rendered":"Crise des subprimes \u2013 UBS solde un dossier aux USA pour 300 millions de dollars La banque aux&hellip;\n","protected":false},"author":2,"featured_media":295141,"comment_status":"","ping_status":"","sticky":false,"template":"","format":"standard","meta":{"footnotes":""},"categories":[1589],"tags":[11,73,1866,12,1864,1865,1863,308],"class_list":{"0":"post-295140","1":"post","2":"type-post","3":"status-publish","4":"format-standard","5":"has-post-thumbnail","7":"category-etats-unis","8":"tag-actualites","9":"tag-etats-unis","10":"tag-etats-unis-damerique","11":"tag-news","12":"tag-united-states","13":"tag-united-states-of-america","14":"tag-us","15":"tag-usa"},"share_on_mastodon":{"url":"https:\/\/pubeurope.com\/@fr\/114969115741095379","error":""},"_links":{"self":[{"href":"https:\/\/www.europesays.com\/fr\/wp-json\/wp\/v2\/posts\/295140","targetHints":{"allow":["GET"]}}],"collection":[{"href":"https:\/\/www.europesays.com\/fr\/wp-json\/wp\/v2\/posts"}],"about":[{"href":"https:\/\/www.europesays.com\/fr\/wp-json\/wp\/v2\/types\/post"}],"author":[{"embeddable":true,"href":"https:\/\/www.europesays.com\/fr\/wp-json\/wp\/v2\/users\/2"}],"replies":[{"embeddable":true,"href":"https:\/\/www.europesays.com\/fr\/wp-json\/wp\/v2\/comments?post=295140"}],"version-history":[{"count":0,"href":"https:\/\/www.europesays.com\/fr\/wp-json\/wp\/v2\/posts\/295140\/revisions"}],"wp:featuredmedia":[{"embeddable":true,"href":"https:\/\/www.europesays.com\/fr\/wp-json\/wp\/v2\/media\/295141"}],"wp:attachment":[{"href":"https:\/\/www.europesays.com\/fr\/wp-json\/wp\/v2\/media?parent=295140"}],"wp:term":[{"taxonomy":"category","embeddable":true,"href":"https:\/\/www.europesays.com\/fr\/wp-json\/wp\/v2\/categories?post=295140"},{"taxonomy":"post_tag","embeddable":true,"href":"https:\/\/www.europesays.com\/fr\/wp-json\/wp\/v2\/tags?post=295140"}],"curies":[{"name":"wp","href":"https:\/\/api.w.org\/{rel}","templated":true}]}}