{"id":295142,"date":"2025-08-04T06:37:11","date_gmt":"2025-08-04T06:37:11","guid":{"rendered":"https:\/\/www.europesays.com\/fr\/295142\/"},"modified":"2025-08-04T06:37:11","modified_gmt":"2025-08-04T06:37:11","slug":"grande-bretagne-et-europe-toujours-voues-a-terminer-en-divorce","status":"publish","type":"post","link":"https:\/\/www.europesays.com\/fr\/295142\/","title":{"rendered":"Grande-Bretagne et Europe : Toujours vou\u00e9s \u00e0 terminer en divorce ?"},"content":{"rendered":"<p>&#13;<br \/>\n\t\t\t17\/02\/2024. Munich, Allemagne. La pr\u00e9sidente de la Commission europ\u00e9enne, Ursula von der Leyen, rencontre Keir Starmer, alors chef de l\u2019opposition britannique, lors de la Conf\u00e9rence sur la s\u00e9curit\u00e9 de Munich 2024.<br \/>\n&#13;<br \/>\n\t\t\t\u00a9Christophe Licoppe \/ Service audiovisuel de la Commission europ\u00e9enne<br \/>\n&#13;\n\t\t<\/p>\n<p><strong>Dans cet article d\u2019une s\u00e9rie pour la campagne \u00ab\u00a0Et si&#8230;\u00a0?\u00a0\u00bb des Jeunes Europ\u00e9ens F\u00e9d\u00e9ralistes, Jonathan Saunders, International Officer pour le Royaume-Uni, \u00e9crit pour The New Federalist sur l\u2019histoire des relations d\u2019apr\u00e8s-guerre entre la Grande-Bretagne et l\u2019Europe, les raisons du Brexit, et ce qui l\u2019aurait \u00e9vit\u00e9.<\/strong><\/p>\n<blockquote class=\"spip\">\n<p>\u201c Je veux parler de la trag\u00e9die de l\u2019Europe, ce continent noble, le si\u00e8ge de toutes les races parentes du monde occidentale, la fondation de la foi et de l\u2019\u00e9thique chr\u00e9tiennes, l\u2019origine de la plupart de la culture, des arts, de la philosophie et de la science des \u00e9poques anciennes et modernes. Si l\u2019Europe s\u2019unifiait dans le partage de ce patrimoine commun, il n\u2019y aurait aucune limite au bonheur, \u00e0 la prosp\u00e9rit\u00e9 et \u00e0 la gloire dont ses millions d\u2019habitants profiteraient.\u201d<\/p>\n<\/blockquote>\n<p>Winston Churchill, alors chef de l\u2019opposition au parlement britannique, un ancien homme d\u2019\u00c9tat, dans la cinqui\u00e8me de ses sept d\u00e9cennies comme d\u00e9put\u00e9, <a href=\"https:\/\/www.cvce.eu\/content\/publication\/1997\/10\/13\/7dc5a4cc-4453-4c2a-b130-b534b7d76ebd\/publishable_en.pdf\" class=\"spip_out\" rel=\"external nofollow noopener\" target=\"_blank\">s\u2019\u00e9tait adress\u00e9 \u00e0 un auditoire d\u2019universitaires et \u00e9tudiants<\/a>  \u00e0 l\u2019Universit\u00e9 de Zurich in 1946, en exprimant son soutien pour un manifeste pour une Union Europ\u00e9enne, \u00e9crit par l\u2019intellectuel autrichien-japonais Richard von Coudengrove-Kalegri.<\/p>\n<p>En louant le d\u00e9funt Premier ministre fran\u00e7ais socialiste, Aristide Briand, pour la tentative de ce dernier de sauver la Soci\u00e9t\u00e9 de Nations, Churchill a affirm\u00e9 que seulement l\u2019union de la France et l\u2019Allemagne sous la banni\u00e8re de l\u2019Europe pourrait assurer la long\u00e9vit\u00e9 des Nations Unies. L\u2019approbation de Churchill pour l\u2019int\u00e9gration europ\u00e9enne a ajout\u00e9 de la cr\u00e9dibilit\u00e9 et du dynamisme \u00e0 la cause. Deux ann\u00e9es plus tard, il a pr\u00e9sid\u00e9 des centaines de d\u00e9put\u00e9s nationaux au Congr\u00e8s de la Haye.<\/p>\n<p>68 ann\u00e9es plus tard, le pays de Churchill \u2014 le pays de ma naissance \u2014 a vot\u00e9 de se retirer de cette Union Europ\u00e9enne cr\u00e9\u00e9e selon son image. Certains ont affirm\u00e9 que le soutien de Churchill pour l\u2019Europe est exag\u00e9r\u00e9 ou sorti de son contexte. D\u2019autres ont affirm\u00e9 que l\u2019UE actuelle est bien diff\u00e9rente de celle qu\u2019il a pr\u00e9conis\u00e9e. Ni l\u2019une ni l\u2019autre de ces d\u00e9clarations ne pourraient \u00eatre plus fausses. La place de Churchill parmi les p\u00e8res fondateurs de l\u2019UE est bien m\u00e9rit\u00e9e, m\u00eame si le Royaume-Uni n\u2019est plus un \u00c9tat membre.<\/p>\n<p>Churchill, p\u00e8re fondateur de l\u2019Europe<\/p>\n<p>Alors, pourquoi le divorce entre la Grande-Bretagne et l\u2019Europe \u00e9tait-il si hargneux\u00a0? Je ne crois pas qu\u2019un seul facteur l\u2019ait influenc\u00e9 \u2014 ni l\u2019\u00e9conomie britannique et ses r\u00e9gulations, ni l\u2019immigration et sa soci\u00e9t\u00e9 multiculturelle, ni une perte de contr\u00f4le sur ses affaires domestiques \u2014 mais une s\u00e9rie d\u2019opportunit\u00e9s manqu\u00e9es, pour la Grande-Bretagne de jouer un r\u00f4le de premier plan dans la politique europ\u00e9enne, auquel Churchill, en tant qu\u2019homme d\u2019\u00c9tat d\u2019apr\u00e8s-guerre, a song\u00e9.<\/p>\n<p><a href=\"https:\/\/www.cvce.eu\/content\/publication\/1999\/1\/1\/58118da1-af22-48c0-bc88-93cda974f42c\/publishable_en.pdf\" class=\"spip_out\" rel=\"external nofollow noopener\" target=\"_blank\">En parlant au Congr\u00e8s<\/a> en 1948, Churchill a montr\u00e9 son soutien \u00e0 la cr\u00e9ation d\u2019un Conseil de l\u2019Europe, dont la Grande-Bretagne \u00e9tait membre fondateur et qui a produit la convention europ\u00e9enne des droits de l\u2019homme, qui prot\u00e8ge l\u2019Europe du pouvoir arbitraire jusqu\u2019\u00e0 ns jours. Pourtant, il est all\u00e9 beaucoup plus loin que \u00e7a.<\/p>\n<p>\u00ab\u00a0Il est impossible de s\u00e9parer l\u2019\u00e9conomie et la d\u00e9fense de la structure politique g\u00e9n\u00e9rale\u00a0\u00bb, a dit Churchill. L\u2019Europe, avec la participation de la Grande-Bretagne et du Commonwealth, devrait former l\u2019une des \u00ab\u00a0arm\u00e9e de paix\u00a0\u00bb mondiales, avec les \u00c9tats-Unis et l\u2019Union Sovi\u00e9tique, pour prot\u00e9ger les Nations Unies et les nouvelles structures du droit international. Il est possible que Churchill f\u00fbt nostalgique de l\u2019empire britannique, mais il ne voyait aucune incompatibilit\u00e9 entre son pays et l\u2019Europe.<\/p>\n<p>Les rejets de la Grande-Bretagne de la Communaut\u00e9 \u00e9conomique europ\u00e9enne<\/p>\n<p>Lors de son second mandat de Premier ministre de 1951 \u00e0 1955, Churchill a laiss\u00e9 la porte ouverte \u00e0 l\u2019union \u00e9conomique \u2014 un objectif pour lequel il a critiqu\u00e9 le Premier ministre d\u2019apr\u00e8s-guerre, Clement Attlee, pour avoir \u00e9chou\u00e9 \u00e0 n\u00e9gocier \u00e0 propos du charbon et de l\u2019acier \u2014 et il a soutenu des efforts rat\u00e9s pour cr\u00e9er une union de la d\u00e9fense. Quand Harold Macmillan a d\u00e9pos\u00e9 la candidature britannique pour adh\u00e9rer \u00e0 la Communaut\u00e9 \u00e9conomique europ\u00e9enne en 1961, Churchill <a href=\"https:\/\/encompass-europe.com\/comment\/churchill-and-the-european-union\" class=\"spip_out\" rel=\"external nofollow noopener\" target=\"_blank\">a \u00e9crit \u00e0 son association de conservateurs<\/a> afin de le soutenir.<\/p>\n<p>Macmillan \u00e9tait un alli\u00e9 de l\u2019Europe d\u00e8s sa nomination comme Premier ministre en 1957. <a href=\"https:\/\/www.cvce.eu\/content\/publication\/2007\/2\/12\/0e12ec33-50f0-47ec-b363-62e36040c41c\/publishable_en.pdf\" class=\"spip_out\" rel=\"external nofollow noopener\" target=\"_blank\">Dans une de ses premi\u00e8res d\u00e9clarations<\/a>, il a exig\u00e9 \u00ab\u00a0vaincre la tendance naturelle \u00e0 r\u00e9sister l\u2019exp\u00e9rimentation ou le scepticisme inh\u00e9rent qui est un des dangers d\u2019une vieille civilisation\u00a0\u00bb. Sa plus grande r\u00e9ussite a \u00e9t\u00e9 de former l\u2019Association europ\u00e9enne de libre-\u00e9change (AELE) avec l\u2019Autriche, le Portugal, la Suisse, la Norv\u00e8ge, le Danemark, et la Su\u00e8de.<\/p>\n<p>Alors, c\u2019\u00e9tait d\u2019autant plus d\u00e9cevant quand le Pr\u00e9sident de la France, Charles de Gaulle, a claqu\u00e9 la porte sur la Grande-Bretagne, en disant \u00ab\u00a0non\u00a0!\u00a0\u00bb \u00e0 son entr\u00e9e, \u00e0 la t\u00e9l\u00e9vision nationale en 1963. D\u00e9courag\u00e9, Macmillan <a href=\"https:\/\/www.gov.uk\/government\/history\/past-prime-ministers\/harold-macmillan\" class=\"spip_out\" rel=\"external nofollow noopener\" target=\"_blank\">a \u00e9crit dans son journal<\/a> que \u00ab\u00a0toutes nos politiques domestiques et \u00e0 l\u2019\u00e9tranger sont ruin\u00e9es\u00a0\u00bb. Il a \u00e9t\u00e9 hospitalis\u00e9 peu apr\u00e8s et destitu\u00e9 par un cabinet avec lequel il s\u2019\u00e9tait brouill\u00e9 suite \u00e0 l\u2019humiliation inflig\u00e9e par de Gaulle.<\/p>\n<p>Quand le parti travailliste a \u00e9t\u00e9 r\u00e9\u00e9lu sous la direction de Harold Wilson en 1964, l\u2019Europe est tomb\u00e9e dans la liste de priorit\u00e9s. \u00c0 l\u2019\u00e9poque, le Labour Party \u00e9tait le moins pro-Europe des deux partis principaux \u2014 leur argument \u00e9tait que la libert\u00e9 de mouvement aurait menac\u00e9 les emplois de leurs \u00e9lecteurs. Cet argument a \u00e9t\u00e9 rel\u00e9gu\u00e9 \u00e0 l\u2019arri\u00e8re-plan quand le gouvernement britannique a \u00e9t\u00e9 oblig\u00e9 de d\u00e9valuer la livre sterling pour \u00e9viter une catastrophe \u00e9conomique montante. La Grande-Bretagne a d\u00e9pos\u00e9 sa candidature \u00e0 la CEE encore une fois en 1967, mais de Gaulle y a mis son veto une seconde fois.<\/p>\n<p>L\u2019\u00e9chec de l\u2019int\u00e9gration de la Grande-Bretagne en Europe<\/p>\n<p>Wilson a sagement rejet\u00e9 <a href=\"http:\/\/news.bbc.co.uk\/onthisday\/hi\/dates\/stories\/november\/27\/newsid_4187000\/4187714.stm\" class=\"spip_out\" rel=\"external nofollow noopener\" target=\"_blank\">des appels de militants anti-europ\u00e9ens<\/a>  \u00e0 abandonner l\u2019espoir d\u2019Europe, et six ans plus tard, avec de Gaulle hors de pouvoir, le premier ministre Edward Heath, a n\u00e9goci\u00e9 l\u2019entr\u00e9e de Grande-Bretagne \u00e0 la CEE. Soutenu par 67% des \u00e9lecteurs dans le r\u00e9f\u00e9rendum de 1975, la grande majorit\u00e9 de Britanniques se sont tourn\u00e9s vers l\u2019avenir et ont donn\u00e9 un mandat \u00e0 l\u2019int\u00e9gration europ\u00e9enne. Le consensus pluripartite n\u2019\u00e9tait pas de longue dur\u00e9e.<\/p>\n<p>Les Britanniques ont largement oubli\u00e9 que leur gouvernement a obtenu une clause d\u2019exemption concernant le passage \u00e0 l\u2019euro relevant du trait\u00e9 de Maastricht en 1992, une autre clause d\u2019exemption concernant l\u2019espace Schengen relevant du trait\u00e9 d\u2019Amsterdam en 1997, et a mis son veto \u00e0 une constitution europ\u00e9enne en 2005. Il aurait pu exercer sa souverainet\u00e9 en n\u00e9gociant des clauses d\u2019exemption et en utilisant son pouvoir de veto. Les conservateurs, de Margaret Thatcher jusqu\u2019\u00e0 David Cameron, ont attaqu\u00e9 l\u2019Europe quand il convenait, pendant que Labour a \u00e9vit\u00e9 la question par crainte de perdre leurs \u00e9lecteurs traditionnels.<\/p>\n<p>Le soutien pour l\u2019UE, le successeur \u00e0 la CEE, est tomb\u00e9 \u00e0 48% des \u00e9lecteurs lors du r\u00e9f\u00e9rendum de 2016. Quatre ans plus tard, suite \u00e0 l\u2019\u00e9lection g\u00e9n\u00e9rale de 2019, les Britanniques ont perdu la libre circulation de personnes, des biens, des services, et des capitaux pour la premi\u00e8re fois depuis l\u2019entr\u00e9e du pays \u00e0 l\u2019AELE in 1960, ainsi que la repr\u00e9sentation qu\u2019ils avaient eu au Parlement europ\u00e9en depuis 1979. La chance d\u2019un retour \u00e0 l\u2019UE ou m\u00eame au march\u00e9 unique reste hors de question.<\/p>\n<p>Le destin de la Grande-Bretagne est-il hors d\u2019une Europe unifi\u00e9e\u00a0?<\/p>\n<p>Des <a href=\"https:\/\/ukandeu.ac.uk\/new-polling-reveals-shift-from-immigration-to-sovereignty-as-the-priority\/\" class=\"spip_out\" rel=\"external nofollow noopener\" target=\"_blank\">\u00e9tudes<\/a> montrent que ceux qui ont vot\u00e9 en faveur du retrait de l\u2019UE ont donn\u00e9 la priorit\u00e9 \u00e0 la souverainet\u00e9 plut\u00f4t qu\u2019\u00e0 l\u2019immigration avec 67% des voix contre 33%, pendant que ceux qui ont vot\u00e9 de rester dans l\u2019UE ont donn\u00e9 la priorit\u00e9 \u00e0 la croissance \u00e9conomique plut\u00f4t qu\u2019\u00e0 l\u2019immigration avec 84% des voix contre 16% \u2014 donc, l\u2019immigration n\u2019a pas caus\u00e9 le Brexit. Il y a des pays europ\u00e9ens beaucoup plus oppos\u00e9s a l\u2019immigration mais qui n\u2019ont pas le moindre d\u00e9sir d\u2019ind\u00e9pendance de l\u2019Union. Il en va de m\u00eame pour d\u2019autres critiques de l\u2019int\u00e9gration europ\u00e9enne bas\u00e9es sur la politique.<\/p>\n<p>La Grande-Bretagne a choisi de divorcer de l\u2019Europe pour une raison tr\u00e8s simple\u00a0: elle ne s\u2019est pas sentie appr\u00e9ci\u00e9e en tant que partenaire. Elle n\u2019est pas nationaliste par nature. Le pays n\u2019est pas intol\u00e9rant, il ne s\u2019oppose pas instinctivement au progr\u00e8s. Les p\u00e9riodes de son histoire d\u2019apr\u00e8s-guerre o\u00f9 il aurait pu s\u2019int\u00e9grer dans l\u2019Europe \u00e9taient simplement aux mauvais moments.<\/p>\n<p>L\u2019opportunit\u00e9 pour une union \u00e9conomique en 1950 a \u00e9t\u00e9 manqu\u00e9e, et retard\u00e9e jusqu\u2019\u00e0 1973. La vague d\u2019int\u00e9r\u00eat du public pour l\u2019Europe g\u00e9n\u00e9r\u00e9e par le vote a \u00e9t\u00e9 \u00e9cart\u00e9e par des enjeux domestiques, et en 1992 la sc\u00e8ne politique n\u2019accueillait plus la monnaie unique. Si on avait propos\u00e9 une constitution europ\u00e9enne \u00e0 la fin des ann\u00e9es 1990 ou au d\u00e9but des ann\u00e9es 2000, peut-\u00eatre Tony Blair aurait pu en convaincre le public britannique. Au moment o\u00f9 la crise financi\u00e8re est arriv\u00e9e, les \u00e9lecteurs ne voulaient plus entendre parler de l\u2019Europe.<\/p>\n<p>Il y a tant de \u00ab\u00a0Et si\u00a0\u00bb dans l\u2019histoire d\u2019apr\u00e8s-guerre de la Grande-Bretagne et de l\u2019Europe, qu\u2019il est impossible de n\u2019en choisir qu\u2019un. En raison d\u2019une s\u00e9rie d\u2019opportunit\u00e9s manqu\u00e9es et des moments mal choisis, la Grande-Bretagne ne s\u2019est jamais int\u00e9gr\u00e9e enti\u00e8rement \u00e0 l\u2019Europe. Cependant, avec un nouveau gouvernement travailliste, il y a une nouvelle opportunit\u00e9 de revenir en arri\u00e8re. Aujourd\u2019hui, il y a un nouveau \u00ab\u00a0Et si\u00a0\u00bb\u00a0: et si les jeunes britanniques se rendaient compte qu\u2019ils ont besoin de l\u2019Europe \u2014 et les jeunes europ\u00e9ens se rendaient compte qu\u2019ils ont besoin de la Grande-Bretagne \u2014 afin que les deux puissent r\u00e9ussir dans le futur\u00a0?<\/p>\n","protected":false},"excerpt":{"rendered":"&#13; 17\/02\/2024. Munich, Allemagne. La pr\u00e9sidente de la Commission europ\u00e9enne, Ursula von der Leyen, rencontre Keir Starmer, alors&hellip;\n","protected":false},"author":2,"featured_media":295143,"comment_status":"","ping_status":"","sticky":false,"template":"","format":"standard","meta":{"footnotes":""},"categories":[1588],"tags":[11,1777,674,12,473,1853,1851,1850,1852],"class_list":{"0":"post-295142","1":"post","2":"type-post","3":"status-publish","4":"format-standard","5":"has-post-thumbnail","7":"category-royaume-uni","8":"tag-actualites","9":"tag-eu","10":"tag-europe","11":"tag-news","12":"tag-royaume-uni","13":"tag-royaume-uni-de-grande-bretagne-et-dirlande-du-nord","14":"tag-uk","15":"tag-united-kingdom","16":"tag-united-kingdom-of-great-britain-and-northern-ireland"},"share_on_mastodon":{"url":"https:\/\/pubeurope.com\/@fr\/114969119648442778","error":""},"_links":{"self":[{"href":"https:\/\/www.europesays.com\/fr\/wp-json\/wp\/v2\/posts\/295142","targetHints":{"allow":["GET"]}}],"collection":[{"href":"https:\/\/www.europesays.com\/fr\/wp-json\/wp\/v2\/posts"}],"about":[{"href":"https:\/\/www.europesays.com\/fr\/wp-json\/wp\/v2\/types\/post"}],"author":[{"embeddable":true,"href":"https:\/\/www.europesays.com\/fr\/wp-json\/wp\/v2\/users\/2"}],"replies":[{"embeddable":true,"href":"https:\/\/www.europesays.com\/fr\/wp-json\/wp\/v2\/comments?post=295142"}],"version-history":[{"count":0,"href":"https:\/\/www.europesays.com\/fr\/wp-json\/wp\/v2\/posts\/295142\/revisions"}],"wp:featuredmedia":[{"embeddable":true,"href":"https:\/\/www.europesays.com\/fr\/wp-json\/wp\/v2\/media\/295143"}],"wp:attachment":[{"href":"https:\/\/www.europesays.com\/fr\/wp-json\/wp\/v2\/media?parent=295142"}],"wp:term":[{"taxonomy":"category","embeddable":true,"href":"https:\/\/www.europesays.com\/fr\/wp-json\/wp\/v2\/categories?post=295142"},{"taxonomy":"post_tag","embeddable":true,"href":"https:\/\/www.europesays.com\/fr\/wp-json\/wp\/v2\/tags?post=295142"}],"curies":[{"name":"wp","href":"https:\/\/api.w.org\/{rel}","templated":true}]}}