{"id":295144,"date":"2025-08-04T06:38:10","date_gmt":"2025-08-04T06:38:10","guid":{"rendered":"https:\/\/www.europesays.com\/fr\/295144\/"},"modified":"2025-08-04T06:38:10","modified_gmt":"2025-08-04T06:38:10","slug":"le-projet-de-nouvelle-constitution-presente-a-berlin-dw-04-08-2025","status":"publish","type":"post","link":"https:\/\/www.europesays.com\/fr\/295144\/","title":{"rendered":"le projet de nouvelle Constitution pr\u00e9sent\u00e9 \u00e0 Berlin \u2013 DW \u2013 04\/08\/2025"},"content":{"rendered":"<p>\u00ab\u00a0Au nom de la R\u00e9publique de <a class=\"internal-link\" href=\"https:\/\/www.dw.com\/fr\/guin\u00e9e\/t-19111538\" rel=\"nofollow noopener\" target=\"_blank\">Guin\u00e9e<\/a>, j&rsquo;ai l&rsquo;honneur de vous remettre ce projet de Constitution \u00e0 faire vulgariser et \u00e0 s&rsquo;en approprier. Je n&rsquo;ai aucun doute que je peux compter sur vous. Merci\u2026\u00a0\u00bb, d\u00e9clare l&rsquo;ambassadeur de la <a class=\"internal-link\" href=\"https:\/\/www.dw.com\/fr\/inondations-meutrieres-conakry\/a-73504076\" rel=\"nofollow noopener\" target=\"_blank\">R\u00e9publique de\u00a0Guin\u00e9e<\/a> en Allemagne dans salle o\u00f9 ont pris place\u00a0plus de 100 personnes.<\/p>\n<p>Ils ont tous fait\u00a0le d\u00e9placement dans les nouveaux locaux de l&rsquo;Ambassade de Guin\u00e9e \u00e0 Berlin pour assister \u00e0 la remise officielle du <a class=\"internal-link\" href=\"https:\/\/www.dw.com\/fr\/vous-avez-dit-nouvelle-constitution-guin\u00e9enne\/a-70750654\" rel=\"nofollow noopener\" target=\"_blank\">projet de nouvelle Constitution.<\/a><\/p>\n<p>Marima Bah vit \u00e0 Hambourg. Elle a parcouru 165 km pour s\u2019encqu\u00e9rir du contenu du projet de nouvelle Constitution. Parmi les nouveaut\u00e9s qui ont retenu l\u2019attention de la jeune dame : l\u2019introduction de la couverture sanitaire universelle.<\/p>\n<p>\u00ab\u00a0Parce que chaque citoyen a droit \u00e0 des soins propices. Et chez nous, je dirais que, malheureusement, certains ont des difficult\u00e9s \u00e0 acc\u00e9der \u00e0 des soins de qualit\u00e9. Je trouve que c&rsquo;est une belle r\u00e9forme. Mais je dirais qu&rsquo;on ne peut pas \u00eatre \u00e0 100 % d&rsquo;accord avec une chose et que je dois encore parcourir le projet et peser le pour et le contre.\u00a0\u00bb<\/p>\n<p><img data-format=\"MASTER_LANDSCAPE\" data-id=\"73515211\" data-url=\"https:\/\/static.dw.com\/image\/73515211_${formatId}.jpg\" data-aspect-ratio=\"16\/9\" alt=\"M Aliou Barry, ambassadeur de la R\u00e9publique de Guin\u00e9e en Allemagne \" style=\"padding-bottom: 56.25%; height: 0; max-height: 0;\"\/>M. Aliou Barry, ambassadeur de Guin\u00e9e en Allemagne, pr\u00e9sente le projet de nouvelle Constitution aux Guin\u00e9ens \u00e9tablis en Allemagne.Image : Bob Barry<\/p>\n<p>Kadiatou Doumbouya et sa famille vivent \u00e0 Berlin. Elle est particuli\u00e8rement heureuse de la mention faite \u00e0 l\u2019autonomisation de la femme.<\/p>\n<p>\u00ab\u00a0Aujourd&rsquo;hui, en tant que femme, tu peux d\u00e9cider de la direction professionnelle que tu veux prendre, sans pour autant que le mari ou les parents s&rsquo;interposent\u00a0\u00bb, dit Mme Doumbouya.\u00a0<\/p>\n<p>Dans le projet de nouvelle Constitution, il\u00a0est aussi d\u00e9sormais interdit de marier les filles de moins de 16 ans et la scolarisation devient obligatoire et grauite.<\/p>\n<p>Masaran Di\u00e9mory Kouyat\u00e9 dirige le Haut Conseil des Guin\u00e9ens \u00e9tablis \u00e0 l\u2019\u00e9tranger. Il estime qu\u2019il serait bon de traduire le document dans la langue des pays d\u2019accueil. En allemand par exemple, pour des enfants n\u00e9s en Allemagne.<\/p>\n<p>\u00ab\u00a0Nous nous battons justement dans notre pays d&rsquo;accueil pour transmettre ces valeurs. Et nos enfants s&rsquo;int\u00e9ressent de plus en plus \u00e0 notre pays d\u2019origine, \u00e0 sa politique, \u00e0 sa soci\u00e9t\u00e9\u2026 Donc il est tr\u00e8s important qu&rsquo;ils connaissent quelles sont les lois qui vont r\u00e9gir le pays\u00a0\u00bb, inssite-t-il.\u00a0<\/p>\n<p>Ecoutez le reportage \u00e0 Berlin<\/p>\n<p class=\"vjs-no-js\">To play this audio please enable JavaScript, and consider upgrading to a web browser that <a href=\"https:\/\/videojs.com\/html5-video-support\/\" rel=\"noopener noreferrer nofollow\" target=\"_blank\">supports HTML5 audio<\/a><\/p>\n<p>La question de la double nationalit\u00e9<\/p>\n<p>Pour Moussa Mara, ceux qui souhaitent diriger la Guin\u00e9e doivent \u00eatre exclusivement de nationalit\u00e9 guin\u00e9enne. Or, le projet de nouvelle Constitution n\u2019exclut plus la double nationalit\u00e9 pour \u00eatre pr\u00e9sident de la R\u00e9publique.<\/p>\n<p>\u00ab\u00a0Que personne ne vienne nous emb\u00eater, si tu es candidat \u00e0 quelque chose, que tu sois Guin\u00e9en et purement Guin\u00e9en, de parents guin\u00e9ens, de maman guin\u00e9enne. Guineo-fran\u00e7ais, \u00e7a marche pas chez nous. Comme si on adopte \u00e7a, on va l\u00e9ser les autres qui sont l\u00e0-bas, qui n\u2019ont pas de parents. Voil\u00e0, fran\u00e7ais ou je ne sais quoi et tout \u00e7a. Je voudrais me limiter l\u00e0 tout en vous disant encore une fois merci\u00a0\u00bb.<\/p>\n<p>Parmi les autres dispositions qui concernent la diaspora, il y a la repr\u00e9sentativit\u00e9 de celle-ci \u00e0 l\u2019Assembl\u00e9e nationale et au S\u00e9nat.\u00a0 Aliou Barry, ambassadeur de Guin\u00e9e en Allemagne.<\/p>\n<p>\u00ab\u00a0Ce qui d\u00e9note tr\u00e8s clairement de la volont\u00e9 du chef de l&rsquo;\u00c9tat d&rsquo;associer la diaspora \u00e0 la prise des d\u00e9cisions concernant la vie nationale en R\u00e9publique de <a class=\"internal-link\" href=\"https:\/\/www.dw.com\/fr\/guinee-monnaie-manque-liquidite-banque-centrale-conakry\/a-73280914\" rel=\"nofollow noopener\" target=\"_blank\">Guin\u00e9e<\/a>.\u00a0 C&rsquo;est pourquoi vous avez entendu tout \u00e0 l&rsquo;heure au sein de la Communaut\u00e9 que c&rsquo;est une Constitution qui nous ressemble, qui nous parle et qui nous rassemble.\u00a0\u00bb<\/p>\n<p><img data-format=\"MASTER_LANDSCAPE\" data-id=\"70934555\" data-url=\"https:\/\/static.dw.com\/image\/70934555_${formatId}.jpg\" data-aspect-ratio=\"16\/9\" alt=\"Mouvement de joie des activistes \u00e0 Conakry en 2021. \" style=\"padding-bottom: 56.25%; height: 0; max-height: 0;\"\/>L&rsquo;opposition politique d\u00e9nonce une confiscation du pouvoir par les militaires.Image : Cellou Binani\/AFP<\/p>\n<p>Autres innovations<\/p>\n<p>Le projet de nouvelle Constitution fait appara\u00eetre d&rsquo;autres nouveaut\u00e9s comme la dur\u00e9e du mandat pr\u00e9sidentiel\u00a0qui passe de cinq \u00e0 sept ans &#8211; renouvelable une fois -, ainsi que la cr\u00e9ation d\u2019une Cour sp\u00e9ciale de justice charg\u00e9e de juger le chef de l\u2019\u00c9tat et les ministres pour des faits de haute trahison.\u00a0<\/p>\n<p><a class=\"internal-link\" href=\"https:\/\/www.dw.com\/fr\/guinee-transition-mamadi-doumbouya-anad-projet-nouvelle-constitution-ufdg-conakry\/a-70002681\" rel=\"nofollow noopener\" target=\"_blank\">L\u2019opposition<\/a> rejette le document qu\u2019elle qualifie de non consensuel. C&rsquo;est dans ce contexte que les Guin\u00e9ens sont appel\u00e9s aux urnes le 21 septembre prochain pour approuver ou non le projet de nouvelle Constitution, \u00e9tape cruciale\u00a0avant l\u2019organisation <a class=\"internal-link\" href=\"https:\/\/www.dw.com\/fr\/guinee-elections-doumbouya-opposition\/a-72532306\" rel=\"nofollow noopener\" target=\"_blank\">des \u00e9lections<\/a> pr\u00e9sidentielle et l\u00e9gislatives. Celles-ci mettront fin \u00e0 une p\u00e9riode de transition entam\u00e9e le 5 septembre 2021.<\/p>\n","protected":false},"excerpt":{"rendered":"\u00ab\u00a0Au nom de la R\u00e9publique de Guin\u00e9e, j&rsquo;ai l&rsquo;honneur de vous remettre ce projet de Constitution \u00e0 faire&hellip;\n","protected":false},"author":2,"featured_media":295145,"comment_status":"","ping_status":"","sticky":false,"template":"","format":"standard","meta":{"footnotes":""},"categories":[1587],"tags":[11,672,1804,1805,1803,1777,674,1801,12,1802],"class_list":{"0":"post-295144","1":"post","2":"type-post","3":"status-publish","4":"format-standard","5":"has-post-thumbnail","7":"category-allemagne","8":"tag-actualites","9":"tag-allemagne","10":"tag-bundesrepublik-deutschland","11":"tag-de","12":"tag-deutschland","13":"tag-eu","14":"tag-europe","15":"tag-germany","16":"tag-news","17":"tag-republique-federale-dallemagne"},"share_on_mastodon":{"url":"https:\/\/pubeurope.com\/@fr\/114969123477598219","error":""},"_links":{"self":[{"href":"https:\/\/www.europesays.com\/fr\/wp-json\/wp\/v2\/posts\/295144","targetHints":{"allow":["GET"]}}],"collection":[{"href":"https:\/\/www.europesays.com\/fr\/wp-json\/wp\/v2\/posts"}],"about":[{"href":"https:\/\/www.europesays.com\/fr\/wp-json\/wp\/v2\/types\/post"}],"author":[{"embeddable":true,"href":"https:\/\/www.europesays.com\/fr\/wp-json\/wp\/v2\/users\/2"}],"replies":[{"embeddable":true,"href":"https:\/\/www.europesays.com\/fr\/wp-json\/wp\/v2\/comments?post=295144"}],"version-history":[{"count":0,"href":"https:\/\/www.europesays.com\/fr\/wp-json\/wp\/v2\/posts\/295144\/revisions"}],"wp:featuredmedia":[{"embeddable":true,"href":"https:\/\/www.europesays.com\/fr\/wp-json\/wp\/v2\/media\/295145"}],"wp:attachment":[{"href":"https:\/\/www.europesays.com\/fr\/wp-json\/wp\/v2\/media?parent=295144"}],"wp:term":[{"taxonomy":"category","embeddable":true,"href":"https:\/\/www.europesays.com\/fr\/wp-json\/wp\/v2\/categories?post=295144"},{"taxonomy":"post_tag","embeddable":true,"href":"https:\/\/www.europesays.com\/fr\/wp-json\/wp\/v2\/tags?post=295144"}],"curies":[{"name":"wp","href":"https:\/\/api.w.org\/{rel}","templated":true}]}}