{"id":295156,"date":"2025-08-04T06:44:19","date_gmt":"2025-08-04T06:44:19","guid":{"rendered":"https:\/\/www.europesays.com\/fr\/295156\/"},"modified":"2025-08-04T06:44:19","modified_gmt":"2025-08-04T06:44:19","slug":"pavon-perez-rozner-cest-quoi-la-suite-pour-les-trois-francais-du-pga-tour","status":"publish","type":"post","link":"https:\/\/www.europesays.com\/fr\/295156\/","title":{"rendered":"Pavon, Perez, Rozner&#8230; C&rsquo;est quoi la suite pour les trois Fran\u00e7ais du PGA Tour ?"},"content":{"rendered":"<p>\t\t\t\t\t\t<img width=\"770\" height=\"556\" src=\"data:image\/svg+xml,%3Csvg%20xmlns=\" http:=\"\" class=\"img-responsive wp-post-image\" alt=\"golf pga-tour matthieu pavon victor perez antoine rozner \u00a9Getty\/AFP\" decoding=\"async\" fetchpriority=\"high\" data-lazy- data-lazy- data-lazy-src=\"https:\/\/www.europesays.com\/fr\/wp-content\/uploads\/2025\/08\/golf-pga-tour-matthieu-pavon-victor-perez-antoine-rozner-770x556.png\"\/>\t\t\t\t\t<\/p>\n<p>\t\t\t\t\t\t Partager cet article <\/p>\n<p class=\"screen-reader-text juiz_sps_maybe_hidden_text\">Partager la publication \u00ab\u00a0Pavon, Perez, Rozner\u2026 C\u2019est quoi la suite pour les trois Fran\u00e7ais du PGA Tour  ?\u00a0\u00bb<\/p>\n<p><strong>\u00c0 l\u2019heure des Playoffs de la FedEx Cup pour lesquels ils n\u2019ont pas r\u00e9ussi \u00e0 se qualifier, l\u2019avenir des Fran\u00e7ais s\u2019inscrit en pointill\u00e9s sur le PGA Tour. Les prochains mois \u00eatre synonymes de choix entre les tournois du DP World Tour et ceux des FedExCup Fall, avec l\u2019espoir de conserver une place sur le circuit am\u00e9ricain en 2026.<\/strong><\/p>\n<p>\t\t\t\t\t<a id=\"177181\" href=\"http:\/\/charleskent-golf.com\/andalucia-majors\/\" target=\"_blank\" rel=\"sponsorised nofollow noopener\"><img decoding=\"async\" src=\"data:image\/svg+xml,%3Csvg%20xmlns=\" http:=\"\" class=\"img-responsive\" alt=\"\" data-lazy-src=\"https:\/\/www.europesays.com\/fr\/wp-content\/uploads\/2025\/06\/charleskent-e03-andalucia-majors-1170x275-1.gif\"\/><\/a><\/p>\n<p>Alors que la saison r\u00e9guli\u00e8re du <strong>PGA Tour<\/strong> 2025 vient de s\u2019achever, les joueurs fran\u00e7ais \u2014 dont <strong>Matthieu Pavon<\/strong>, <strong>Victor Perez<\/strong> et <strong>Antoine Rozner<\/strong> \u2014 s\u2019appr\u00eatent \u00e0 vivre un automne d\u00e9terminant pour leur avenir.<\/p>\n<p>Seul certitude Matthieu Pavon sera sur le circuit am\u00e9ricain en 2026, son exemption obtenue gr\u00e2ce \u00e0 sa victoire historique au <strong>Farmers Insurance Open<\/strong> l\u2019an pass\u00e9 court jusqu\u2019\u00e0 la fin de l\u2019ann\u00e9e prochaine. B\u00e9mol cependant il\u00a0ne figure plus parmi les joueurs disposant d\u2019une place garantie au d\u00e9part des Signature Events \u2013 comme ce fut le cas en 2025.<\/p>\n<p>Ajoutons \u00e0 cela que le Bordelais 166e de la FedEx Cup \u00e0 l\u2019issue de la saison r\u00e9guli\u00e8re n\u2019est pour le moment pas qualifi\u00e9 pour les quatre majeurs de la saison 2026.<\/p>\n<p>\t\t\t\t\t<a id=\"181452\" href=\"https:\/\/www.fourseasonsmegevecollectionproam.com\/\" target=\"_blank\" rel=\"sponsorised nofollow noopener\"><img decoding=\"async\" src=\"data:image\/svg+xml,%3Csvg%20xmlns=\" http:=\"\" class=\"img-responsive\" alt=\"\" data-lazy-src=\"https:\/\/www.europesays.com\/fr\/wp-content\/uploads\/2025\/08\/swing-e05-proam-megeve25-1170x275-1.gif\"\/><\/a><br \/>\nPerez et Rozner dos au mur<\/p>\n<p>Pour Victor Perez et Antoine Rozner l\u2019\u00e9quation est simple. Class\u00e9s respectivement 109e et 144e ils doivent imp\u00e9rativement remonter dans le top 100 de la FedEx Cup au soir du RSM Classic (le 23 novembre) pour conserver leur droit de jeu sur le PGA Tour en 2026.<\/p>\n<p><a href=\"https:\/\/www.golfplanete.com\/actualites\/de-gros-changements-en-vue-sur-le-pga-tour-pour-un-circuit-plus-ferme\/\" rel=\"nofollow noopener\" target=\"_blank\">La barre a r\u00e9cemment \u00e9t\u00e9 abaiss\u00e9e selon le nouveau r\u00e8glement<\/a> \u2014125 meilleurs auparavant.\u00a0<\/p>\n<p>\t\t\t\t\t<a id=\"181442\" href=\"https:\/\/www.formigolf.fr\/voyage-pays~fairplay_golf__spa_resort_5etoiles_cadiz~199~espagne\" target=\"_blank\" rel=\"sponsorised nofollow noopener\"><img decoding=\"async\" src=\"data:image\/svg+xml,%3Csvg%20xmlns=\" http:=\"\" class=\"img-responsive\" alt=\"\" data-lazy-src=\"https:\/\/www.europesays.com\/fr\/wp-content\/uploads\/2025\/08\/formigolf-e08-andalousie-cadiz-1170x275-1.gif\"\/><\/a><\/p>\n<p>Ils disposent des sept tournois des FedExCup Fall pour y parvenir.<\/p>\n<p>Un tournoi en septembre (<strong>Procore<\/strong> <strong>Championship<\/strong> du 11 au 14), trois en octobre (<strong>Sanderson<\/strong> <strong>Farms<\/strong> <strong>Championship<\/strong> du 2 au 5, <strong>Baycurrent<\/strong> <strong>Classic<\/strong> au Japon du 9 au 12, et <strong>Bank<\/strong> <strong>Of<\/strong> <strong>Utah<\/strong> <strong>Championship<\/strong> du 23 au 26), et trois en novembre (<strong>World Wide Technology Championship<\/strong> au Mexique du 6 au 9, <strong>Butterfield Bermuda Championship<\/strong> du 13 au 16 et <strong>RSM<\/strong> <strong>Classic<\/strong> du 20 au 23).\u00a0<\/p>\n<p>Point positif la concurrence y est moins rude puisque la plupart des joueurs du top 50 de la FedEx Cup n\u2019y prennent pas part.<\/p>\n<p>\t\t\t\t<img loading=\"lazy\" decoding=\"async\" src=\"data:image\/svg+xml,%3Csvg%20xmlns=\" http:=\"\" attributionsrc=\"\" border=\"0\" height=\"1\" width=\"1\" alt=\"Advertisement\" data-lazy-src=\"https:\/\/www.europesays.com\/fr\/wp-content\/uploads\/2025\/08\/B33661776.421948095;dc_trk_aid=614321628;dc_trk_cid=235413172;ord=[timestamp];dc_lat=;dc_rdid=;tag_f.gif\"\/><\/p>\n<p>\t\t\t\t\t<a id=\"174697\" href=\"https:\/\/ad.doubleclick.net\/ddm\/trackclk\/N6600.3770024GOLFPLANATE\/B33661776.421948095;dc_trk_aid=614321628;dc_trk_cid=235413172;dc_lat=;dc_rdid=;tag_for_child_directed_treatment=;tfua=;gdpr=${GDPR};gdpr_consent=${GDPR_CONSENT_755};ltd=;dc_tdv=1\" target=\"_blank\" rel=\"sponsorised nofollow noopener\"><img decoding=\"async\" src=\"data:image\/svg+xml,%3Csvg%20xmlns=\" http:=\"\" class=\"img-responsive\" alt=\"\" data-lazy-src=\"https:\/\/www.europesays.com\/fr\/wp-content\/uploads\/2025\/06\/amundi-e01-retraite-2506-1170x275-1.jpg\"\/><\/a><br \/>\nLes Signature Events en pointill\u00e9<\/p>\n<p>D\u2019autre part une victoire reste synonyme d\u2019exemption de deux ans, comme dans un tournoi de la saison r\u00e9guli\u00e8re elle rapporte toujours 500 points FedEx et s\u2019accompagne de qualification au PLAYERS, au Sentry et dans les majeurs qui r\u00e9compensent les vainqueurs de tournoi du grand circuit am\u00e9ricain.<\/p>\n<p>Seul un succ\u00e8s dans une de ces \u00e9preuves de rattrapage garantirait \u00e9galement aux tricolores d\u2019acc\u00e9der aux prestigieux Signature Events de 2026.<\/p>\n<p>Si Perez et Rozner sauvent leur place sur le PGA Tour 2026, ils seront peu ou prou dans le m\u00eame cas de figure que Matthieu Pavon. Pour tenter de d\u00e9crocher des participations dans les lucratifs Signature Event il faudra briller dans les mini classements.<\/p>\n<p>Le Aon Next 10 qui s\u2019\u00e9tablit sur toute la saison et r\u00e9compense les 10 meilleurs au classement de la FedEx Cup non exempt\u00e9s par ailleurs.<\/p>\n<p>Le Aon Swing 5 pour les 5 meilleurs au classement de la FedEx Cup entre deux Signature Events.<\/p>\n<p>M\u00eame si c\u2019est possible \u2013 Victor Perez l\u2019a fait en 2024 <a href=\"https:\/\/www.golfplanete.com\/actualites\/victor-perez-rentrer-sur-un-signature-event-cest-un-point-enorme\/\" rel=\"nofollow noopener\" target=\"_blank\">apr\u00e8s une troisi\u00e8me place au RBC Canadian Open<\/a> il avait obtenu une place au d\u00e9part du Memorial Tournament \u2013 c\u2019est loin d\u2019\u00eatre \u00e9vident.<\/p>\n<p>\t\t\t\t\t<a id=\"180479\" href=\"https:\/\/www.swing.fr\/voyage\/35-14eme-edition-des-doubles-gosset-by-beachcomber\" target=\"_blank\" rel=\"sponsorised nofollow noopener\"><img decoding=\"async\" src=\"data:image\/svg+xml,%3Csvg%20xmlns=\" http:=\"\" class=\"img-responsive\" alt=\"\" data-lazy-src=\"https:\/\/www.europesays.com\/fr\/wp-content\/uploads\/2025\/07\/beachcomber-e01-doubles-gosset-26-1170x275-1.jpg\"\/><\/a><br \/>\nUn retour en Europe ?<\/p>\n<p>En cas d\u2019\u00e9chec un retour sur le DP World Tour se profile donc. Mais l\u00e0 aussi il va falloir cravacher pour esp\u00e9rer jouer les meilleurs tournois.<\/p>\n<p>Antoine Rozner, a par exemple, inscrit \u00e0 son calendrier l\u2019<strong>Omega European Masters<\/strong> (28-31 ao\u00fbt), le <strong>BMW PGA Championship<\/strong> (11-14 septembre) et le <strong>FedEx Open de France<\/strong> (18-21 septembre). Le Parisien ne jouera donc pas le <strong>Procore Championship<\/strong> programm\u00e9 au m\u00eame moment que l\u2019incontournable rendez-vous de <strong>Wentworth<\/strong>, premier des sept tournois des FedExCup Fall et ne d\u00e9butera sa campagne que d\u00e9but octobre au <strong>Sanderson Championship<\/strong> (2-5 octobre).<\/p>\n<p>Le programme de Pavon pr\u00e9voit aussi un passage par la France pour la 109e \u00e9dition de l\u2019Open National. Il devrait aussi se rendre deuxi\u00e8me semaine de septembre en Angleterre pour le tournoi phare du DP World Tour auquel participera certainement Victor Perez, <a href=\"https:\/\/www.golfplanete.com\/actualites\/victoire-historique-de-victor-perez-en-rolex-series\/\" rel=\"nofollow noopener\" target=\"_blank\">le seul tricolore ayant d\u00e9croch\u00e9 une victoire dans ces prestigieux Rolex Series.<\/a><\/p>\n<p>Photo : Vaughn Ridley \/ Getty Images via AFP<\/p>\n","protected":false},"excerpt":{"rendered":"Partager cet article Partager la publication \u00ab\u00a0Pavon, Perez, Rozner\u2026 C\u2019est quoi la suite pour les trois Fran\u00e7ais du&hellip;\n","protected":false},"author":2,"featured_media":295157,"comment_status":"","ping_status":"","sticky":false,"template":"","format":"standard","meta":{"footnotes":""},"categories":[1418],"tags":[1011,27,1472,60],"class_list":{"0":"post-295156","1":"post","2":"type-post","3":"status-publish","4":"format-standard","5":"has-post-thumbnail","7":"category-golf","8":"tag-fr","9":"tag-france","10":"tag-golf","11":"tag-sports"},"share_on_mastodon":{"url":"https:\/\/pubeurope.com\/@fr\/114969147071540665","error":""},"_links":{"self":[{"href":"https:\/\/www.europesays.com\/fr\/wp-json\/wp\/v2\/posts\/295156","targetHints":{"allow":["GET"]}}],"collection":[{"href":"https:\/\/www.europesays.com\/fr\/wp-json\/wp\/v2\/posts"}],"about":[{"href":"https:\/\/www.europesays.com\/fr\/wp-json\/wp\/v2\/types\/post"}],"author":[{"embeddable":true,"href":"https:\/\/www.europesays.com\/fr\/wp-json\/wp\/v2\/users\/2"}],"replies":[{"embeddable":true,"href":"https:\/\/www.europesays.com\/fr\/wp-json\/wp\/v2\/comments?post=295156"}],"version-history":[{"count":0,"href":"https:\/\/www.europesays.com\/fr\/wp-json\/wp\/v2\/posts\/295156\/revisions"}],"wp:featuredmedia":[{"embeddable":true,"href":"https:\/\/www.europesays.com\/fr\/wp-json\/wp\/v2\/media\/295157"}],"wp:attachment":[{"href":"https:\/\/www.europesays.com\/fr\/wp-json\/wp\/v2\/media?parent=295156"}],"wp:term":[{"taxonomy":"category","embeddable":true,"href":"https:\/\/www.europesays.com\/fr\/wp-json\/wp\/v2\/categories?post=295156"},{"taxonomy":"post_tag","embeddable":true,"href":"https:\/\/www.europesays.com\/fr\/wp-json\/wp\/v2\/tags?post=295156"}],"curies":[{"name":"wp","href":"https:\/\/api.w.org\/{rel}","templated":true}]}}