{"id":295158,"date":"2025-08-04T06:46:12","date_gmt":"2025-08-04T06:46:12","guid":{"rendered":"https:\/\/www.europesays.com\/fr\/295158\/"},"modified":"2025-08-04T06:46:12","modified_gmt":"2025-08-04T06:46:12","slug":"du-csbj-a-bayonne-de-romans-au-fcg-gaetan-germain-raconte-sa-carriere-xxl","status":"publish","type":"post","link":"https:\/\/www.europesays.com\/fr\/295158\/","title":{"rendered":"du CSBJ \u00e0 Bayonne, de Romans au FCG, Ga\u00ebtan Germain raconte sa carri\u00e8re XXL"},"content":{"rendered":"<p>                            US Romans-P\u00e9age (2006-2007)<\/p>\n<p>\u00ab\u00a0J\u2019ai fait une saison en cadets apr\u00e8s avoir jou\u00e9 au foot, et j\u2019ai tout de suite pris beaucoup de plaisir. C\u2019est un club et un maillot qui ont une place particuli\u00e8re dans mon c\u0153ur, car quand j\u2019\u00e9tais petit j\u2019allais voir jouer mon papa (Thierry, ndlr).<\/p>\n<p>En fin de saison j\u2019ai \u00e9t\u00e9 appel\u00e9 en \u00e9quipe de France U17, et j\u2019ai particip\u00e9 \u00e0 la tourn\u00e9e en Argentine et au Chili. J\u2019avais 15-16 ans, j\u2019\u00e9tais le petit qui partait loin de chez lui et j\u2019\u00e9tais un peu perdu, c\u2019\u00e9tait long et dans le groupe il n\u2019y avait que des Toulousains et des Toulonnais (rires)\u00a0! \u00c0 l\u2019\u00e9poque, je n\u2019avais pas du&#8230;<\/p>\n","protected":false},"excerpt":{"rendered":"US Romans-P\u00e9age (2006-2007) \u00ab\u00a0J\u2019ai fait une saison en cadets apr\u00e8s avoir jou\u00e9 au foot, et j\u2019ai tout de&hellip;\n","protected":false},"author":2,"featured_media":295159,"comment_status":"","ping_status":"","sticky":false,"template":"","format":"standard","meta":{"footnotes":""},"categories":[1416],"tags":[12919,13047,17598,2730,115,112,2737,2727,1011,27,2731,2732,108,2308,2736,479,1468,517,1947,60,478,2728],"class_list":{"0":"post-295158","1":"post","2":"type-post","3":"status-publish","4":"format-standard","5":"has-post-thumbnail","7":"category-rugby","8":"tag-bourgoin-jallieu","9":"tag-bourgoin-jallieu-bassin","10":"tag-csbj-cs-bourgoin-jallieu","11":"tag-drome","12":"tag-edition-bourgoin-jallieu-nord-dauphine","13":"tag-edition-grenoble-agglomeration","14":"tag-edition-romans-nord-drome","15":"tag-fcg-fc-grenoble-rugby","16":"tag-fr","17":"tag-france","18":"tag-grenoble","19":"tag-grenoble-bassin","20":"tag-isere","21":"tag-pro-d2","22":"tag-romans-sur-isere","23":"tag-rugby","24":"tag-rugby-football","25":"tag-sport","26":"tag-sport-national","27":"tag-sports","28":"tag-top-14","29":"tag-vrdr-valence-romans-drome-rugby"},"share_on_mastodon":{"url":"https:\/\/pubeurope.com\/@fr\/114969154972918166","error":""},"_links":{"self":[{"href":"https:\/\/www.europesays.com\/fr\/wp-json\/wp\/v2\/posts\/295158","targetHints":{"allow":["GET"]}}],"collection":[{"href":"https:\/\/www.europesays.com\/fr\/wp-json\/wp\/v2\/posts"}],"about":[{"href":"https:\/\/www.europesays.com\/fr\/wp-json\/wp\/v2\/types\/post"}],"author":[{"embeddable":true,"href":"https:\/\/www.europesays.com\/fr\/wp-json\/wp\/v2\/users\/2"}],"replies":[{"embeddable":true,"href":"https:\/\/www.europesays.com\/fr\/wp-json\/wp\/v2\/comments?post=295158"}],"version-history":[{"count":0,"href":"https:\/\/www.europesays.com\/fr\/wp-json\/wp\/v2\/posts\/295158\/revisions"}],"wp:featuredmedia":[{"embeddable":true,"href":"https:\/\/www.europesays.com\/fr\/wp-json\/wp\/v2\/media\/295159"}],"wp:attachment":[{"href":"https:\/\/www.europesays.com\/fr\/wp-json\/wp\/v2\/media?parent=295158"}],"wp:term":[{"taxonomy":"category","embeddable":true,"href":"https:\/\/www.europesays.com\/fr\/wp-json\/wp\/v2\/categories?post=295158"},{"taxonomy":"post_tag","embeddable":true,"href":"https:\/\/www.europesays.com\/fr\/wp-json\/wp\/v2\/tags?post=295158"}],"curies":[{"name":"wp","href":"https:\/\/api.w.org\/{rel}","templated":true}]}}