{"id":295162,"date":"2025-08-04T06:49:11","date_gmt":"2025-08-04T06:49:11","guid":{"rendered":"https:\/\/www.europesays.com\/fr\/295162\/"},"modified":"2025-08-04T06:49:11","modified_gmt":"2025-08-04T06:49:11","slug":"motogp-quand-les-visieres-detachables-deviennent-une-bombe-a-retardement-sur-la-grille-de-depart","status":"publish","type":"post","link":"https:\/\/www.europesays.com\/fr\/295162\/","title":{"rendered":"MotoGP : quand les visi\u00e8res d\u00e9tachables deviennent une bombe \u00e0 retardement sur la grille de d\u00e9part"},"content":{"rendered":"<p><strong>Les d\u00e9parts en MotoGP sont d\u00e9j\u00e0 un champ de mines :<br \/>\nmoteurs au rupteur, pilotes sous tension, pneus froids\u2026 Et<br \/>\npourtant, un d\u00e9tail absurde continue de mettre tout le monde en<br \/>\ndanger : les visi\u00e8res tear-off arrach\u00e9es \u00e0 la derni\u00e8re<br \/>\nseconde.<\/strong><\/p>\n<p>Malgr\u00e9 la vitesse supersonique des d\u00e9parts et la technologie<br \/>\nembarqu\u00e9e des MotoGP, les visi\u00e8res plastiques que les pilotes<br \/>\narrachent de leur casque deviennent des projectiles au sol. Et<br \/>\nquand l\u2019une d\u2019elles finit sous un pneu arri\u00e8re, l\u2019adh\u00e9rence devient<br \/>\nune loterie. R\u00e9sultat ? Des d\u00e9parts chaotiques, des pertes de<br \/>\ncontr\u00f4le, et une col\u00e8re sourde qui monte dans le paddock.<\/p>\n<p><a href=\"https:\/\/www.paddock-gp.com\/motogp-jack-miller-deja-condamne-lequipe-en-veut-encore-pour-le-mans-ils-le-lui-rappellent-chaque-jour-mais-qui-a-dit-ca\/\" rel=\"nofollow noopener\" target=\"_blank\"><br \/>\n<strong>Jack Miller<\/strong><\/a>, jamais le dernier pour dire ce<br \/>\nqu\u2019il pense, a v\u00e9cu le probl\u00e8me de plein fouet lors du Sprint du<br \/>\nSachsenring. Sa <strong>Yamaha<\/strong> a perdu de l\u2019adh\u00e9rence au<br \/>\nd\u00e9part \u2014 cause probable : une visi\u00e8re tear-off pi\u00e9g\u00e9e sous le<br \/>\npneu.<\/p>\n<p>M\u00eame les plus grands trinquent. L\u2019an dernier en Australie,<br \/>\n<a href=\"https:\/\/www.paddock-gp.com\/motogp-2026-ducati-ne-pourra-sauver-pecco-bagnaia-que-si-marc-marquez-y-met-du-sien\/\" rel=\"nofollow noopener\" target=\"_blank\"><br \/>\n<strong>Marc Marquez<\/strong><\/a> a vu l\u2019arri\u00e8re de sa<br \/>\n<strong>Ducati<\/strong> d\u00e9crocher sans pr\u00e9venir. En cause ? Sa<br \/>\npropre visi\u00e8re tear-off, catapult\u00e9e sous la roue arri\u00e8re apr\u00e8s le<br \/>\ntour de formation. Il a \u00e9vit\u00e9 la chute d\u2019extr\u00eame justesse, mais<br \/>\nl\u2019incident aurait pu d\u00e9g\u00e9n\u00e9rer.<\/p>\n<p>\u00ab Il suffit d\u2019imaginer une chute dans le paquet au premier<br \/>\nvirage\u2026 Ce serait le carnage \u00bb, s\u2019inqui\u00e8te un ing\u00e9nieur du<br \/>\npaddock.<\/p>\n<p><img decoding=\"async\" class=\"aligncenter\" src=\"https:\/\/www.europesays.com\/fr\/wp-content\/uploads\/2025\/08\/hq720.jpg\" alt=\"Marc Marquez SLIPS at Race Start, Makes Epic Comeback to Win Australian GP | \" tear=\"\" off=\"\" celebration=\"\"\/><\/p>\n<p><strong>Les visi\u00e8res d\u00e9tach\u00e9es sur<br \/>\nla grille agacent\u00a0: \u00ab\u00a0c\u2019est stupide. Le risque est<br \/>\n\u00e9norme\u00a0\u00bb<\/strong><\/p>\n<p><strong>Miller<\/strong> ne m\u00e2che pas ses mots : \u00ab certains<br \/>\npilotes arrachent une visi\u00e8re apr\u00e8s un seul tour de formation.<br \/>\n<strong>Franchement, \u00e0 quel point une visi\u00e8re peut-elle \u00eatre sale<br \/>\nen un tour ?<\/strong> \u00bb<\/p>\n<p>Pire, ces pilotes jettent la tear-off au sol juste avant le<br \/>\nd\u00e9part. Le vent se charge ensuite de semer le plastique sur la<br \/>\ngrille, directement dans la trajectoire des roues.<\/p>\n<p>\u00ab C\u2019est stupide. Le risque est \u00e9norme. <strong>Je ne<br \/>\ncomprends pas pourquoi il n\u2019y a toujours pas une r\u00e8gle claire pour<br \/>\nemp\u00eacher \u00e7a<\/strong>. \u00bb<\/p>\n<p>Il plaide pour une interdiction totale de retirer les tear-off<br \/>\napr\u00e8s le tour de formation. Car oui, le danger est r\u00e9el : perte de<br \/>\nmotricit\u00e9, accrochage avec un pilote mal lanc\u00e9, chute collective\u2026<br \/>\nTout \u00e7a pour une visi\u00e8re un peu plus propre ?<\/p>\n<p>La technologie <a href=\"https:\/\/www.motogp.com\/en\" rel=\"nofollow noopener\" target=\"_blank\">MotoGP<\/a><br \/>\nest en avance sur tout\u2026 sauf sur ce point grotesque. Tant qu\u2019aucune<br \/>\nr\u00e8gle stricte n\u2019est adopt\u00e9e, les pilotes joueront \u00e0 la roulette<br \/>\nrusse \u00e0 chaque d\u00e9part. Faudra-t-il un accident grave pour que \u00e7a<br \/>\nbouge ?<\/p>\n<p><img loading=\"lazy\" decoding=\"async\" class=\"aligncenter\" src=\"https:\/\/www.europesays.com\/fr\/wp-content\/uploads\/2025\/08\/images\" alt=\"Alex Marquez's eventful start in the Sprint \ud83d\ude2c Had to remove his brother's tear-off from the start box, an issue at the start and then contact with his teammate. #MotoGP #CzechGP\" width=\"513\" height=\"641\"\/><\/p>\n","protected":false},"excerpt":{"rendered":"Les d\u00e9parts en MotoGP sont d\u00e9j\u00e0 un champ de mines : moteurs au rupteur, pilotes sous tension, pneus&hellip;\n","protected":false},"author":2,"featured_media":295163,"comment_status":"","ping_status":"","sticky":false,"template":"","format":"standard","meta":{"footnotes":""},"categories":[1413],"tags":[1011,27,1457,1456,60],"class_list":{"0":"post-295162","1":"post","2":"type-post","3":"status-publish","4":"format-standard","5":"has-post-thumbnail","7":"category-moto","8":"tag-fr","9":"tag-france","10":"tag-moto","11":"tag-motocycle","12":"tag-sports"},"share_on_mastodon":{"url":"https:\/\/pubeurope.com\/@fr\/114969166744897473","error":""},"_links":{"self":[{"href":"https:\/\/www.europesays.com\/fr\/wp-json\/wp\/v2\/posts\/295162","targetHints":{"allow":["GET"]}}],"collection":[{"href":"https:\/\/www.europesays.com\/fr\/wp-json\/wp\/v2\/posts"}],"about":[{"href":"https:\/\/www.europesays.com\/fr\/wp-json\/wp\/v2\/types\/post"}],"author":[{"embeddable":true,"href":"https:\/\/www.europesays.com\/fr\/wp-json\/wp\/v2\/users\/2"}],"replies":[{"embeddable":true,"href":"https:\/\/www.europesays.com\/fr\/wp-json\/wp\/v2\/comments?post=295162"}],"version-history":[{"count":0,"href":"https:\/\/www.europesays.com\/fr\/wp-json\/wp\/v2\/posts\/295162\/revisions"}],"wp:featuredmedia":[{"embeddable":true,"href":"https:\/\/www.europesays.com\/fr\/wp-json\/wp\/v2\/media\/295163"}],"wp:attachment":[{"href":"https:\/\/www.europesays.com\/fr\/wp-json\/wp\/v2\/media?parent=295162"}],"wp:term":[{"taxonomy":"category","embeddable":true,"href":"https:\/\/www.europesays.com\/fr\/wp-json\/wp\/v2\/categories?post=295162"},{"taxonomy":"post_tag","embeddable":true,"href":"https:\/\/www.europesays.com\/fr\/wp-json\/wp\/v2\/tags?post=295162"}],"curies":[{"name":"wp","href":"https:\/\/api.w.org\/{rel}","templated":true}]}}