{"id":295170,"date":"2025-08-04T06:53:11","date_gmt":"2025-08-04T06:53:11","guid":{"rendered":"https:\/\/www.europesays.com\/fr\/295170\/"},"modified":"2025-08-04T06:53:11","modified_gmt":"2025-08-04T06:53:11","slug":"faites-vos-jeux-cyril-hanouna-lache-une-nouvelle-info-sur-tout-beau-tout-n9uf","status":"publish","type":"post","link":"https:\/\/www.europesays.com\/fr\/295170\/","title":{"rendered":"Faites vos jeux !\u00a0\u00bb, Cyril Hanouna l\u00e2che une nouvelle info sur \u00ab\u00a0Tout beau, tout n9uf"},"content":{"rendered":"<p>      R\u00e9sum\u00e9<\/p>\n<p>Cyril Hanouna pr\u00e9pare le retour de \u00ab\u00a0Tout beau, tout n9uf\u00a0\u00bb avec un plateau de 9 chroniqueurs m\u00ealant anciens et nouveaux visages, dont des personnalit\u00e9s issues de la politique et des m\u00e9dias.<\/p>\n<p>        Sommaire<\/p>\n<p>C&rsquo;est officiel ! Dans quelques semaines, <a href=\"https:\/\/www.public.fr\/tag\/cyril-hanouna\" target=\"_blank\" rel=\"noopener\"><strong>Cyril<\/strong> <strong>Hanouna<\/strong><\/a> fera son grand retour sur le petit \u00e9cran. \u00c0 cette occasion, le trublion du PAF a donc choisi de d\u00e9voiler, chaque jour, <strong>une info exclusive sur sa nouvelle \u00e9mission.<\/strong><\/p>\n<p>\u00ab\u00a0Les ch\u00e9ris, demain, on sera \u00e0 30 jours pile de la premi\u00e8re de TBT9 sur W9 \u00e0 18\u00a0h\u00a045 ! Je ne vous cache pas que je suis trop heureux de vous retrouver et trop impatient ! \u00c0 partir de demain, je vous donnerai tous les jours \u00e0 18\u00a0h\u00a045 une info sur l&rsquo;\u00e9mission\u00a0\u00bb, a-t-il \u00e9crit sur <a href=\"https:\/\/x.com\/Cyrilhanouna\" target=\"_blank\" rel=\"noreferrer noopener\">son compte X<\/a> (anciennement Twitter).<\/p>\n<p>Comme pr\u00e9vu, l&rsquo;animateur vedette s&rsquo;est donc empar\u00e9 de ses r\u00e9seaux sociaux ce dimanche 3 ao\u00fbt 2025 pour donner la premi\u00e8re information.<\/p>\n<p>Et selon lui, \u00ab\u00a0<strong>il y aura comme avant pour d\u00e9marrer <a href=\"https:\/\/www.public.fr\/cyril-hanouna-un-mois-avant-le-grand-retour-deux-chroniqueurs-le-plantent\" target=\"_blank\" rel=\"noopener\">9 chroniqueurs \u00e0 la table<\/a>. Parmi ces 9 il y aura 5 &lsquo;anciens&rsquo; et 4 nouveaux. Faites vos jeux<\/strong>\u00ab\u00a0. Une publication qui a suscit\u00e9 de vives r\u00e9actions. <\/p>\n<blockquote class=\"twitter-tweet\">\n<p>Mes ch\u00e9ris! J-30 avant la 1ere sur <a href=\"https:\/\/twitter.com\/W9?ref_src=twsrc%5Etfw\" target=\"_blank\" rel=\"noopener\">@w9<\/a> \u00e0 18h45! Petite info il y aura comme avant pour d\u00e9marrer 9 chroniqueurs \u00e0 la table. Parmi ces 9 il y aura 5 \u00ab\u00a0anciens\u00a0\u00bbet 4 nouveaux <br \/>Faites vos jeux \ud83d\ude18<br \/>Je vous aime fort vous me manquez! 30 jours j arrive pas \u00e0 y croire!\ud83d\ude48\u2764\ufe0f<\/p>\n<p>\u2014 Cyril Hanouna (@Cyrilhanouna) <a href=\"https:\/\/twitter.com\/Cyrilhanouna\/status\/1952049075307876809?ref_src=twsrc%5Etfw\" target=\"_blank\" rel=\"noopener\">August 3, 2025<\/a><\/p><\/blockquote>\n<p>De nouveaux visages dans Tout beau, tout n9uf<\/p>\n<p>D&rsquo;apr\u00e8s les informations de\u00a0CGTV,\u00a0<strong>Marl\u00e8ne Schiappa<\/strong>\u00a0ferait bel et bien partie des nouvelles recrues du programme. Elle aurait, selon lui, donn\u00e9 son accord pour rejoindre le projet. L&rsquo;ancienne ministre de l&rsquo;\u00c9galit\u00e9 entre les femmes et les hommes pourrait ainsi faire ses premiers pas dans le monde du divertissement. <\/p>\n<p>Autre surprise :\u00a0<strong>Shana Loustau<\/strong>, journaliste politique sur CNews, aurait choisi de quitter la cha\u00eene qui l&rsquo;a r\u00e9v\u00e9l\u00e9e pour relever un nouveau d\u00e9fi aux c\u00f4t\u00e9s de Cyril Hanouna.<\/p>\n<p>Concernant les potentielles nouvelles t\u00eates, plusieurs noms circulent, dont ceux de\u00a0<strong>Tha\u00efs Gauchkarian, Jade Leboeuf, et Loanne Ananas<\/strong>. Toutes trois devraient \u00eatre test\u00e9es lors du tournage du pilote.<\/p>\n<p>Kelly Vedovelli bient\u00f4t de retour aux c\u00f4t\u00e9s de Cyril Hanouna ?<\/p>\n<p>Enfin, qu&rsquo;en est-il des anciens ? Eh bien, sachez que <a href=\"https:\/\/www.public.fr\/hate-de-vous-divertir-a-la-rentree-kelly-vedovelli-presente-dans-la-nouvelle-emission-de-cyril-hanouna-apres-leur-rupture\" target=\"_blank\" rel=\"noopener\">la derni\u00e8re publication de <strong>Kelly Vedovelli<\/strong> fait jaser<\/a>. \u00ab\u00a0H\u00e2te de\u00a0vous divertir \u00e0 la rentr\u00e9e. Pour le moment, je me repose le cerveau et je note\u00a0\u00bb, a-t-elle r\u00e9cemment \u00e9crit en story Instagram. <\/p>\n<p>Une fa\u00e7on bien \u00e0 elle d&rsquo;annoncer son come-back \u00e0 la table des chroniqueurs ? Affaire \u00e0 suivre&#8230; Et de tr\u00e8s pr\u00e8s !<\/p>\n<p>      Mentionn\u00e9s dans cet article<\/p>\n<p>      Sur le m\u00eame sujet<\/p>\n<p>  <script async src=\"https:\/\/platform.twitter.com\/widgets.js\" charset=\"utf-8\"><\/script><\/p>\n","protected":false},"excerpt":{"rendered":"R\u00e9sum\u00e9 Cyril Hanouna pr\u00e9pare le retour de \u00ab\u00a0Tout beau, tout n9uf\u00a0\u00bb avec un plateau de 9 chroniqueurs m\u00ealant&hellip;\n","protected":false},"author":2,"featured_media":295171,"comment_status":"","ping_status":"","sticky":false,"template":"","format":"standard","meta":{"footnotes":""},"categories":[1359],"tags":[1083,58,59,1011,27,973,2395],"class_list":{"0":"post-295170","1":"post","2":"type-post","3":"status-publish","4":"format-standard","5":"has-post-thumbnail","7":"category-people","8":"tag-cyril-hanouna","9":"tag-divertissement","10":"tag-entertainment","11":"tag-fr","12":"tag-france","13":"tag-people","14":"tag-w9"},"share_on_mastodon":{"url":"https:\/\/pubeurope.com\/@fr\/114969182596807438","error":""},"_links":{"self":[{"href":"https:\/\/www.europesays.com\/fr\/wp-json\/wp\/v2\/posts\/295170","targetHints":{"allow":["GET"]}}],"collection":[{"href":"https:\/\/www.europesays.com\/fr\/wp-json\/wp\/v2\/posts"}],"about":[{"href":"https:\/\/www.europesays.com\/fr\/wp-json\/wp\/v2\/types\/post"}],"author":[{"embeddable":true,"href":"https:\/\/www.europesays.com\/fr\/wp-json\/wp\/v2\/users\/2"}],"replies":[{"embeddable":true,"href":"https:\/\/www.europesays.com\/fr\/wp-json\/wp\/v2\/comments?post=295170"}],"version-history":[{"count":0,"href":"https:\/\/www.europesays.com\/fr\/wp-json\/wp\/v2\/posts\/295170\/revisions"}],"wp:featuredmedia":[{"embeddable":true,"href":"https:\/\/www.europesays.com\/fr\/wp-json\/wp\/v2\/media\/295171"}],"wp:attachment":[{"href":"https:\/\/www.europesays.com\/fr\/wp-json\/wp\/v2\/media?parent=295170"}],"wp:term":[{"taxonomy":"category","embeddable":true,"href":"https:\/\/www.europesays.com\/fr\/wp-json\/wp\/v2\/categories?post=295170"},{"taxonomy":"post_tag","embeddable":true,"href":"https:\/\/www.europesays.com\/fr\/wp-json\/wp\/v2\/tags?post=295170"}],"curies":[{"name":"wp","href":"https:\/\/api.w.org\/{rel}","templated":true}]}}